{"id":60227,"date":"2026-04-28T16:00:22","date_gmt":"2026-04-28T15:00:22","guid":{"rendered":"https:\/\/fg.ull.es\/noticias\/?p=60227"},"modified":"2026-04-29T14:33:06","modified_gmt":"2026-04-29T13:33:06","slug":"santa-cruz-de-tenerife-vive-una-gran-jornada-con-la-feria-de-cooperativas-escolares-de-ensenar-para-emprender","status":"publish","type":"post","link":"https:\/\/fg.ull.es\/noticias\/2026\/04\/28\/santa-cruz-de-tenerife-vive-una-gran-jornada-con-la-feria-de-cooperativas-escolares-de-ensenar-para-emprender\/","title":{"rendered":"Santa Cruz de Tenerife vive una gran jornada con la Feria de Cooperativas Escolares de Ense\u00f1ar para Emprender"},"content":{"rendered":"<section class=\"wpb-content-wrapper\"><p>[vc_row][vc_column][vc_column_text]<\/p>\n<h4 data-start=\"465\" data-end=\"737\">Santa Cruz de Tenerife ha acogido este martes la Feria de Cooperativas Escolares del proyecto <a href=\"https:\/\/fg.ull.es\/empleo\/ensenar-para-emprender\/\">Ense\u00f1ar para Emprender<\/a> en la <span class=\"hover:entity-accent entity-underline inline cursor-pointer align-baseline\"><span class=\"whitespace-normal\">Alameda del Duque de Santa Elena<\/span><\/span>, consolidando su apuesta por el emprendimiento educativo y el aprendizaje pr\u00e1ctico desde edades tempranas.<\/h4>\n<p data-start=\"739\" data-end=\"1160\">La ciudad celebra esta iniciativa por tercer a\u00f1o consecutivo, reafirmando su compromiso con una educaci\u00f3n que trasciende el aula y fomenta valores como la cooperaci\u00f3n, la responsabilidad, la creatividad y el compromiso social. La feria se ha convertido en un espacio de encuentro entre la comunidad educativa y la ciudadan\u00eda, en el que el alumnado muestra el resultado del trabajo desarrollado durante meses en las aulas.<\/p>\n<p data-start=\"1162\" data-end=\"1394\">En esta edici\u00f3n han participado 21 centros educativos: 16 de Santa Cruz de Tenerife y el resto de Arico, G\u00fc\u00edmar, Candelaria y Tegueste, con un total de 59 cooperativas escolares y cerca de 800 personas entre alumnado y profesorado.<\/p>\n<p data-start=\"1396\" data-end=\"1662\">Durante la jornada, los estudiantes han expuesto y vendido los productos elaborados en sus cooperativas, destinando la recaudaci\u00f3n a proyectos sociales elegidos por cada grupo, en una experiencia real que refuerza su autonom\u00eda, confianza y capacidad de organizaci\u00f3n.<\/p>\n<p data-start=\"0\" data-end=\"626\">La inauguraci\u00f3n reuni\u00f3 a representantes institucionales, acad\u00e9micos y del \u00e1mbito empresarial. Entre las autoridades presentes figuraron el alcalde de Santa Cruz de Tenerife, <span class=\"hover:entity-accent entity-underline inline cursor-pointer align-baseline\"><span class=\"whitespace-normal\">Jos\u00e9 Manuel Berm\u00fadez<\/span><\/span>; la viceconsejera de Empleo del Gobierno de Canarias, <span class=\"hover:entity-accent entity-underline inline cursor-pointer align-baseline\"><span class=\"whitespace-normal\">Isabel Le\u00f3n<\/span><\/span>; la concejala de Atenci\u00f3n Social, Educaci\u00f3n y Juventud, <span class=\"hover:entity-accent entity-underline inline cursor-pointer align-baseline\"><span class=\"whitespace-normal\">Rosario Gonz\u00e1lez<\/span><\/span>; y la concejala del distrito Centro-Ifara, <span class=\"hover:entity-accent entity-underline inline cursor-pointer align-baseline\"><span class=\"whitespace-normal\">Purificaci\u00f3n D\u00e1vila<\/span><\/span>. Tambi\u00e9n asisti\u00f3 el director de Estrategia, Sostenibilidad y Datos de <span class=\"hover:entity-accent entity-underline inline cursor-pointer align-baseline\"><span class=\"whitespace-normal\">Cajasiete<\/span><\/span>, <span class=\"hover:entity-accent entity-underline inline cursor-pointer align-baseline\"><span class=\"whitespace-normal\">Carlos Gonz\u00e1lez<\/span><\/span>.<\/p>\n<p data-start=\"628\" data-end=\"1068\" data-is-last-node=\"\" data-is-only-node=\"\">En representaci\u00f3n de la Consejer\u00eda de Educaci\u00f3n, Formaci\u00f3n Profesional, Actividad F\u00edsica y Deportes, acudi\u00f3 la coordinadora del Proyecto EPE, <span class=\"hover:entity-accent entity-underline inline cursor-pointer align-baseline\"><span class=\"whitespace-normal\">Raquel Betancor<\/span><\/span>. Por parte de la Agencia Universitaria de Empleo, particip\u00f3 su director, <span class=\"hover:entity-accent entity-underline inline cursor-pointer align-baseline\"><span class=\"whitespace-normal\">Leopoldo Benjumea<\/span><\/span>. Asimismo, estuvo presente el director de Relaciones Institucionales de <span class=\"hover:entity-accent entity-underline inline cursor-pointer align-baseline\"><span class=\"whitespace-normal\">Loro Parque Fundaci\u00f3n<\/span><\/span>, <span class=\"hover:entity-accent entity-underline inline cursor-pointer align-baseline\"><span class=\"whitespace-normal\">Ricardo Fern\u00e1ndez de la Puente<\/span><\/span>.<\/p>\n<p data-start=\"628\" data-end=\"1068\" data-is-last-node=\"\" data-is-only-node=\"\">De la misma forma, estuvieron presentes representantes de la <span class=\"hover:entity-accent entity-underline inline cursor-pointer align-baseline\"><span class=\"whitespace-normal\">Fundaci\u00f3n CD Tenerife<\/span><\/span>, incluyendo miembros del equipo EDI; profesionales del \u00e1rea educativa de la <span class=\"hover:entity-accent entity-underline inline cursor-pointer align-baseline\"><span class=\"whitespace-normal\">Loro Parque Fundaci\u00f3n<\/span><\/span>; y representantes de <span class=\"hover:entity-accent entity-underline inline cursor-pointer align-baseline\"><span class=\"whitespace-normal\">Inserta Empleo<\/span><\/span> en Tenerife, entre ellas <span class=\"hover:entity-accent entity-underline inline cursor-pointer align-baseline\"><span class=\"whitespace-normal\">Ver\u00f3nica Fern\u00e1ndez Manrique<\/span><\/span><\/p>\n<p data-start=\"2180\" data-end=\"2472\">El alcalde, Jos\u00e9 Manuel Berm\u00fadez, destac\u00f3 que la iniciativa \u201cno solo ense\u00f1a a los j\u00f3venes a emprender, sino tambi\u00e9n a trabajar en equipo, gestionar y desarrollar proyectos de forma cooperativa\u201d, y felicit\u00f3 a las administraciones implicadas en un programa que alcanza su decimotercera edici\u00f3n.<\/p>\n<p data-start=\"2474\" data-end=\"2928\">Por su parte, la viceconsejera Isabel Le\u00f3n subray\u00f3 que este proyecto, financiado por el <span class=\"hover:entity-accent entity-underline inline cursor-pointer align-baseline\"><span class=\"whitespace-normal\">Servicio Canario de Empleo<\/span><\/span>, \u201cfomenta el trabajo en equipo y el cooperativismo, acercando al alumnado a la econom\u00eda social desde un enfoque pr\u00e1ctico y solidario\u201d. Asimismo, record\u00f3 que en las doce ediciones anteriores se han creado 766 cooperativas escolares, con la participaci\u00f3n de 14.885 estudiantes, 1.380 docentes y 407 centros educativos de Canarias.<\/p>\n<p data-start=\"2930\" data-end=\"3176\">La concejala Rosario Gonz\u00e1lez puso en valor el trabajo desarrollado en las aulas durante meses y destac\u00f3 el car\u00e1cter solidario de la iniciativa, se\u00f1alando que la recaudaci\u00f3n obtenida se destina a proyectos sociales elegidos por el propio alumnado.<\/p>\n<p data-start=\"3178\" data-end=\"3472\">En la misma l\u00ednea, Purificaci\u00f3n D\u00e1vila resalt\u00f3 la importancia de celebrar la feria en un espacio emblem\u00e1tico de la ciudad, permitiendo a la ciudadan\u00eda conocer de primera mano el talento y el esfuerzo del alumnado, as\u00ed como el valor de una educaci\u00f3n conectada con la realidad social y econ\u00f3mica.<\/p>\n<p data-start=\"3474\" data-end=\"3850\">Por otro lado, Carlos Gonz\u00e1lez, en representaci\u00f3n de Cajasiete, se\u00f1al\u00f3 que \u201ciniciativas como Ense\u00f1ar para Emprender contribuyen a formar j\u00f3venes con una visi\u00f3n pr\u00e1ctica de la econom\u00eda, fomentando valores como el esfuerzo, la cooperaci\u00f3n y la responsabilidad social\u201d, y reafirm\u00f3 el compromiso de la entidad con el desarrollo educativo y el impulso del talento joven en Canarias.<\/p>\n<p data-start=\"3852\" data-end=\"4136\">Detr\u00e1s de cada cooperativa hay meses de trabajo en el aula, en los que el alumnado, acompa\u00f1ado por el profesorado, desarrolla ideas, dise\u00f1a productos, organiza equipos y toma decisiones reales, adquiriendo competencias clave como la iniciativa, la comunicaci\u00f3n y el trabajo en equipo.<\/p>\n<p data-start=\"4138\" data-end=\"4378\">La Feria de Cooperativas Escolares se consolida as\u00ed como un espacio de encuentro entre la comunidad educativa y la ciudadan\u00eda, poniendo en valor el talento joven y el papel de Santa Cruz de Tenerife como referente en educaci\u00f3n emprendedora.<\/p>\n<p>[\/vc_column_text][\/vc_column][\/vc_row]<\/p>\n<\/section>","protected":false},"excerpt":{"rendered":"<p>[vc_row][vc_column][vc_column_text] Santa Cruz de Tenerife ha acogido este martes la Feria de Cooperativas Escolares del proyecto Ense\u00f1ar para Emprender en la Alameda del Duque de Santa Elena, consolidando su apuesta por el emprendimiento educativo y el aprendizaje pr\u00e1ctico desde edades tempranas. La ciudad celebra esta iniciativa por tercer a\u00f1o consecutivo, reafirmando su compromiso con una&#8230;<\/p>\n","protected":false},"author":10,"featured_media":60231,"comment_status":"closed","ping_status":"closed","sticky":false,"template":"","format":"standard","meta":{"footnotes":""},"categories":[38,278,1411,177,7],"tags":[444,40,1464,156],"featured_image_thumbnail_url":"https:\/\/fg.ull.es\/noticias\/wp-content\/uploads\/sites\/2\/2026\/04\/EPE-SC-1-300x200.jpg","_links":{"self":[{"href":"https:\/\/fg.ull.es\/noticias\/wp-json\/wp\/v2\/posts\/60227"}],"collection":[{"href":"https:\/\/fg.ull.es\/noticias\/wp-json\/wp\/v2\/posts"}],"about":[{"href":"https:\/\/fg.ull.es\/noticias\/wp-json\/wp\/v2\/types\/post"}],"author":[{"embeddable":true,"href":"https:\/\/fg.ull.es\/noticias\/wp-json\/wp\/v2\/users\/10"}],"replies":[{"embeddable":true,"href":"https:\/\/fg.ull.es\/noticias\/wp-json\/wp\/v2\/comments?post=60227"}],"version-history":[{"count":8,"href":"https:\/\/fg.ull.es\/noticias\/wp-json\/wp\/v2\/posts\/60227\/revisions"}],"predecessor-version":[{"id":60236,"href":"https:\/\/fg.ull.es\/noticias\/wp-json\/wp\/v2\/posts\/60227\/revisions\/60236"}],"wp:featuredmedia":[{"embeddable":true,"href":"https:\/\/fg.ull.es\/noticias\/wp-json\/wp\/v2\/media\/60231"}],"wp:attachment":[{"href":"https:\/\/fg.ull.es\/noticias\/wp-json\/wp\/v2\/media?parent=60227"}],"wp:term":[{"taxonomy":"category","embeddable":true,"href":"https:\/\/fg.ull.es\/noticias\/wp-json\/wp\/v2\/categories?post=60227"},{"taxonomy":"post_tag","embeddable":true,"href":"https:\/\/fg.ull.es\/noticias\/wp-json\/wp\/v2\/tags?post=60227"}],"curies":[{"name":"wp","href":"https:\/\/api.w.org\/{rel}","templated":true}]}}