{"id":59974,"date":"2026-03-12T19:07:17","date_gmt":"2026-03-12T19:07:17","guid":{"rendered":"https:\/\/fg.ull.es\/noticias\/?p=59974"},"modified":"2026-03-12T19:38:46","modified_gmt":"2026-03-12T19:38:46","slug":"san-sebastian-de-la-gomera-acoge-la-segunda-edicion-de-la-feria-de-cooperativas-escolares-del-proyecto-ensenar-para-emprender","status":"publish","type":"post","link":"https:\/\/fg.ull.es\/noticias\/2026\/03\/12\/san-sebastian-de-la-gomera-acoge-la-segunda-edicion-de-la-feria-de-cooperativas-escolares-del-proyecto-ensenar-para-emprender\/","title":{"rendered":"San Sebasti\u00e1n de La Gomera acoge la segunda edici\u00f3n de la Feria de Cooperativas Escolares del proyecto \u201cEnse\u00f1ar para Emprender\u201d"},"content":{"rendered":"<section class=\"wpb-content-wrapper\"><p>[vc_row][vc_column][vc_column_text]<\/p>\n<h4><span style=\"font-weight: 400\">El Ayuntamiento de San Sebasti\u00e1n de La Gomera ha acogido hoy,\u00a0 el acto oficial de entrega del permiso de ventas al alumnado del CEPA La Gomera.<\/span><\/h4>\n<p>La alcaldesa de San Sebasti\u00e1n de La Gomera,<strong> Ang\u00e9lica Padilla<\/strong>, junto al concejal de Educaci\u00f3n, <strong>\u00d3scar Libertad<\/strong>, han hecho entrega del permiso que permitir\u00e1 al alumnado participar en la XIII Feria de Cooperativas Escolares, donde podr\u00e1n vender los productos y servicios elaborados durante el curso escolar 2025\/2026.<\/p>\n<p><span style=\"font-weight: 400\">El acto tuvo lugar en el Sal\u00f3n de Plenos del Ayuntamiento, donde el alumnado del programa NEAE +21 del CEPA La Gomera present\u00f3 su iniciativa empresarial \u201cCooperativa La Gomera +21\u201d, creada dentro del proyecto educativo para trabajar competencias relacionadas con el emprendimiento, la cooperaci\u00f3n y la gesti\u00f3n de iniciativas econ\u00f3micas.<\/span><\/p>\n<p><span style=\"font-weight: 400\">En esta XIII Edici\u00f3n, ser\u00e1 la segunda ocasi\u00f3n en la que la Feria de Cooperativas Escolares se desarrolla en La Gomera, consolidando la participaci\u00f3n del tejido educativo y de las administraciones locales en este proyecto formativo. <strong>Un acto que tendr\u00e1 lugar el 7 de mayo en el Mercado Municipal de San Sebasti\u00e1n de La Gomera, desde las 9:30 hasta las 13:30 horas<\/strong>.<\/span><\/p>\n<p><span style=\"font-weight: 400\">La Feria de Cooperativas Escolares constituye el momento culminante del proyecto, donde el alumnado pone en pr\u00e1ctica los conocimientos adquiridos durante el curso, gestionando su propia cooperativa escolar y compartiendo con la ciudadan\u00eda los productos elaborados durante el proceso formativo.<\/span><\/p>\n<p><span style=\"font-weight: 400\">La celebraci\u00f3n de este encuentro en San Sebasti\u00e1n de La Gomera refuerza el compromiso del municipio con la educaci\u00f3n, la inclusi\u00f3n y el emprendimiento, dando visibilidad al trabajo realizado por el alumnado del CEPA La Gomera y promoviendo iniciativas que impulsan la participaci\u00f3n activa de los j\u00f3venes en la vida social y econ\u00f3mica de la isla.<\/span>[\/vc_column_text][\/vc_column][\/vc_row][vc_row][vc_column][vc_empty_space height=&#8221;20px&#8221;][vc_btn title=&#8221;Ense\u00f1ar Para Emprender&#8221; color=&#8221;info&#8221; align=&#8221;center&#8221; link=&#8221;url:https%3A%2F%2Ffg.ull.es%2Fempleo%2Fensenar-para-emprender%2F|target:_blank&#8221;][\/vc_column][\/vc_row]<\/p>\n<\/section>","protected":false},"excerpt":{"rendered":"<p>[vc_row][vc_column][vc_column_text] El Ayuntamiento de San Sebasti\u00e1n de La Gomera ha acogido hoy,\u00a0 el acto oficial de entrega del permiso de ventas al alumnado del CEPA La Gomera. La alcaldesa de San Sebasti\u00e1n de La Gomera, Ang\u00e9lica Padilla, junto al concejal de Educaci\u00f3n, \u00d3scar Libertad, han hecho entrega del permiso que permitir\u00e1 al alumnado participar en&#8230;<\/p>\n","protected":false},"author":10,"featured_media":59989,"comment_status":"closed","ping_status":"closed","sticky":false,"template":"","format":"standard","meta":{"footnotes":""},"categories":[38,1411,177,7],"tags":[37,40,1464,156,223,1514],"featured_image_thumbnail_url":"https:\/\/fg.ull.es\/noticias\/wp-content\/uploads\/sites\/2\/2026\/03\/IMG_9289-300x200.jpeg","_links":{"self":[{"href":"https:\/\/fg.ull.es\/noticias\/wp-json\/wp\/v2\/posts\/59974"}],"collection":[{"href":"https:\/\/fg.ull.es\/noticias\/wp-json\/wp\/v2\/posts"}],"about":[{"href":"https:\/\/fg.ull.es\/noticias\/wp-json\/wp\/v2\/types\/post"}],"author":[{"embeddable":true,"href":"https:\/\/fg.ull.es\/noticias\/wp-json\/wp\/v2\/users\/10"}],"replies":[{"embeddable":true,"href":"https:\/\/fg.ull.es\/noticias\/wp-json\/wp\/v2\/comments?post=59974"}],"version-history":[{"count":4,"href":"https:\/\/fg.ull.es\/noticias\/wp-json\/wp\/v2\/posts\/59974\/revisions"}],"predecessor-version":[{"id":59991,"href":"https:\/\/fg.ull.es\/noticias\/wp-json\/wp\/v2\/posts\/59974\/revisions\/59991"}],"wp:featuredmedia":[{"embeddable":true,"href":"https:\/\/fg.ull.es\/noticias\/wp-json\/wp\/v2\/media\/59989"}],"wp:attachment":[{"href":"https:\/\/fg.ull.es\/noticias\/wp-json\/wp\/v2\/media?parent=59974"}],"wp:term":[{"taxonomy":"category","embeddable":true,"href":"https:\/\/fg.ull.es\/noticias\/wp-json\/wp\/v2\/categories?post=59974"},{"taxonomy":"post_tag","embeddable":true,"href":"https:\/\/fg.ull.es\/noticias\/wp-json\/wp\/v2\/tags?post=59974"}],"curies":[{"name":"wp","href":"https:\/\/api.w.org\/{rel}","templated":true}]}}