{"id":59962,"date":"2026-03-11T13:29:14","date_gmt":"2026-03-11T13:29:14","guid":{"rendered":"https:\/\/fg.ull.es\/noticias\/?p=59962"},"modified":"2026-03-11T13:29:14","modified_gmt":"2026-03-11T13:29:14","slug":"trujillo-se-convierte-en-el-epicentro-de-la-innovacion-europea-con-el-seminario-de-la-red-pidi","status":"publish","type":"post","link":"https:\/\/fg.ull.es\/noticias\/2026\/03\/11\/trujillo-se-convierte-en-el-epicentro-de-la-innovacion-europea-con-el-seminario-de-la-red-pidi\/","title":{"rendered":"Trujillo se convierte en el epicentro de la innovaci\u00f3n europea con el Seminario de la Red PIDI"},"content":{"rendered":"<p><span style=\"font-weight: 400\">La Red de Puntos de Informaci\u00f3n de I+D+I (Red PIDI), coordinada por CDTI Innovaci\u00f3n, ha clausurado en Trujillo (C\u00e1ceres) su seminario t\u00e9cnico anual tras tres intensas jornadas de trabajo orientadas a fortalecer las capacidades de asesoramiento de sus entidades miembro y maximizar la participaci\u00f3n espa\u00f1ola en programas internacionales de I+D+I.<\/span><\/p>\n<p><span style=\"font-weight: 400\">El encuentro, celebrado en la Fundaci\u00f3n Xavier de Salas, reuni\u00f3 a representantes de organizaciones de apoyo a la innovaci\u00f3n de toda Espa\u00f1a con el objetivo de coordinar estrategias, intercambiar buenas pr\u00e1cticas y dinamizar los grupos de trabajo de la red.<\/span><\/p>\n<p><span style=\"font-weight: 400\">Durante la jornada inaugural del 9 de marzo, las sesiones se centraron en la situaci\u00f3n de los grupos de trabajo encargados de dinamizar la Red, revisando entregables, herramientas comunes y calendarios de actuaci\u00f3n para mejorar los servicios de informaci\u00f3n dirigidos a empresas y personas emprendedoras.<\/span><\/p>\n<p><span style=\"font-weight: 400\">Las sesiones t\u00e9cnicas del 10 de marzo profundizaron en el ciclo completo de participaci\u00f3n en proyectos europeos: identificaci\u00f3n de tem\u00e1ticas estrat\u00e9gicas, formaci\u00f3n de consorcios internacionales, dise\u00f1o del impacto cient\u00edfico, tecnol\u00f3gico y socioecon\u00f3mico, y preparaci\u00f3n e implementaci\u00f3n de propuestas competitivas.<img decoding=\"async\" loading=\"lazy\" class=\"size-medium wp-image-59963 alignright\" src=\"https:\/\/fg.ull.es\/noticias\/wp-content\/uploads\/sites\/2\/2026\/03\/IMG_20260309_164532-300x225.jpg\" alt=\"\" width=\"300\" height=\"225\" srcset=\"https:\/\/fg.ull.es\/noticias\/wp-content\/uploads\/sites\/2\/2026\/03\/IMG_20260309_164532-300x225.jpg 300w, https:\/\/fg.ull.es\/noticias\/wp-content\/uploads\/sites\/2\/2026\/03\/IMG_20260309_164532-1024x768.jpg 1024w, https:\/\/fg.ull.es\/noticias\/wp-content\/uploads\/sites\/2\/2026\/03\/IMG_20260309_164532-768x576.jpg 768w, https:\/\/fg.ull.es\/noticias\/wp-content\/uploads\/sites\/2\/2026\/03\/IMG_20260309_164532-1536x1152.jpg 1536w, https:\/\/fg.ull.es\/noticias\/wp-content\/uploads\/sites\/2\/2026\/03\/IMG_20260309_164532-2048x1536.jpg 2048w, https:\/\/fg.ull.es\/noticias\/wp-content\/uploads\/sites\/2\/2026\/03\/IMG_20260309_164532-375x281.jpg 375w, https:\/\/fg.ull.es\/noticias\/wp-content\/uploads\/sites\/2\/2026\/03\/IMG_20260309_164532-750x563.jpg 750w, https:\/\/fg.ull.es\/noticias\/wp-content\/uploads\/sites\/2\/2026\/03\/IMG_20260309_164532-1140x855.jpg 1140w, https:\/\/fg.ull.es\/noticias\/wp-content\/uploads\/sites\/2\/2026\/03\/IMG_20260309_164532-108x81.jpg 108w\" sizes=\"(max-width: 300px) 100vw, 300px\" \/><\/span><\/p>\n<p><span style=\"font-weight: 400\">Adem\u00e1s de su dimensi\u00f3n t\u00e9cnica, el encuentro sirvi\u00f3 como un espacio de networking esencial para reforzar la cooperaci\u00f3n entre entidades, alineado con el objetivo com\u00fan de que ning\u00fan proyecto innovador se quede sin apoyo especializado.<\/span><\/p>\n<p><span style=\"font-weight: 400\">Canarias ha contado con una destacada representaci\u00f3n institucional a trav\u00e9s de la Fundaci\u00f3n General de la Universidad de La Laguna (FGULL), entidad integrante de la Red CIDE. En el seminario particip\u00f3 Carlos Vel\u00e1zquez, t\u00e9cnico de la Red CIDE en la FGULL, quien form\u00f3 parte activa de las sesiones t\u00e9cnicas y de los grupos de trabajo colaborativos. La delegaci\u00f3n canaria se complet\u00f3 con la participaci\u00f3n de otras entidades del ecosistema regional que tambi\u00e9n forman parte de la Red PIDI y de la Red CIDE, como FEMEPA, FEMETE, el Cl\u00faster Canario de Excelencia Tecnol\u00f3gica y el Cl\u00faster Mar\u00edtimo de Canarias, reforzando una presencia coordinada del archipi\u00e9lago en los espacios nacionales de referencia en innovaci\u00f3n.<\/span><\/p>\n<h3><b>Horizonte Europa<\/b><\/h3>\n<p><span style=\"font-weight: 400\">El motivo principal y eje vertebrador de este seminario ha sido Horizonte Europa (2021-2027), el Programa Marco de Investigaci\u00f3n e Innovaci\u00f3n de la Uni\u00f3n Europea. Este programa, que cuenta con un presupuesto de 95.517 millones de euros, representa la mayor fuente de financiaci\u00f3n competitiva para la I+D+I en Europa y es un pilar fundamental para la competitividad industrial y la excelencia cient\u00edfica del continente.<\/span><\/p>\n<p><span style=\"font-weight: 400\">Espa\u00f1a se ha consolidado como una potencia dentro de este programa, situ\u00e1ndose actualmente como el tercer pa\u00eds por volumen de subvenci\u00f3n obtenida (4.508 M\u20ac), con una tasa de retorno del 11,4% en la UE-27. Adem\u00e1s, nuestro pa\u00eds lidera el ranking europeo en cuanto a proyectos coordinados, con un 15,8% del total, lo que demuestra la madurez y capacidad de liderazgo de las entidades espa\u00f1olas.<\/span><\/p>\n<p><span style=\"font-weight: 400\">Estructura y Objetivos Horizonte Europa se articula en torno a tres pilares principales dise\u00f1ados para cubrir todo el ciclo de la innovaci\u00f3n:<\/span><\/p>\n<ul>\n<li style=\"font-weight: 400\"><span style=\"font-weight: 400\">Pilar 1 &#8211; Ciencia Excelente: Enfocado en reforzar la base cient\u00edfica de la UE a trav\u00e9s del Consejo Europeo de Investigaci\u00f3n (ERC) y las Acciones Marie Sk\u0142odowska-Curie.<\/span><\/li>\n<li style=\"font-weight: 400\"><span style=\"font-weight: 400\">Pilar 2 &#8211; Desaf\u00edos Globales y Competitividad Industrial Europea: El de mayor peso presupuestario (53.516 M\u20ac), organizado en seis cl\u00fasteres tem\u00e1ticos como Salud, Mundo Digital, Industria y Espacio, o Clima, Energ\u00eda y Movilidad. Espa\u00f1a destaca especialmente en este pilar, que representa el 68,6% del retorno nacional.<\/span><\/li>\n<li style=\"font-weight: 400\"><span style=\"font-weight: 400\">Pilar 3 &#8211; Europa Innovadora: Destinado a estimular innovaciones de vanguardia y creadoras de mercado a trav\u00e9s del Consejo Europeo de Innovaci\u00f3n (EIC).<\/span><\/li>\n<\/ul>\n<p><span style=\"font-weight: 400\">El programa introduce adem\u00e1s novedades estrat\u00e9gicas como las Misiones, carteras de acciones orientadas a lograr objetivos ambiciosos y medibles en \u00e1reas clave como el c\u00e1ncer, la adaptaci\u00f3n al cambio clim\u00e1tico o las ciudades inteligentes para el a\u00f1o 2030. Con la vista puesta en el futuro, el seminario de Trujillo tambi\u00e9n ha comenzado a esbozar las l\u00edneas maestras de lo que ser\u00e1 el pr\u00f3ximo Programa Marco (2028-2034).<\/span><\/p>\n<p><span style=\"font-weight: 400\">En este contexto, la Fundaci\u00f3n General de la Universidad de La Laguna particip\u00f3 activamente en los grupos de trabajo y actividades colaborativas junto a otros profesionales canarios de la Red CIDE que tambi\u00e9n forman parte de la Red PIDI, reforzando as\u00ed la visibilidad y la presencia del ecosistema de innovaci\u00f3n de Canarias en un espacio nacional de referencia.<\/span><\/p>\n<p><span style=\"font-weight: 400\"><img decoding=\"async\" loading=\"lazy\" class=\"size-medium wp-image-59968 alignleft\" src=\"https:\/\/fg.ull.es\/noticias\/wp-content\/uploads\/sites\/2\/2026\/03\/IMG-20260311-WA0000-300x225.jpg\" alt=\"\" width=\"300\" height=\"225\" srcset=\"https:\/\/fg.ull.es\/noticias\/wp-content\/uploads\/sites\/2\/2026\/03\/IMG-20260311-WA0000-300x225.jpg 300w, https:\/\/fg.ull.es\/noticias\/wp-content\/uploads\/sites\/2\/2026\/03\/IMG-20260311-WA0000-1024x768.jpg 1024w, https:\/\/fg.ull.es\/noticias\/wp-content\/uploads\/sites\/2\/2026\/03\/IMG-20260311-WA0000-768x576.jpg 768w, https:\/\/fg.ull.es\/noticias\/wp-content\/uploads\/sites\/2\/2026\/03\/IMG-20260311-WA0000-1536x1152.jpg 1536w, https:\/\/fg.ull.es\/noticias\/wp-content\/uploads\/sites\/2\/2026\/03\/IMG-20260311-WA0000-375x281.jpg 375w, https:\/\/fg.ull.es\/noticias\/wp-content\/uploads\/sites\/2\/2026\/03\/IMG-20260311-WA0000-750x563.jpg 750w, https:\/\/fg.ull.es\/noticias\/wp-content\/uploads\/sites\/2\/2026\/03\/IMG-20260311-WA0000-1140x855.jpg 1140w, https:\/\/fg.ull.es\/noticias\/wp-content\/uploads\/sites\/2\/2026\/03\/IMG-20260311-WA0000-108x81.jpg 108w, https:\/\/fg.ull.es\/noticias\/wp-content\/uploads\/sites\/2\/2026\/03\/IMG-20260311-WA0000.jpg 1600w\" sizes=\"(max-width: 300px) 100vw, 300px\" \/>El seminario, organizado por el <\/span><b>Centro para el Desarrollo Tecnol\u00f3gico y la Innovaci\u00f3n (CDTI)<\/b><span style=\"font-weight: 400\">, marc\u00f3 el inicio de una nueva etapa para la Red PIDI. Durante las sesiones se aprob\u00f3 el documento \u201c<\/span><b>Antecedentes y Contexto<\/b><span style=\"font-weight: 400\">\u201d, que recoge los principales desaf\u00edos identificados en el di\u00e1logo CDTI\u2013Entidades PIDI de julio de 2025: la necesidad de acercar la I+D+I a las pymes, ampliar el per\u00edmetro de la innovaci\u00f3n, compartir buenas pr\u00e1cticas y dinamizar la colaboraci\u00f3n entre entidades del ecosistema.<\/span><\/p>\n<p><span style=\"font-weight: 400\">A partir de este marco, se lanz\u00f3 oficialmente la nueva fase de grupos de trabajo de la Red PIDI, en la que las entidades participantes comenzaron a definir objetivos comunes, metodolog\u00edas de coordinaci\u00f3n, prioridades de acci\u00f3n y primeros hitos de trabajo. Este proceso colaborativo constituye un paso esencial para movilizar recursos, mejorar la capilaridad de la red y reforzar su impacto en el territorio.<\/span><\/p>\n<p><span style=\"font-weight: 400\">El programa del seminario incluy\u00f3 adem\u00e1s un taller especializado sobre <\/span><b>Compra P\u00fablica de innovaci\u00f3n (CPI)<\/b><span style=\"font-weight: 400\"> impartido por el CDTI, centrado en c\u00f3mo identificar retos de alto impacto y activar procesos de CPI desde la propia Red PIDI. La formaci\u00f3n abord\u00f3 el papel estrat\u00e9gico de las entidades PIDI para conectar necesidades p\u00fablicas con soluciones tecnol\u00f3gicas generadas por empresas, universidades y centros de investigaci\u00f3n.<\/span><\/p>\n<p><span style=\"font-weight: 400\">La participaci\u00f3n de Canarias en el foro cont\u00f3 tambi\u00e9n con un espacio destacado gracias al <\/span><b>stand de la Agencia Canaria de Investigaci\u00f3n, Innovaci\u00f3n y Sociedad de la Informaci\u00f3n (ACIISI)<\/b><span style=\"font-weight: 400\"> en la feria de Compra P\u00fablica Innovadora. Este punto de encuentro permiti\u00f3 visibilizar proyectos estrat\u00e9gicos, programas regionales y servicios de apoyo a la I+D+I, favoreciendo el intercambio con agentes p\u00fablicos, investigadores y empresas. La fotograf\u00eda del stand, que tambi\u00e9n se incorporar\u00e1 a esta noticia, refleja la implicaci\u00f3n de la ACIISI en el impulso de la innovaci\u00f3n y la transferencia de conocimiento en las islas.<\/span><\/p>\n<p><span style=\"font-weight: 400\">La <\/span><a href=\"https:\/\/www.redcide.es\/\"><span style=\"font-weight: 400\">Red CIDE<\/span><\/a><span style=\"font-weight: 400\"> es una iniciativa de la Consejer\u00eda de Universidades, Ciencia e Innovaci\u00f3n y Cultura del Gobierno de Canarias, impulsada a trav\u00e9s de la <\/span><a href=\"https:\/\/www.gobiernodecanarias.org\/conocimiento\/\"><span style=\"font-weight: 400\">Agencia Canaria de Investigaci\u00f3n, Innovaci\u00f3n y Sociedad de la Informaci\u00f3n (ACIISI)<\/span><\/a><span style=\"font-weight: 400\">,\u00a0 y cofinanciada por el <\/span><a href=\"https:\/\/ec.europa.eu\/regional_policy\/funding\/erdf_en?etrans=es\"><span style=\"font-weight: 400\">Fondo Europeo de Desarrollo Regional<\/span><\/a><span style=\"font-weight: 400\">, con una tasa de cofinanciaci\u00f3n del 85% en el marco del <\/span><a href=\"https:\/\/www.gobiernodecanarias.org\/fondoseuropeos\/temas\/fondos_estructurales_y_de_inversion\/feder\/\"><span style=\"font-weight: 400\">Programa Operativo FEDER Canarias 2021-2027<\/span><\/a><\/p>\n<p><span style=\"font-weight: 400\">La <\/span><a href=\"https:\/\/www.redpidi.es\/\"><span style=\"font-weight: 400\">Red PIDI<\/span><\/a><span style=\"font-weight: 400\"> es una red de puntos de informaci\u00f3n en Espa\u00f1a que ofrece asesoramiento gratuito a empresas y emprendedores sobre c\u00f3mo obtener financiaci\u00f3n p\u00fablica para sus proyectos de Investigaci\u00f3n, Desarrollo e Innovaci\u00f3n (I+D+I). Coordinada por el CDTI, esta red cuenta con entidades adheridas como centros tecnol\u00f3gicos, c\u00e1maras de comercio y asociaciones empresariales que ayudan a encontrar las ayudas p\u00fablicas m\u00e1s adecuadas, desde convocatorias locales hasta internacionales.<\/span><\/p>\n","protected":false},"excerpt":{"rendered":"<p>La Red de Puntos de Informaci\u00f3n de I+D+I (Red PIDI), coordinada por CDTI Innovaci\u00f3n, ha clausurado en Trujillo (C\u00e1ceres) su seminario t\u00e9cnico anual tras tres intensas jornadas de trabajo orientadas a fortalecer las capacidades de asesoramiento de sus entidades miembro y maximizar la participaci\u00f3n espa\u00f1ola en programas internacionales de I+D+I. El encuentro, celebrado en la&#8230;<\/p>\n","protected":false},"author":50,"featured_media":59966,"comment_status":"closed","ping_status":"closed","sticky":false,"template":"","format":"standard","meta":{"footnotes":""},"categories":[10,7],"tags":[199],"featured_image_thumbnail_url":"https:\/\/fg.ull.es\/noticias\/wp-content\/uploads\/sites\/2\/2026\/03\/IMG-20260310-WA0013l-1-300x181.jpg","_links":{"self":[{"href":"https:\/\/fg.ull.es\/noticias\/wp-json\/wp\/v2\/posts\/59962"}],"collection":[{"href":"https:\/\/fg.ull.es\/noticias\/wp-json\/wp\/v2\/posts"}],"about":[{"href":"https:\/\/fg.ull.es\/noticias\/wp-json\/wp\/v2\/types\/post"}],"author":[{"embeddable":true,"href":"https:\/\/fg.ull.es\/noticias\/wp-json\/wp\/v2\/users\/50"}],"replies":[{"embeddable":true,"href":"https:\/\/fg.ull.es\/noticias\/wp-json\/wp\/v2\/comments?post=59962"}],"version-history":[{"count":2,"href":"https:\/\/fg.ull.es\/noticias\/wp-json\/wp\/v2\/posts\/59962\/revisions"}],"predecessor-version":[{"id":59969,"href":"https:\/\/fg.ull.es\/noticias\/wp-json\/wp\/v2\/posts\/59962\/revisions\/59969"}],"wp:featuredmedia":[{"embeddable":true,"href":"https:\/\/fg.ull.es\/noticias\/wp-json\/wp\/v2\/media\/59966"}],"wp:attachment":[{"href":"https:\/\/fg.ull.es\/noticias\/wp-json\/wp\/v2\/media?parent=59962"}],"wp:term":[{"taxonomy":"category","embeddable":true,"href":"https:\/\/fg.ull.es\/noticias\/wp-json\/wp\/v2\/categories?post=59962"},{"taxonomy":"post_tag","embeddable":true,"href":"https:\/\/fg.ull.es\/noticias\/wp-json\/wp\/v2\/tags?post=59962"}],"curies":[{"name":"wp","href":"https:\/\/api.w.org\/{rel}","templated":true}]}}