{"id":59554,"date":"2026-01-22T14:22:12","date_gmt":"2026-01-22T14:22:12","guid":{"rendered":"https:\/\/fg.ull.es\/noticias\/?p=59554"},"modified":"2026-01-22T14:22:12","modified_gmt":"2026-01-22T14:22:12","slug":"resolucion-provisional-de-solicitudes-admitidas-y-no-admitidas-al-procedimiento-de-becas-universitas-prolingua-para-el-alumnado-del-servicio-de-idiomas-de-la-universidad-de-la-laguna-matriculado-du-10","status":"publish","type":"post","link":"https:\/\/fg.ull.es\/noticias\/2026\/01\/22\/resolucion-provisional-de-solicitudes-admitidas-y-no-admitidas-al-procedimiento-de-becas-universitas-prolingua-para-el-alumnado-del-servicio-de-idiomas-de-la-universidad-de-la-laguna-matriculado-du-10\/","title":{"rendered":"Resoluci\u00f3n provisional de solicitudes admitidas y no admitidas al procedimiento de Becas Universitas Prolingua para el alumnado del Servicio de Idiomas de la Universidad de La Laguna matriculado durante el primer cuatrimestre del curso acad\u00e9mico 2025\/2026"},"content":{"rendered":"<p><span style=\"font-weight: 400\">Analizadas las solicitudes presentadas y verificado el cumplimiento de los requisitos de participaci\u00f3n establecidos en la convocatoria se publican los listados provisionales de solicitudes admitidas y no admitidas al procedimiento:\u00a0<\/span><\/p>\n<ul>\n<li style=\"font-weight: 400\"><span style=\"font-weight: 400\"><a href=\"https:\/\/drive.google.com\/file\/d\/1UKoCH-ZdEOVPIlSKfrFeejSIotJpgpW3\/view?usp=sharing\" target=\"_blank\" rel=\"noopener\">Listado provisional<\/a> (Figurar en este listado no significa tener concedida la beca)<\/span><\/li>\n<\/ul>\n<p><span style=\"font-weight: 400\">Las personas excluidas dispondr\u00e1n de un plazo de 5 d\u00edas h\u00e1biles, que finaliza el<\/span><b> 29 de enero a las 23:59 horas<\/b><span style=\"font-weight: 400\">, para subsanar los defectos advertidos o para formular alegaciones si consideran indebida la exclusi\u00f3n.\u00a0<\/span><\/p>\n<p><span style=\"font-weight: 400\">\u00c9stas se har\u00e1n, de forma exclusiva por correo electr\u00f3nico, enviando el documento de alegaciones, junto con la documentaci\u00f3n, a formacion@fg.ull.es<\/span><\/p>\n<ul>\n<li style=\"font-weight: 400\"><span style=\"font-weight: 400\">Documento de alegaciones (<a href=\"https:\/\/docs.google.com\/document\/d\/19GHrQkGkEd_QJ349yA1-eCtC96EzYZkY\/edit?usp=sharing&amp;ouid=113179592562885752431&amp;rtpof=true&amp;sd=true\" target=\"_blank\" rel=\"noopener\">DOC<\/a>, <a href=\"https:\/\/drive.google.com\/file\/d\/1kuSqQMwiNqQbLqAcYUkIfZNbCetrU4_q\/view?usp=sharing\" target=\"_blank\" rel=\"noopener\">PDF<\/a>, <a href=\"https:\/\/drive.google.com\/file\/d\/1vUO8X21jUY0pknZit_ytwTB-A5J4IZVu\/view?usp=sharing\" target=\"_blank\" rel=\"noopener\">ODT<\/a>)<\/span><\/li>\n<\/ul>\n<p><span style=\"font-weight: 400\">Finalizado dicho plazo y resueltas las alegaciones presentadas se proceder\u00e1 a publicar los listados definitivos de admisiones y exclusiones, y los listados provisionales de adjudicaciones de becas.<\/span><\/p>\n<p><span style=\"font-weight: 400\">Para la valoraci\u00f3n de todas y cada una de las solicitudes se ha tomado como fundamento lo especificado en las <a href=\"https:\/\/drive.google.com\/file\/d\/1iTkpiGH4Stj_V4v5jgNc37qc6rbikxOC\/view?usp=sharing\" target=\"_blank\" rel=\"noopener\">bases de la convocatoria<\/a>. <\/span><\/p>\n","protected":false},"excerpt":{"rendered":"<p>Analizadas las solicitudes presentadas y verificado el cumplimiento de los requisitos de participaci\u00f3n establecidos en la convocatoria se publican los listados provisionales de solicitudes admitidas y no admitidas al procedimiento:\u00a0 Listado provisional (Figurar en este listado no significa tener concedida la beca) Las personas excluidas dispondr\u00e1n de un plazo de 5 d\u00edas h\u00e1biles, que finaliza&#8230;<\/p>\n","protected":false},"author":72,"featured_media":0,"comment_status":"closed","ping_status":"closed","sticky":false,"template":"","format":"standard","meta":{"footnotes":""},"categories":[1404,1311,6,232],"tags":[],"featured_image_thumbnail_url":null,"_links":{"self":[{"href":"https:\/\/fg.ull.es\/noticias\/wp-json\/wp\/v2\/posts\/59554"}],"collection":[{"href":"https:\/\/fg.ull.es\/noticias\/wp-json\/wp\/v2\/posts"}],"about":[{"href":"https:\/\/fg.ull.es\/noticias\/wp-json\/wp\/v2\/types\/post"}],"author":[{"embeddable":true,"href":"https:\/\/fg.ull.es\/noticias\/wp-json\/wp\/v2\/users\/72"}],"replies":[{"embeddable":true,"href":"https:\/\/fg.ull.es\/noticias\/wp-json\/wp\/v2\/comments?post=59554"}],"version-history":[{"count":1,"href":"https:\/\/fg.ull.es\/noticias\/wp-json\/wp\/v2\/posts\/59554\/revisions"}],"predecessor-version":[{"id":59555,"href":"https:\/\/fg.ull.es\/noticias\/wp-json\/wp\/v2\/posts\/59554\/revisions\/59555"}],"wp:attachment":[{"href":"https:\/\/fg.ull.es\/noticias\/wp-json\/wp\/v2\/media?parent=59554"}],"wp:term":[{"taxonomy":"category","embeddable":true,"href":"https:\/\/fg.ull.es\/noticias\/wp-json\/wp\/v2\/categories?post=59554"},{"taxonomy":"post_tag","embeddable":true,"href":"https:\/\/fg.ull.es\/noticias\/wp-json\/wp\/v2\/tags?post=59554"}],"curies":[{"name":"wp","href":"https:\/\/api.w.org\/{rel}","templated":true}]}}