{"id":59495,"date":"2026-01-12T10:55:26","date_gmt":"2026-01-12T10:55:26","guid":{"rendered":"https:\/\/fg.ull.es\/noticias\/?p=59495"},"modified":"2026-01-12T12:39:06","modified_gmt":"2026-01-12T12:39:06","slug":"prototipando-para-emprender-impulsa-la-validacion-de-ideas-de-negocio-innovadoras-en-canarias","status":"publish","type":"post","link":"https:\/\/fg.ull.es\/noticias\/2026\/01\/12\/prototipando-para-emprender-impulsa-la-validacion-de-ideas-de-negocio-innovadoras-en-canarias\/","title":{"rendered":"Prototipando para Emprender impulsa la validaci\u00f3n de ideas de negocio innovadoras en Canarias"},"content":{"rendered":"<section class=\"wpb-content-wrapper\"><p>[vc_row][vc_column][vc_column_text]<\/p>\n<h4 data-start=\"327\" data-end=\"678\">La <strong data-start=\"330\" data-end=\"390\">Fundaci\u00f3n General de la Universidad de La Laguna presenta la segunda edici\u00f3n<\/strong>\u00a0del programa <a href=\"https:\/\/coecanarias.es\/prototipando-para-emprender\/\"><strong data-start=\"415\" data-end=\"446\">Prototipando para Emprender<\/strong><\/a>, una iniciativa orientada a personas con inquietud emprendedora que desean transformar una idea en un proyecto empresarial viable mediante procesos de prototipado, experimentaci\u00f3n y testeo previo a la creaci\u00f3n formal de la empresa.<\/h4>\n<p data-start=\"680\" data-end=\"1023\">El programa, impulsado por el Servicio Canario de Empleo, a trav\u00e9s del\u00a0<strong data-start=\"769\" data-end=\"786\">COE Canarias<\/strong>, ofrece un entorno formativo y pr\u00e1ctico en el que las personas participantes pueden desarrollar su idea de negocio con el acompa\u00f1amiento de profesionales especializados, reduciendo riesgos y fortaleciendo la viabilidad de los proyectos.<\/p>\n<p data-start=\"1025\" data-end=\"1477\">A lo largo del itinerario, las personas participantes reciben formaci\u00f3n en <strong data-start=\"1100\" data-end=\"1171\">metodolog\u00edas innovadoras como Design Thinking y Customer Experience<\/strong>, as\u00ed como contenidos clave relacionados con la investigaci\u00f3n de mercado, modelos de negocio, identidad visual, marketing, planificaci\u00f3n empresarial y viabilidad econ\u00f3mica. Todo ello se complementa con mentor\u00edas personalizadas y din\u00e1micas pr\u00e1cticas orientadas a la validaci\u00f3n real de productos y servicios.<\/p>\n<p data-start=\"1479\" data-end=\"1771\"><strong>\u201cPrototipando para Emprender\u201d<\/strong> funciona como un <strong data-start=\"1526\" data-end=\"1550\">laboratorio de ideas<\/strong>, donde se fomenta el aprendizaje aplicado y la experimentaci\u00f3n, facilitando adem\u00e1s el acceso a <strong data-start=\"1646\" data-end=\"1682\">recursos econ\u00f3micos y materiales<\/strong> que permiten desarrollar prototipos y poner a prueba las propuestas en un contexto real.<\/p>\n<p data-start=\"1773\" data-end=\"2110\">El programa est\u00e1 dirigido a <strong data-start=\"1801\" data-end=\"1863\">personas mayores de 18 a\u00f1os con una idea de negocio propia<\/strong>, interesadas en emprender de forma innovadora y responsable, y que deseen comprobar la viabilidad de su proyecto antes de iniciar la actividad empresarial. Las acciones formativas se desarrollan de forma presencial en <strong data-start=\"2082\" data-end=\"2109\">Tenerife y Gran Canaria<\/strong>.<\/p>\n<p data-start=\"2112\" data-end=\"2349\">Con esta iniciativa, la FGULL refuerza su compromiso con el <strong data-start=\"2172\" data-end=\"2252\">fomento del emprendimiento, la innovaci\u00f3n y la transferencia de conocimiento<\/strong>, apoyando el desarrollo de proyectos que contribuyan al progreso econ\u00f3mico y social de Canarias.<\/p>\n<p>[\/vc_column_text][\/vc_column][\/vc_row][vc_row][vc_column][vc_empty_space][vc_btn title=&#8221;Prototipando Para Emprender&#8221; style=&#8221;outline&#8221; color=&#8221;violet&#8221; align=&#8221;center&#8221; link=&#8221;url:https%3A%2F%2Fcoecanarias.es%2Fprototipando-para-emprender%2F&#8221;][\/vc_column][\/vc_row]<\/p>\n<\/section>","protected":false},"excerpt":{"rendered":"<p>[vc_row][vc_column][vc_column_text] La Fundaci\u00f3n General de la Universidad de La Laguna presenta la segunda edici\u00f3n\u00a0del programa Prototipando para Emprender, una iniciativa orientada a personas con inquietud emprendedora que desean transformar una idea en un proyecto empresarial viable mediante procesos de prototipado, experimentaci\u00f3n y testeo previo a la creaci\u00f3n formal de la empresa. El programa, impulsado por&#8230;<\/p>\n","protected":false},"author":10,"featured_media":59496,"comment_status":"closed","ping_status":"closed","sticky":false,"template":"","format":"standard","meta":{"footnotes":""},"categories":[38,177,7],"tags":[77,1533,624,1661,1662,1511,634],"featured_image_thumbnail_url":"https:\/\/fg.ull.es\/noticias\/wp-content\/uploads\/sites\/2\/2026\/01\/Pantallas-HD-QR-Prototipando-Para-Emprender-300x169.png","_links":{"self":[{"href":"https:\/\/fg.ull.es\/noticias\/wp-json\/wp\/v2\/posts\/59495"}],"collection":[{"href":"https:\/\/fg.ull.es\/noticias\/wp-json\/wp\/v2\/posts"}],"about":[{"href":"https:\/\/fg.ull.es\/noticias\/wp-json\/wp\/v2\/types\/post"}],"author":[{"embeddable":true,"href":"https:\/\/fg.ull.es\/noticias\/wp-json\/wp\/v2\/users\/10"}],"replies":[{"embeddable":true,"href":"https:\/\/fg.ull.es\/noticias\/wp-json\/wp\/v2\/comments?post=59495"}],"version-history":[{"count":4,"href":"https:\/\/fg.ull.es\/noticias\/wp-json\/wp\/v2\/posts\/59495\/revisions"}],"predecessor-version":[{"id":59500,"href":"https:\/\/fg.ull.es\/noticias\/wp-json\/wp\/v2\/posts\/59495\/revisions\/59500"}],"wp:featuredmedia":[{"embeddable":true,"href":"https:\/\/fg.ull.es\/noticias\/wp-json\/wp\/v2\/media\/59496"}],"wp:attachment":[{"href":"https:\/\/fg.ull.es\/noticias\/wp-json\/wp\/v2\/media?parent=59495"}],"wp:term":[{"taxonomy":"category","embeddable":true,"href":"https:\/\/fg.ull.es\/noticias\/wp-json\/wp\/v2\/categories?post=59495"},{"taxonomy":"post_tag","embeddable":true,"href":"https:\/\/fg.ull.es\/noticias\/wp-json\/wp\/v2\/tags?post=59495"}],"curies":[{"name":"wp","href":"https:\/\/api.w.org\/{rel}","templated":true}]}}