{"id":59411,"date":"2025-12-04T14:10:59","date_gmt":"2025-12-04T14:10:59","guid":{"rendered":"https:\/\/fg.ull.es\/noticias\/?p=59411"},"modified":"2026-02-04T13:49:37","modified_gmt":"2026-02-04T13:49:37","slug":"convocatoria-beca-formativa-perfil-diseno-2025bdb015","status":"publish","type":"post","link":"https:\/\/fg.ull.es\/noticias\/2025\/12\/04\/convocatoria-beca-formativa-perfil-diseno-2025bdb015\/","title":{"rendered":"Convocatoria beca formativa Perfil: Dise\u00f1o (2025BDB015)"},"content":{"rendered":"<section class=\"wpb-content-wrapper\"><p>[vc_row][vc_column][vc_column_text]<\/p>\n<h4>Se solicitan candidaturas para &#8220;Colaborar en trabajos y procesos de dise\u00f1o y comunicaci\u00f3n en el marco de las actividades que desarrolla el Laboratorio de Innovaci\u00f3n Social de la Universidad de La Laguna&#8221;. \u00a0(2025BDB015).<\/h4>\n<h4>El<strong> periodo de inscripci\u00f3n se inicia<\/strong> el d\u00eda 04\/12\/2025 a las 15:00 horas\u00a0 y finaliza el pr\u00f3ximo 14\/12\/2025 a las 23:59 horas.<\/h4>\n<p>Las personas interesadas en participar en el proceso de selecci\u00f3n deben presentar su candidatura desde la sede electr\u00f3nica de la Fundaci\u00f3n.<span style=\"font-weight: 400\">Para la inscripci\u00f3n es totalmente necesario el cumplimiento de los requisitos expuestos en las bases generales y perfil singular de la convocatoria que se presentan a continuaci\u00f3n:<\/span>[\/vc_column_text][vc_empty_space][\/vc_column][\/vc_row][vc_row][vc_column width=&#8221;1\/2&#8243;][vc_column_text]<\/p>\n<h4>Bases generales<\/h4>\n<p>[\/vc_column_text][\/vc_column][vc_column width=&#8221;1\/2&#8243;][vc_btn title=&#8221;Descargar Bases Generales&#8221; style=&#8221;custom&#8221; custom_background=&#8221;#5c068c&#8221; custom_text=&#8221;#ffffff&#8221; shape=&#8221;square&#8221; align=&#8221;center&#8221; i_align=&#8221;right&#8221; i_icon_fontawesome=&#8221;fas fa-file-alt&#8221; button_block=&#8221;true&#8221; add_icon=&#8221;true&#8221; link=&#8221;url:https%3A%2F%2Fdrive.google.com%2Ffile%2Fd%2F1PhPRlO0ev7mVPNu34H8u-rBWyGGAI_Gj%2Fview|target:_blank&#8221;][\/vc_column][\/vc_row][vc_row][vc_column][vc_separator][\/vc_column][\/vc_row][vc_row][vc_column width=&#8221;1\/2&#8243;][vc_column_text]<\/p>\n<h4>Perfil singular<\/h4>\n<p>[\/vc_column_text][\/vc_column][vc_column width=&#8221;1\/2&#8243;][vc_btn title=&#8221;Descargar Perfil Singular&#8221; style=&#8221;custom&#8221; custom_background=&#8221;#5c068c&#8221; custom_text=&#8221;#ffffff&#8221; shape=&#8221;square&#8221; align=&#8221;center&#8221; i_align=&#8221;right&#8221; i_icon_fontawesome=&#8221;fas fa-user-friends&#8221; button_block=&#8221;true&#8221; add_icon=&#8221;true&#8221; link=&#8221;url:https%3A%2F%2Fdrive.google.com%2Ffile%2Fd%2F1sSsMj8I9sEoVGCB8f8QoRPF_jmY-NjFG%2Fview%3Fusp%3Ddrive_link|target:_blank&#8221;][\/vc_column][\/vc_row][vc_row][vc_column][vc_separator][\/vc_column][\/vc_row][vc_row][vc_column width=&#8221;1\/2&#8243;][vc_column_text]<\/p>\n<h4>Documento de alegaciones<\/h4>\n<p>[\/vc_column_text][\/vc_column][vc_column width=&#8221;1\/2&#8243;][vc_btn title=&#8221;Descargar aqu\u00ed&#8221; style=&#8221;custom&#8221; custom_background=&#8221;#000f82&#8243; custom_text=&#8221;#ffffff&#8221; shape=&#8221;square&#8221; size=&#8221;lg&#8221; align=&#8221;center&#8221; i_align=&#8221;right&#8221; i_icon_fontawesome=&#8221;fas fa-arrow-circle-down&#8221; button_block=&#8221;true&#8221; add_icon=&#8221;true&#8221; link=&#8221;url:https%3A%2F%2Fdrive.google.com%2Fopen%3Fid%3D1XQRSS_QLBU1Z9C6XZnX-_4uTC4vvwihk|target:_blank&#8221;][\/vc_column][\/vc_row][vc_row][vc_column width=&#8221;1\/2&#8243;][vc_column_text]Inscripci\u00f3n[\/vc_column_text][\/vc_column][vc_column width=&#8221;1\/2&#8243;][vc_btn title=&#8221;Inscripci\u00f3n aqu\u00ed&#8221; style=&#8221;custom&#8221; custom_background=&#8221;#00a3a3&#8243; custom_text=&#8221;#ffffff&#8221; shape=&#8221;square&#8221; size=&#8221;lg&#8221; align=&#8221;center&#8221; i_align=&#8221;right&#8221; i_icon_fontawesome=&#8221;fas fa-arrow-circle-down&#8221; button_block=&#8221;true&#8221; add_icon=&#8221;true&#8221; link=&#8221;url:https%3A%2F%2Fsede.fg.ull.es%2Fes%2Fempleo|target:_blank&#8221;][\/vc_column][\/vc_row][vc_row][vc_column][vc_separator][\/vc_column][\/vc_row][vc_row][vc_column width=&#8221;1\/2&#8243;][vc_column_text]Documento Inscripci\u00f3n[\/vc_column_text][\/vc_column][vc_column width=&#8221;1\/2&#8243;][vc_btn title=&#8221;Documento inscripci\u00f3n&#8221; style=&#8221;custom&#8221; custom_background=&#8221;#2cbfc6&#8243; custom_text=&#8221;#ffffff&#8221; shape=&#8221;square&#8221; size=&#8221;lg&#8221; align=&#8221;center&#8221; i_align=&#8221;right&#8221; i_icon_fontawesome=&#8221;fas fa-toolbox&#8221; button_block=&#8221;true&#8221; add_icon=&#8221;true&#8221; link=&#8221;url:https%3A%2F%2Fdocs.google.com%2Fdocument%2Fd%2F1JxTq6M1jT8W28rv3GYSHjebZ9LRkDBNM%2Fedit%3Fusp%3Ddrive_link%26ouid%3D118031771877093627019%26rtpof%3Dtrue%26sd%3Dtrue&#8221;][\/vc_column][\/vc_row][vc_row][vc_column width=&#8221;1\/2&#8243;][vc_column_text]Documento Inscripci\u00f3n pdf[\/vc_column_text][\/vc_column][vc_column width=&#8221;1\/2&#8243;][vc_btn title=&#8221;Documento inscripci\u00f3n pdf&#8221; style=&#8221;custom&#8221; custom_background=&#8221;#2cbfc6&#8243; custom_text=&#8221;#ffffff&#8221; shape=&#8221;square&#8221; size=&#8221;lg&#8221; align=&#8221;center&#8221; i_align=&#8221;right&#8221; i_icon_fontawesome=&#8221;fas fa-toolbox&#8221; button_block=&#8221;true&#8221; add_icon=&#8221;true&#8221; link=&#8221;url:https%3A%2F%2Fdrive.google.com%2Ffile%2Fd%2F1XklVjAx6tEL3YxvpO-PUS035_XqQfhVv%2Fview%3Fusp%3Ddrive_link&#8221;][\/vc_column][\/vc_row][vc_row][vc_column width=&#8221;1\/2&#8243;][vc_column_text]<\/p>\n<h4>Documento Inscripci\u00f3n odt<\/h4>\n<p>[\/vc_column_text][\/vc_column][vc_column width=&#8221;1\/2&#8243;][vc_btn title=&#8221;Documento inscripci\u00f3n odt&#8221; style=&#8221;custom&#8221; custom_background=&#8221;#2cbfc6&#8243; custom_text=&#8221;#ffffff&#8221; shape=&#8221;square&#8221; size=&#8221;lg&#8221; align=&#8221;center&#8221; i_align=&#8221;right&#8221; i_icon_fontawesome=&#8221;fas fa-toolbox&#8221; button_block=&#8221;true&#8221; add_icon=&#8221;true&#8221; link=&#8221;url:https%3A%2F%2Fdrive.google.com%2Ffile%2Fd%2F145_FX-YHYeg8PJwwnufQ3Toq2P1RWX3h%2Fview%3Fusp%3Ddrive_link&#8221;][\/vc_column][\/vc_row][vc_row el_id=&#8221;Separador-doble&#8221; css=&#8221;.vc_custom_1676461663589{padding-top: 10px !important;padding-bottom: 10px !important;}&#8221;][vc_column][vc_separator color=&#8221;black&#8221; style=&#8221;double&#8221; border_width=&#8221;3&#8243; el_id=&#8221;doble-separador&#8221;][vc_empty_space][\/vc_column][\/vc_row][vc_row][vc_column][vc_message]Los listados se ir\u00e1n incluyendo a medida que se avance en el proceso de convocatoria.<\/p>\n<p><strong>Se notificar\u00e1n su disponibilidad mediante el tabl\u00f3n de anuncios<\/strong>.[\/vc_message][\/vc_column][\/vc_row][vc_row css=&#8221;.vc_custom_1676461663589{padding-top: 10px !important;padding-bottom: 10px !important;}&#8221;][vc_column][vc_separator color=&#8221;black&#8221; style=&#8221;double&#8221; border_width=&#8221;3&#8243;][\/vc_column][\/vc_row][vc_row][vc_column][vc_message message_box_color=&#8221;success&#8221;]\u00a1\u00daltima actualizaci\u00f3n! &#8211; 13:45 horas del 04 de febrero del 2026.[\/vc_message][\/vc_column][\/vc_row][vc_row css=&#8221;.vc_custom_1676461663589{padding-top: 10px !important;padding-bottom: 10px !important;}&#8221;][vc_column][vc_separator color=&#8221;black&#8221; style=&#8221;double&#8221; border_width=&#8221;3&#8243;][\/vc_column][\/vc_row][vc_row][vc_column][vc_empty_space][vc_column_text]<\/p>\n<h3 style=\"text-align: center\">Etapas de la convocatoria<\/h3>\n<p>[\/vc_column_text][vc_empty_space][vc_separator][vc_empty_space height=&#8221;15px&#8221;][\/vc_column][\/vc_row][vc_row][vc_column][vc_column_text]<\/p>\n<h3>Primer listado provisional de candidaturas admitidas\/excluidas.<\/h3>\n<h5>El periodo de reclamaci\u00f3n se inicia el d\u00eda 15\/12\/2025 a las 15:00 y finaliza el pr\u00f3ximo 18\/12\/2025 a las 23:59 horas.<\/h5>\n<p>Las alegaciones \u00fanica y exclusivamente se podr\u00e1n presentar telem\u00e1ticamente al correo electr\u00f3nico <a href=\"mailto:seleccion@fg.ull.es\">seleccion@fg.ull.es<\/a> y utilizando documento normalizado: <a href=\"https:\/\/drive.google.com\/open?id=1XQRSS_QLBU1Z9C6XZnX-_4uTC4vvwihk\" target=\"_blank\" rel=\"noopener\">documento de alegaciones<\/a>.[\/vc_column_text][\/vc_column][\/vc_row][vc_row][vc_column][vc_empty_space height=&#8221;15px&#8221;][vc_separator][vc_empty_space height=&#8221;15px&#8221;][\/vc_column][\/vc_row][vc_row][vc_column width=&#8221;1\/2&#8243;][vc_column_text]<\/p>\n<h4>Primer listado provisional (1LP)<\/h4>\n<p>[\/vc_column_text][\/vc_column][vc_column width=&#8221;1\/2&#8243;][vc_btn title=&#8221;Descargar 1LP aqu\u00ed&#8221; style=&#8221;custom&#8221; custom_background=&#8221;#5c068c&#8221; custom_text=&#8221;#ffffff&#8221; shape=&#8221;square&#8221; size=&#8221;lg&#8221; align=&#8221;center&#8221; i_align=&#8221;right&#8221; i_icon_fontawesome=&#8221;far fa-arrow-alt-circle-down&#8221; button_block=&#8221;true&#8221; add_icon=&#8221;true&#8221; link=&#8221;url:https%3A%2F%2Fdrive.google.com%2Ffile%2Fd%2F1ypL6U1KkBkWpFVMjRJzBezjZOw_CHVu_%2Fview%3Fusp%3Ddrive_link|target:_blank&#8221;][\/vc_column][\/vc_row][vc_row css=&#8221;.vc_custom_1676461663589{padding-top: 10px !important;padding-bottom: 10px !important;}&#8221;][vc_column][vc_empty_space][vc_separator color=&#8221;black&#8221; style=&#8221;double&#8221; border_width=&#8221;3&#8243;][vc_empty_space][\/vc_column][\/vc_row][vc_row][vc_column][vc_column_text]<\/p>\n<h3>Primer listado definitivo de candidaturas admitidas\/excluidas.<\/h3>\n<p>Para la valoraci\u00f3n de todas y cada una de las candidaturas se ha tomado como fundamento lo especificado en la convocatoria.[\/vc_column_text][\/vc_column][\/vc_row][vc_row][vc_column][vc_empty_space height=&#8221;15px&#8221;][vc_separator][vc_empty_space height=&#8221;15px&#8221;][\/vc_column][\/vc_row][vc_row][vc_column width=&#8221;1\/2&#8243;][vc_column_text]<\/p>\n<h4>Primer listado definitivo (1LD)<\/h4>\n<p>[\/vc_column_text][\/vc_column][vc_column width=&#8221;1\/2&#8243;][vc_btn title=&#8221;Descargar 1LD aqu\u00ed&#8221; style=&#8221;custom&#8221; custom_background=&#8221;#5c068c&#8221; custom_text=&#8221;#ffffff&#8221; shape=&#8221;square&#8221; size=&#8221;lg&#8221; align=&#8221;center&#8221; i_align=&#8221;right&#8221; i_icon_fontawesome=&#8221;far fa-arrow-alt-circle-down&#8221; button_block=&#8221;true&#8221; add_icon=&#8221;true&#8221; link=&#8221;url:https%3A%2F%2Fdrive.google.com%2Ffile%2Fd%2F13z6wWWdWf0pbhyR9cnCL4ITCg5TYPUM9%2Fview%3Fusp%3Ddrive_link|target:_blank&#8221;][\/vc_column][\/vc_row][vc_row css=&#8221;.vc_custom_1676461663589{padding-top: 10px !important;padding-bottom: 10px !important;}&#8221;][vc_column][vc_empty_space][vc_separator color=&#8221;black&#8221; style=&#8221;double&#8221; border_width=&#8221;3&#8243;][vc_empty_space][\/vc_column][\/vc_row][vc_row][vc_column][vc_column_text]<\/p>\n<h3>Segundo listado provisional de baremaci\u00f3n de la prueba pr\u00e1ctica y entrevista.<\/h3>\n<h5>El periodo de reclamaci\u00f3n se inicia el d\u00eda 28\/01\/2026 a las 15:00 y finaliza el pr\u00f3ximo 31\/01\/2026 a las 23:59 horas.<\/h5>\n<p>Las alegaciones \u00fanica y exclusivamente se podr\u00e1n presentar telem\u00e1ticamente al correo electr\u00f3nico <a href=\"mailto:seleccion@fg.ull.es\">seleccion@fg.ull.es<\/a> y utilizando el documento de alegaciones normalizado: <a href=\"https:\/\/drive.google.com\/open?id=1XQRSS_QLBU1Z9C6XZnX-_4uTC4vvwihk\" target=\"_blank\" rel=\"noopener\">documento de alegaciones<\/a>.[\/vc_column_text][\/vc_column][\/vc_row][vc_row][vc_column][vc_empty_space height=&#8221;15px&#8221;][vc_separator][vc_empty_space height=&#8221;15px&#8221;][\/vc_column][\/vc_row][vc_row][vc_column width=&#8221;1\/2&#8243;][vc_column_text]<\/p>\n<h4>Segundo listado provisional (2LP)<\/h4>\n<p>[\/vc_column_text][\/vc_column][vc_column width=&#8221;1\/2&#8243;][vc_btn title=&#8221;Descargar 2LP aqu\u00ed&#8221; style=&#8221;custom&#8221; custom_background=&#8221;rgba(92,6,140,0.85)&#8221; custom_text=&#8221;#ffffff&#8221; shape=&#8221;square&#8221; size=&#8221;lg&#8221; align=&#8221;center&#8221; i_align=&#8221;right&#8221; i_icon_fontawesome=&#8221;far fa-arrow-alt-circle-down&#8221; button_block=&#8221;true&#8221; add_icon=&#8221;true&#8221; link=&#8221;url:https%3A%2F%2Fdrive.google.com%2Ffile%2Fd%2F1_GZ-vIzf6Oye4RzmpHNSAu5O0TutwFXl%2Fview%3Fusp%3Ddrive_link|target:_blank&#8221;][\/vc_column][\/vc_row][vc_row css=&#8221;.vc_custom_1676461663589{padding-top: 10px !important;padding-bottom: 10px !important;}&#8221;][vc_column][vc_empty_space][vc_separator color=&#8221;black&#8221; style=&#8221;double&#8221; border_width=&#8221;3&#8243;][vc_empty_space][\/vc_column][\/vc_row][vc_row][vc_column][vc_column_text]<\/p>\n<h3>Segundo listado definitivo de candidaturas admitidas\/excluidas.<\/h3>\n<p>[\/vc_column_text][\/vc_column][\/vc_row][vc_row][vc_column][vc_empty_space height=&#8221;15px&#8221;][vc_separator][vc_empty_space height=&#8221;15px&#8221;][\/vc_column][\/vc_row][vc_row][vc_column width=&#8221;1\/2&#8243;][vc_column_text]<\/p>\n<h4>Segundo listado definitivo (2LD)<\/h4>\n<p>[\/vc_column_text][\/vc_column][vc_column width=&#8221;1\/2&#8243;][vc_btn title=&#8221;Descargar 2LD aqu\u00ed&#8221; style=&#8221;custom&#8221; custom_background=&#8221;rgba(92,6,140,0.85)&#8221; custom_text=&#8221;#ffffff&#8221; shape=&#8221;square&#8221; size=&#8221;lg&#8221; align=&#8221;center&#8221; i_align=&#8221;right&#8221; i_icon_fontawesome=&#8221;far fa-arrow-alt-circle-down&#8221; button_block=&#8221;true&#8221; add_icon=&#8221;true&#8221; link=&#8221;url:https%3A%2F%2Fdrive.google.com%2Ffile%2Fd%2F14FXfTl2JrhP2V0LBkY75wnNfhC7NCU57%2Fview%3Fusp%3Ddrive_link|target:_blank&#8221;][\/vc_column][\/vc_row]<\/p>\n<\/section>","protected":false},"excerpt":{"rendered":"<p>[vc_row][vc_column][vc_column_text] Se solicitan candidaturas para &#8220;Colaborar en trabajos y procesos de dise\u00f1o y comunicaci\u00f3n en el marco de las actividades que desarrolla el Laboratorio de Innovaci\u00f3n Social de la Universidad de La Laguna&#8221;. \u00a0(2025BDB015). El periodo de inscripci\u00f3n se inicia el d\u00eda 04\/12\/2025 a las 15:00 horas\u00a0 y finaliza el pr\u00f3ximo 14\/12\/2025 a las 23:59&#8230;<\/p>\n","protected":false},"author":48,"featured_media":0,"comment_status":"closed","ping_status":"closed","sticky":false,"template":"","format":"standard","meta":{"footnotes":""},"categories":[1397,1407,52,232],"tags":[],"featured_image_thumbnail_url":null,"_links":{"self":[{"href":"https:\/\/fg.ull.es\/noticias\/wp-json\/wp\/v2\/posts\/59411"}],"collection":[{"href":"https:\/\/fg.ull.es\/noticias\/wp-json\/wp\/v2\/posts"}],"about":[{"href":"https:\/\/fg.ull.es\/noticias\/wp-json\/wp\/v2\/types\/post"}],"author":[{"embeddable":true,"href":"https:\/\/fg.ull.es\/noticias\/wp-json\/wp\/v2\/users\/48"}],"replies":[{"embeddable":true,"href":"https:\/\/fg.ull.es\/noticias\/wp-json\/wp\/v2\/comments?post=59411"}],"version-history":[{"count":11,"href":"https:\/\/fg.ull.es\/noticias\/wp-json\/wp\/v2\/posts\/59411\/revisions"}],"predecessor-version":[{"id":59422,"href":"https:\/\/fg.ull.es\/noticias\/wp-json\/wp\/v2\/posts\/59411\/revisions\/59422"}],"wp:attachment":[{"href":"https:\/\/fg.ull.es\/noticias\/wp-json\/wp\/v2\/media?parent=59411"}],"wp:term":[{"taxonomy":"category","embeddable":true,"href":"https:\/\/fg.ull.es\/noticias\/wp-json\/wp\/v2\/categories?post=59411"},{"taxonomy":"post_tag","embeddable":true,"href":"https:\/\/fg.ull.es\/noticias\/wp-json\/wp\/v2\/tags?post=59411"}],"curies":[{"name":"wp","href":"https:\/\/api.w.org\/{rel}","templated":true}]}}