{"id":59391,"date":"2025-12-02T12:26:24","date_gmt":"2025-12-02T12:26:24","guid":{"rendered":"https:\/\/fg.ull.es\/noticias\/?p=59391"},"modified":"2025-12-23T13:56:46","modified_gmt":"2025-12-23T13:56:46","slug":"el-patronato-de-la-fgull-aprueba-el-plan-de-actuacion-y-el-presupuesto-de-2026","status":"publish","type":"post","link":"https:\/\/fg.ull.es\/noticias\/2025\/12\/02\/el-patronato-de-la-fgull-aprueba-el-plan-de-actuacion-y-el-presupuesto-de-2026\/","title":{"rendered":"El Patronato de la FGULL aprueba el Plan de Actuaci\u00f3n y el Presupuesto de 2026"},"content":{"rendered":"<p><span style=\"font-weight: 400\">El principal \u00f3rgano directivo de la Fundaci\u00f3n General de la Universidad de La Laguna, su Patronato, aprob\u00f3 de manera un\u00e1nime recientemente, en sesi\u00f3n ordinaria, su Plan de Actuaci\u00f3n y Presupuesto para el a\u00f1o 2026. Esta actuaci\u00f3n establece una base para definir las actividades que se van a desarrollar el pr\u00f3ximo a\u00f1o, estructuradas en tres grandes \u00e1mbitos: Empleo y Formaci\u00f3n, Innovaci\u00f3n y Transferencia, y los encargos procedentes de la ULL.\u00a0<\/span><\/p>\n<p><span style=\"font-weight: 400\">En el \u00e1rea de Empleo y Formaci\u00f3n se encuentran acciones dirigidas a la formaci\u00f3n y mejora profesional, el refuerzo de las competencias ling\u00fc\u00edsticas, la orientaci\u00f3n e intermediaci\u00f3n laboral, y el fomento del emprendimiento. El bloque de Innovaci\u00f3n y Transferencia se desarrollan iniciativas de transferencia del conocimiento, innovaci\u00f3n empresarial, emprendimiento basado en el conocimiento, internacionalizaci\u00f3n y cooperaci\u00f3n, innovaci\u00f3n social y p\u00fablica, as\u00ed como actividades de divulgaci\u00f3n cient\u00edfica. Finalmente, en los encargos de la Universidad se agrupan diversas actuaciones internas de apoyo a la instituci\u00f3n acad\u00e9mica.<\/span><\/p>\n<p><span style=\"font-weight: 400\">Asistieron a este encuentro semipresencial el presidente del Patronato, Francisco Garc\u00eda, rector de la Universidad de La Laguna; Mar\u00eda Reyes, vicepresidenta del Consejo Social; Jos\u00e9 Manuel Garc\u00eda, vicerrector de Docencia; Rosario Hern\u00e1ndez, vicerrectora de Estudiantes; y Antonio Aparicio, vicerrector de Investigaci\u00f3n y Transferencia, todos ellos en representaci\u00f3n de la Universidad de La Laguna. Por parte de entidades p\u00fablicas estuvieron presentes Jes\u00fas Mar\u00eda Armas, consejera de Educaci\u00f3n, Formaci\u00f3n, Artesan\u00eda y Empleo del Cabildo Insular de La Palma; Badel Albelo, presidente del Organismo Aut\u00f3nomo de Deportes y concejal de Deportes y Seguridad Ciudadana; Coraima Afonso, concejal delegada de Educaci\u00f3n del Ayuntamiento de Adeje; y Juan Jos\u00e9 Mart\u00ednez, presidente del Consejo de Administraci\u00f3n del Parque Cient\u00edfico y Tecnol\u00f3gico de Tenerife.<\/span><\/p>\n","protected":false},"excerpt":{"rendered":"<p>El principal \u00f3rgano directivo de la Fundaci\u00f3n General de la Universidad de La Laguna, su Patronato, aprob\u00f3 de manera un\u00e1nime recientemente, en sesi\u00f3n ordinaria, su Plan de Actuaci\u00f3n y Presupuesto para el a\u00f1o 2026. Esta actuaci\u00f3n establece una base para definir las actividades que se van a desarrollar el pr\u00f3ximo a\u00f1o, estructuradas en tres grandes&#8230;<\/p>\n","protected":false},"author":50,"featured_media":59392,"comment_status":"closed","ping_status":"closed","sticky":false,"template":"","format":"standard","meta":{"footnotes":""},"categories":[655,7],"tags":[],"featured_image_thumbnail_url":"https:\/\/fg.ull.es\/noticias\/wp-content\/uploads\/sites\/2\/2025\/12\/DSC03273-300x200.jpg","_links":{"self":[{"href":"https:\/\/fg.ull.es\/noticias\/wp-json\/wp\/v2\/posts\/59391"}],"collection":[{"href":"https:\/\/fg.ull.es\/noticias\/wp-json\/wp\/v2\/posts"}],"about":[{"href":"https:\/\/fg.ull.es\/noticias\/wp-json\/wp\/v2\/types\/post"}],"author":[{"embeddable":true,"href":"https:\/\/fg.ull.es\/noticias\/wp-json\/wp\/v2\/users\/50"}],"replies":[{"embeddable":true,"href":"https:\/\/fg.ull.es\/noticias\/wp-json\/wp\/v2\/comments?post=59391"}],"version-history":[{"count":1,"href":"https:\/\/fg.ull.es\/noticias\/wp-json\/wp\/v2\/posts\/59391\/revisions"}],"predecessor-version":[{"id":59393,"href":"https:\/\/fg.ull.es\/noticias\/wp-json\/wp\/v2\/posts\/59391\/revisions\/59393"}],"wp:featuredmedia":[{"embeddable":true,"href":"https:\/\/fg.ull.es\/noticias\/wp-json\/wp\/v2\/media\/59392"}],"wp:attachment":[{"href":"https:\/\/fg.ull.es\/noticias\/wp-json\/wp\/v2\/media?parent=59391"}],"wp:term":[{"taxonomy":"category","embeddable":true,"href":"https:\/\/fg.ull.es\/noticias\/wp-json\/wp\/v2\/categories?post=59391"},{"taxonomy":"post_tag","embeddable":true,"href":"https:\/\/fg.ull.es\/noticias\/wp-json\/wp\/v2\/tags?post=59391"}],"curies":[{"name":"wp","href":"https:\/\/api.w.org\/{rel}","templated":true}]}}