{"id":59264,"date":"2025-11-06T13:18:24","date_gmt":"2025-11-06T13:18:24","guid":{"rendered":"https:\/\/fg.ull.es\/noticias\/?p=59264"},"modified":"2025-11-06T13:18:24","modified_gmt":"2025-11-06T13:18:24","slug":"b-x-e-juntos-mas-fuertes-celebra-diez-anos-con-43-000-personas-atendidas","status":"publish","type":"post","link":"https:\/\/fg.ull.es\/noticias\/2025\/11\/06\/b-x-e-juntos-mas-fuertes-celebra-diez-anos-con-43-000-personas-atendidas\/","title":{"rendered":"\u2018Barrios por el Empleo: Juntos m\u00e1s Fuertes&#8217; celebra diez a\u00f1os con m\u00e1s de 43.000 personas atendidas"},"content":{"rendered":"<p data-start=\"327\" data-end=\"1054\">El Auditorio de Tenerife Ad\u00e1n Mart\u00edn acogi\u00f3 ayer, mi\u00e9rcoles 5 de noviembre, el acto conmemorativo del d\u00e9cimo aniversario de <a href=\"https:\/\/bxe.es\/\">\u2018Barrios por el Empleo: Juntos m\u00e1s Fuertes\u2019<\/a>, una iniciativa coordinada por la Fundaci\u00f3n Insular para la Formaci\u00f3n, el Empleo y el Desarrollo Empresarial (Fifede) que ha cambiado la vida de miles de personas y se ha consolidado como <strong data-start=\"699\" data-end=\"734\">referente en inclusi\u00f3n y empleo<\/strong> en la isla. La cita reuni\u00f3 a m\u00e1s de <strong data-start=\"771\" data-end=\"787\">400 personas<\/strong> entre representantes institucionales, empresariales, agentes sociales y participantes del programa para celebrar sus logros, reconocer la labor de las entidades participantes y renovar el compromiso con la formaci\u00f3n, la inclusi\u00f3n y el empleo digno en Tenerife.<\/p>\n<p data-start=\"1056\" data-end=\"1464\">Desde su puesta en marcha en <strong data-start=\"1085\" data-end=\"1093\">2015<\/strong> y hasta el a\u00f1o pasado, <em data-start=\"1117\" data-end=\"1140\">Barrios por el Empleo<\/em> ha atendido a <strong data-start=\"1155\" data-end=\"1181\">m\u00e1s de 43.900 personas<\/strong> y ha facilitado la <strong data-start=\"1201\" data-end=\"1237\">inserci\u00f3n laboral de casi 10.500<\/strong>, gracias al esfuerzo conjunto de administraciones p\u00fablicas, entidades sociales y tejido empresarial. Su modelo de trabajo sit\u00faa a la persona en el centro, ofreciendo <strong data-start=\"1404\" data-end=\"1461\">orientaci\u00f3n, formaci\u00f3n y acompa\u00f1amiento personalizado<\/strong>.<\/p>\n<p data-start=\"1466\" data-end=\"2008\">El programa est\u00e1 coordinado por Fifede y cuenta con la ejecuci\u00f3n de C\u00e1ritas Diocesana de Tenerife, Cruz Roja, Fundaci\u00f3n Don Bosco Salesianos Social, Fundaci\u00f3n General de la Universidad de La Laguna y Sinpromi. En palabras de Elena de la Guardia, gerente de Fifede, \u201cBarrios por el Empleo ha pasado de ser un peque\u00f1o equipo de profesionales a una red de m\u00e1s de cien personas que acompa\u00f1an y forman cada d\u00eda a quienes buscan una oportunidad. Ha crecido con la sociedad tinerfe\u00f1a y seguir\u00e1 adapt\u00e1ndose a sus retos futuros\u201d.<\/p>\n<p data-start=\"2010\" data-end=\"2705\">El proyecto, auspiciado por la Universidad de La Laguna junto a otros agentes, ha sido reconocido por su impacto social y car\u00e1cter innovador. En 2017, los Reyes de Espa\u00f1a visitaron el Cabildo de Tenerife para conocer de primera mano los resultados de esta iniciativa pionera. M\u00e1s recientemente, en 2024, el Ministerio de Derechos Sociales, Consumo y Agenda 2030 otorg\u00f3 al proyecto el galard\u00f3n <em data-start=\"2427\" data-end=\"2493\">\u201cActivistas para el Futuro: una Espa\u00f1a mejor con la Agenda 2030\u201d<\/em>, en reconocimiento a su aportaci\u00f3n a la lucha contra la exclusi\u00f3n social y las desigualdades, y a su contribuci\u00f3n al cumplimiento de los Objetivos de Desarrollo Sostenible en materia de empleo e inclusi\u00f3n. Su modelo ha sabido innovar e incorporar atenci\u00f3n psicol\u00f3gica, becas formativas y acuerdos con empresas colaboradoras que facilitan experiencias laborales reales, consolidando un enfoque integral y humano.<\/p>\n<p data-start=\"2924\" data-end=\"3568\">Durante la ceremonia, la presidenta del Cabildo, Rosa D\u00e1vila, destac\u00f3 que se trata de \u201cuna iniciativa que va m\u00e1s all\u00e1 de un programa formativo al uso, que ha brindado la oportunidad real de tener autonom\u00eda y un futuro digno\u201d. Por su parte, el consejero insular de Empleo y Educaci\u00f3n, Efra\u00edn Medina, subray\u00f3 la importancia del trabajo conjunto entre administraciones y entidades: \u201cDurante diez a\u00f1os hemos demostrado que cuando se suman esfuerzos se multiplican resultados. Este proyecto ha tejido comunidad y ha generado empleo donde m\u00e1s falta hac\u00eda, convirti\u00e9ndose en un modelo de \u00e9xito reconocido dentro y fuera de Canarias\u201d.<\/p>\n<p data-start=\"3570\" data-end=\"3984\">El Cabildo, a trav\u00e9s del \u00c1rea de Empleo y Fifede, refuerza su apoyo al proyecto, aumentando el presupuesto hasta 4,3 millones de euros para seguir combatiendo la exclusi\u00f3n social y construyendo un futuro con m\u00e1s oportunidades. \u201cEste proyecto insignia ha contribuido a que la isla de Tenerife sea motor de empleo en Canarias y a que la tasa de paro haya ca\u00eddo a m\u00ednimos hist\u00f3ricos\u201d, a\u00f1adi\u00f3 D\u00e1vila.<\/p>\n","protected":false},"excerpt":{"rendered":"<p>El Auditorio de Tenerife Ad\u00e1n Mart\u00edn acogi\u00f3 ayer, mi\u00e9rcoles 5 de noviembre, el acto conmemorativo del d\u00e9cimo aniversario de \u2018Barrios por el Empleo: Juntos m\u00e1s Fuertes\u2019, una iniciativa coordinada por la Fundaci\u00f3n Insular para la Formaci\u00f3n, el Empleo y el Desarrollo Empresarial (Fifede) que ha cambiado la vida de miles de personas y se ha&#8230;<\/p>\n","protected":false},"author":34,"featured_media":59265,"comment_status":"closed","ping_status":"closed","sticky":false,"template":"","format":"standard","meta":{"footnotes":""},"categories":[38,4,7],"tags":[1010,864,271,1578,291,98,129,1608,793],"featured_image_thumbnail_url":"https:\/\/fg.ull.es\/noticias\/wp-content\/uploads\/sites\/2\/2025\/11\/1000153780-300x237.jpg","_links":{"self":[{"href":"https:\/\/fg.ull.es\/noticias\/wp-json\/wp\/v2\/posts\/59264"}],"collection":[{"href":"https:\/\/fg.ull.es\/noticias\/wp-json\/wp\/v2\/posts"}],"about":[{"href":"https:\/\/fg.ull.es\/noticias\/wp-json\/wp\/v2\/types\/post"}],"author":[{"embeddable":true,"href":"https:\/\/fg.ull.es\/noticias\/wp-json\/wp\/v2\/users\/34"}],"replies":[{"embeddable":true,"href":"https:\/\/fg.ull.es\/noticias\/wp-json\/wp\/v2\/comments?post=59264"}],"version-history":[{"count":1,"href":"https:\/\/fg.ull.es\/noticias\/wp-json\/wp\/v2\/posts\/59264\/revisions"}],"predecessor-version":[{"id":59266,"href":"https:\/\/fg.ull.es\/noticias\/wp-json\/wp\/v2\/posts\/59264\/revisions\/59266"}],"wp:featuredmedia":[{"embeddable":true,"href":"https:\/\/fg.ull.es\/noticias\/wp-json\/wp\/v2\/media\/59265"}],"wp:attachment":[{"href":"https:\/\/fg.ull.es\/noticias\/wp-json\/wp\/v2\/media?parent=59264"}],"wp:term":[{"taxonomy":"category","embeddable":true,"href":"https:\/\/fg.ull.es\/noticias\/wp-json\/wp\/v2\/categories?post=59264"},{"taxonomy":"post_tag","embeddable":true,"href":"https:\/\/fg.ull.es\/noticias\/wp-json\/wp\/v2\/tags?post=59264"}],"curies":[{"name":"wp","href":"https:\/\/api.w.org\/{rel}","templated":true}]}}