{"id":59211,"date":"2025-10-31T10:36:20","date_gmt":"2025-10-31T10:36:20","guid":{"rendered":"https:\/\/fg.ull.es\/noticias\/?p=59211"},"modified":"2025-11-05T07:43:18","modified_gmt":"2025-11-05T07:43:18","slug":"la-agencia-universitaria-de-empleo-impulsa-las-jornadas-proyecto-tu-futuro-para-fomentar-la-empleabilidad-y-el-emprendimiento-en-la-universidad-de-la-laguna","status":"publish","type":"post","link":"https:\/\/fg.ull.es\/noticias\/2025\/10\/31\/la-agencia-universitaria-de-empleo-impulsa-las-jornadas-proyecto-tu-futuro-para-fomentar-la-empleabilidad-y-el-emprendimiento-en-la-universidad-de-la-laguna\/","title":{"rendered":"La Agencia Universitaria de Empleo impulsa las jornadas \u201cProyecto Tu Futuro\u201d para fomentar la empleabilidad y el emprendimiento en la Universidad de La Laguna"},"content":{"rendered":"<h4><span style=\"font-weight: 400\">La Agencia Universitaria de Empleo de la Fundaci\u00f3n General de la Universidad de La Laguna organiza los d\u00edas <strong>6 y 7 de noviembre<\/strong> las jornadas <\/span><b>\u201cProyecto Tu Futuro\u201d<\/b><span style=\"font-weight: 400\">, un espacio de encuentro destinado a potenciar la empleabilidad, las pr\u00e1cticas profesionales y el emprendimiento del alumnado y egresados. <\/span><\/h4>\n<h4><span style=\"font-weight: 400\">El programa incluye talleres formativos para mejorar l<\/span><span style=\"font-weight: 400\">a inserci\u00f3n laboral, un foro de emprendimiento en el que se presentar\u00e1n ocho pro<\/span><span style=\"font-weight: 400\">yectos de la comunidad emprendedora participante, y diversas actividades con empresas, expertos y programas universitarios como Capacita y <\/span><span style=\"font-weight: 400\">Emprende.ull,<\/span><span style=\"font-weight: 400\"> que se desarrollar\u00e1n en la <strong>Facultad de Econom\u00eda, Empresa y Turismo<\/strong>.<\/span><\/h4>\n<p><span style=\"font-weight: 400\">El <\/span><b>6 de noviembre<\/b><span style=\"font-weight: 400\"> arrancar\u00e1 con un encuentro especializado titulado <\/span><a href=\"https:\/\/www.ull.es\/portal\/agenda\/evento\/proyecto-tu-futuro-encuentro-con-joaquin-aldaz-manzano\/\"><b>\u201cConceptualizaci\u00f3n de los indicadores de empleabilidad: Una aproximaci\u00f3n desde la perspectiva de los ranking universitarios\u201d<\/b><\/a><span style=\"font-weight: 400\">, dirigido a t\u00e9cnicos de calidad, orientadores laborales, agentes de desarrollo local y profesorado universitario responsable de t\u00edtulos. La sesi\u00f3n, que se celebrar\u00e1 de 10:00 a 11:00 horas, permitir\u00e1 analizar c\u00f3mo los indicadores de empleabilidad se relacionan con los rankings universitarios y sus implicaciones en la formaci\u00f3n acad\u00e9mica. Un encuentro es clave para entender c\u00f3mo medir y mejorar la empleabilidad de nuestro alumnado, conectando la formaci\u00f3n universitaria con las demandas reales del mercado laboral.\u00a0<\/span><\/p>\n<p><span style=\"font-weight: 400\">Ese mismo d\u00eda, en sesi\u00f3n vespertina, se desarrollar\u00e1 la <\/span><b>jornada de puertas abiertas de pr\u00e1cticas externas<\/b><span style=\"font-weight: 400\"> en la <\/span><b>Facultad de Ciencias Sociales y de la Comunicaci\u00f3n<\/b><span style=\"font-weight: 400\">, dirigida a alumnado de \u00faltimo a\u00f1o de los grados de Periodismo, Trabajo Social, Sociolog\u00eda y Antropolog\u00eda. La iniciativa, organizada en colaboraci\u00f3n con el proyecto <\/span><b>Capacita<\/b><span style=\"font-weight: 400\">, permitir\u00e1 a los estudiantes conocer oportunidades de pr\u00e1cticas en empresas y participar en encuentros sectoriales en aula, fortaleciendo la conexi\u00f3n entre formaci\u00f3n acad\u00e9mica y mercado laboral. La entrada es libre para personas interesadas.<\/span><\/p>\n<p><span style=\"font-weight: 400\">En la jornada del 7 de noviembre tendr\u00e1 lugar la celebraci\u00f3n del <strong>F<\/strong><\/span><b>oro de empleo y emprendimiento<\/b><span style=\"font-weight: 400\"> en el hall de la <\/span><b>Facultad de Econom\u00eda, Empresa y Turismo<\/b><span style=\"font-weight: 400\">, de <\/span><b>9:00 a 14:00 horas<\/b><span style=\"font-weight: 400\">, y combina talleres pr\u00e1cticos, presentaciones de proyectos y actividades de networking con empresas. La inauguraci\u00f3n contar\u00e1 con la intervenci\u00f3n de autoridades como <\/span><b>Efra\u00edn Medina Hern\u00e1ndez<\/b><span style=\"font-weight: 400\">, Consejero Insular de Empleo, Educaci\u00f3n y Juventud del Cabildo de Tenerife; <\/span><b>Francisco Garc\u00eda Rodr\u00edguez<\/b><span style=\"font-weight: 400\">, Rector Magn\u00edfico de la ULL; y <\/span><b>Julio Brito Santana<\/b><span style=\"font-weight: 400\">, Director Gerente de la Fundaci\u00f3n General universitaria.\u00a0<\/span><\/p>\n<h3>Talleres gratuitos orientados a la comunidad universitaria<\/h3>\n<p><span style=\"font-weight: 400\">Durante esta sesi\u00f3n se impartir\u00e1n <\/span><b>siete talleres formativos <\/b><span style=\"font-weight: 400\">dirigidos al alumnado y egresado de la Universidad de La Laguna. <a href=\"https:\/\/docs.google.com\/forms\/d\/1jb8YI3jn7gqRZrRecdoPRJuQ0lOMygMnoWwCvVC2vtk\/viewform?edit_requested=true\"><strong>Puedes formalizar tu inscripci\u00f3n gratuita a trav\u00e9s de este enlace<\/strong><\/a>.<\/span><\/p>\n<ul>\n<li><i><span style=\"font-weight: 400\">\u201cPrimeros pasos en la inserci\u00f3n laboral\u201d<\/span><\/i><span style=\"font-weight: 400\"> \u2013 Luis Arocha (<a href=\"https:\/\/clece.es\/es\/\"><strong>Clece<\/strong><\/a>)<\/span><\/li>\n<li><i><span style=\"font-weight: 400\">\u201cDin\u00e1mica de selecci\u00f3n\u201d<\/span><\/i><span style=\"font-weight: 400\"> \u2013 Tania Manescau (<a href=\"https:\/\/eave.es\/\"><strong>EAVE<\/strong><\/a>)<\/span><\/li>\n<li><i><span style=\"font-weight: 400\">\u201c\u00bfY si el puerto fuera tu pr\u00f3ximo destino profesional?\u201d<\/span><\/i><span style=\"font-weight: 400\"> \u2013 Maite Salazar (<a href=\"https:\/\/www.puertosdetenerife.org\/\"><strong>Autoridad Portuaria de Santa Cruz de Tenerife<\/strong><\/a>)<\/span><\/li>\n<li><i><span style=\"font-weight: 400\">\u201cTu primer s\u00ed laboral empieza aqu\u00ed\u201d<\/span><\/i><span style=\"font-weight: 400\"> \u2013 Marina Rodr\u00edguez (<a href=\"https:\/\/iplangestion.com\/\"><strong>Iplan Gesti\u00f3n Integral<\/strong><\/a>)<\/span><\/li>\n<li><i><span style=\"font-weight: 400\">\u201cTrabajar en finanzas\u201d<\/span><\/i><span style=\"font-weight: 400\"> \u2013 D\u00e1cil Gonz\u00e1lez (<a href=\"https:\/\/www.cajasiete.com\/\"><strong>CajaSiete<\/strong><\/a>)<\/span><\/li>\n<li><i><span style=\"font-weight: 400\">\u201cLa Br\u00fajula del Talento\u201d<\/span><\/i><span style=\"font-weight: 400\"> \u2013 <a href=\"https:\/\/portalciencia.ull.es\/investigadores\/82253\/detalle\"><strong>M\u00f3nica Yballa Gonz\u00e1lez<\/strong><\/a> (experta en desarrollo del talento, docente e investigadora de la ULL)<\/span><\/li>\n<li><span style=\"font-weight: 400\"><i>\u201c\u00bfC\u00f3mo emprender desde la ULL?\u201d<\/i> \u2013 <a href=\"https:\/\/www.linkedin.com\/in\/moises-barreto-garc%C3%ADa-67abba40\/?originalSubdomain=es\"><strong>Mois\u00e9s Barreto<\/strong><\/a> (T\u00e9cnico del servicio de emprendimiento de la ULL)<\/span><\/li>\n<\/ul>\n<p><span style=\"font-weight: 400\">El programa incluye adem\u00e1s el show <\/span><b>\u201cCaj\u00f3n Desastre\u201d<\/b><span style=\"font-weight: 400\"> de <a href=\"https:\/\/www.instagram.com\/adriyrod\/?hl=es\"><strong>Adri&amp;Rod<\/strong> <\/a>y la <\/span><b>presentaci\u00f3n de proyectos de emprendimiento<\/b><span style=\"font-weight: 400\">, marcando la finalizaci\u00f3n del programa integral dise\u00f1ado para impulsar el <\/span><b>autoempleo y el emprendimiento<\/b><span style=\"font-weight: 400\">. Este servicio ofrece <\/span><b>asesoramiento individualizado, an\u00e1lisis de modelos de negocio, definici\u00f3n de propuestas de valor, an\u00e1lisis econ\u00f3mico-financiero y formaci\u00f3n espec\u00edfica<\/b><span style=\"font-weight: 400\">, adem\u00e1s de informaci\u00f3n sobre ayudas y apoyo en la tramitaci\u00f3n de los proyectos.<\/span><\/p>\n<h3><b>Comunidad emprendedora participante<\/b><\/h3>\n<p><span style=\"font-weight: 400\">Durante el evento, <\/span><span style=\"font-weight: 400\">que contar\u00e1 con la apertura por parte de Ilma. Sra. D\u00f1a. Isabel Le\u00f3n Villalobos, VIceconsejera de Empleo, se presentar\u00e1n <\/span><b>ocho <\/b><b>proyectos seleccionados<\/b><span style=\"font-weight: 400\"> como ejemplo de las distintas etapas de desarrollo emprendedor:<\/span><\/p>\n<ul>\n<li><b>D\u00e1maris Ram\u00edrez y Marina Rodr\u00edguez \u2013 <a href=\"https:\/\/www.instagram.com\/auraevents._\/\">Aura Events<\/a>: <\/b>empresa de animaci\u00f3n y decoraci\u00f3n de eventos<span style=\"font-weight: 400\">, con cabina photocall, Glitter &amp; Neon Bar y fotomat\u00f3n vintage.<\/span><\/li>\n<li><b><a href=\"http:\/\/silviasansosnutricion.com\">Silvia Mar\u00eda Santana<\/a>:<\/b><span style=\"font-weight: 400\"> Nutricionista y dietista, combina ciencia y salud para el bienestar de la comunidad.<\/span><\/li>\n<li><b>Carla Trujillo Acosta \u2013 <a href=\"https:\/\/www.instagram.com\/trucare.dermoesthetic\">TruCare Dermoesthetic<\/a>:<\/b><span style=\"font-weight: 400\"> Proyecto de dermatolog\u00eda y dermoest\u00e9tica centrado en la atenci\u00f3n personalizada y la evidencia cient\u00edfica.<\/span><a href=\"https:\/\/www.instagram.com\/trucare.dermoesthetic\">\u00a0<\/a><\/li>\n<li><b>Juan Aday Siverio y Tom\u00e1s De Armas \u2013 <a href=\"http:\/\/visualnoveluniverse.com\">Visual Novel Universe<\/a>:<\/b><span style=\"font-weight: 400\"> Plataforma para crear y publicar novelas visuales sin necesidad de programar.<\/span><\/li>\n<li><b>Ilenia Carballo D\u00edaz \u2013 <a href=\"http:\/\/norcoma.com\">Norcoma<\/a>:<\/b><span style=\"font-weight: 400\"> Agencia de comunicaci\u00f3n, marketing y branding, especializada en fortalecer negocios locales en el norte de Tenerife.<\/span><\/li>\n<li><b>Patricia y Alejandro Dorta Carvajal \u2013 <a href=\"http:\/\/almavia.es\">Almav\u00eda<\/a>:<\/b><span style=\"font-weight: 400\"> Proyecto de atenci\u00f3n integral a personas mayores y dependientes, con cuidados personalizados y estimulaci\u00f3n cognitiva.<\/span><\/li>\n<li><b><a href=\"https:\/\/www.doctoralia.es\/yaiza-cabrera-villoslada\/psicologo\/candelaria\">Yaiza Cabrera Villoslada<\/a> &#8211; Psic\u00f3loga<\/b><span style=\"font-weight: 400\">: <\/span><span style=\"font-weight: 400\">Especializada en procesos de cambio y desarrollo personal. Aborda la\u00a0 gesti\u00f3n emocional, ansiedad y\u00a0 duelo,<\/span> <span style=\"font-weight: 400\">desde un enfoque cercano y profesional ofreciendo atenci\u00f3n presencial y online, priorizando la accesibilidad al servicio.\u00a0<\/span><\/li>\n<li style=\"font-weight: 400\"><b>Daida Mascaro Fredriksson<\/b><span style=\"font-weight: 400\"> \u2013 <\/span><span style=\"font-weight: 400\"><a href=\"http:\/\/theis-vine.dk\"><strong>Theis Vine<\/strong><\/a>: Experta en vinos, ofrece asesoramiento personalizado y experiencias de degustaci\u00f3n, acercando al p\u00fablico a los vinos premium<\/span><span style=\"font-weight: 400\">.<\/span><\/li>\n<\/ul>\n<p><span style=\"font-weight: 400\">El foro no solo reconoce el esfuerzo de los participantes, sino que reafirma el compromiso de la universidad con el ecosistema emprendedor y el autoempleo como motor de innovaci\u00f3n y desarrollo socioecon\u00f3mico\u201d, destaca <\/span><a href=\"http:\/\/jpadronmarrero\"><b>Jorge Padr\u00f3n<\/b><\/a><span style=\"font-weight: 400\">, como presentador del acto.<\/span><\/p>\n<p><span style=\"font-weight: 400\">Entre las empresas participantes se encuentran: Autoridad Portuaria Santa Cruz de Tenerife, Iplan Gesti\u00f3n Integral, Canatec 35, Clece, Inserta-Fundaci\u00f3n ONCE, Lafuente Asesores, Mapfre, EAVE, CajaSiete,\u00a0<\/span>Hovima Hotels<span style=\"font-weight: 400\">, Generaci\u00f3n Veintiuno, Atl\u00e1ntica Handling, Instituto Astrof\u00edsico de Canarias y Disa, reforzando la conexi\u00f3n entre el alumnado y el tejido empresarial de Canarias.<\/span><\/p>\n<p><span style=\"font-weight: 400\">Con las jornadas <\/span><b>\u201cProyecto Tu Futuro\u201d<\/b><span style=\"font-weight: 400\">, la Universidad de La Laguna reafirma su compromiso con la <\/span><b>empleabilidad, el emprendimiento y la innovaci\u00f3n<\/b><span style=\"font-weight: 400\">, impulsando el desarrollo profesional y socioecon\u00f3mico en Canarias. Este evento forma parte del programa <\/span><a href=\"https:\/\/fg.ull.es\/empleo\/capacita\/\"><b>Capacita<\/b><\/a><span style=\"font-weight: 400\">, una acci\u00f3n formativa <\/span><b>subvencionada por el Cabildo de Tenerife y financiada por el MEDI-FDCAN<\/b><span style=\"font-weight: 400\">, que fortalece las oportunidades de formaci\u00f3n y acompa\u00f1amiento para el alumnado y egresados de la instituci\u00f3n acad\u00e9mica lagunera. <\/span><\/p>\n<p>&nbsp;<\/p>\n","protected":false},"excerpt":{"rendered":"<p>La Agencia Universitaria de Empleo de la Fundaci\u00f3n General de la Universidad de La Laguna organiza los d\u00edas 6 y 7 de noviembre las jornadas \u201cProyecto Tu Futuro\u201d, un espacio de encuentro destinado a potenciar la empleabilidad, las pr\u00e1cticas profesionales y el emprendimiento del alumnado y egresados. El programa incluye talleres formativos para mejorar la&#8230;<\/p>\n","protected":false},"author":10,"featured_media":59218,"comment_status":"closed","ping_status":"closed","sticky":false,"template":"","format":"standard","meta":{"footnotes":""},"categories":[38,177],"tags":[271,1152,291,92,47,1243,1654,297],"featured_image_thumbnail_url":"https:\/\/fg.ull.es\/noticias\/wp-content\/uploads\/sites\/2\/2025\/10\/Foro-de-empleo-Pantalla-300x169.png","_links":{"self":[{"href":"https:\/\/fg.ull.es\/noticias\/wp-json\/wp\/v2\/posts\/59211"}],"collection":[{"href":"https:\/\/fg.ull.es\/noticias\/wp-json\/wp\/v2\/posts"}],"about":[{"href":"https:\/\/fg.ull.es\/noticias\/wp-json\/wp\/v2\/types\/post"}],"author":[{"embeddable":true,"href":"https:\/\/fg.ull.es\/noticias\/wp-json\/wp\/v2\/users\/10"}],"replies":[{"embeddable":true,"href":"https:\/\/fg.ull.es\/noticias\/wp-json\/wp\/v2\/comments?post=59211"}],"version-history":[{"count":8,"href":"https:\/\/fg.ull.es\/noticias\/wp-json\/wp\/v2\/posts\/59211\/revisions"}],"predecessor-version":[{"id":59263,"href":"https:\/\/fg.ull.es\/noticias\/wp-json\/wp\/v2\/posts\/59211\/revisions\/59263"}],"wp:featuredmedia":[{"embeddable":true,"href":"https:\/\/fg.ull.es\/noticias\/wp-json\/wp\/v2\/media\/59218"}],"wp:attachment":[{"href":"https:\/\/fg.ull.es\/noticias\/wp-json\/wp\/v2\/media?parent=59211"}],"wp:term":[{"taxonomy":"category","embeddable":true,"href":"https:\/\/fg.ull.es\/noticias\/wp-json\/wp\/v2\/categories?post=59211"},{"taxonomy":"post_tag","embeddable":true,"href":"https:\/\/fg.ull.es\/noticias\/wp-json\/wp\/v2\/tags?post=59211"}],"curies":[{"name":"wp","href":"https:\/\/api.w.org\/{rel}","templated":true}]}}