{"id":59116,"date":"2025-10-14T14:39:49","date_gmt":"2025-10-14T13:39:49","guid":{"rendered":"https:\/\/fg.ull.es\/noticias\/?p=59116"},"modified":"2025-10-14T14:39:49","modified_gmt":"2025-10-14T13:39:49","slug":"ingenia-reafirma-su-papel-como-plataforma-de-impulso-al-emprendimiento-joven","status":"publish","type":"post","link":"https:\/\/fg.ull.es\/noticias\/2025\/10\/14\/ingenia-reafirma-su-papel-como-plataforma-de-impulso-al-emprendimiento-joven\/","title":{"rendered":"Ingenia reafirma su papel como plataforma de impulso al emprendimiento joven"},"content":{"rendered":"<p><span style=\"font-weight: 400\">La Universidad de La Laguna y el Cabildo de Tenerife se reunieron ayer, lunes 13 de octubre, con los equipos participantes de la sexta edici\u00f3n de<\/span><a href=\"https:\/\/www.ull.es\/portal\/ingenia\/\"><span style=\"font-weight: 400\"> Ingenia<\/span><\/a><span style=\"font-weight: 400\"> para dar a conocer cada uno de los proyectos. Esta iniciativa, que est\u00e1 impulsada por la fundaci\u00f3n universitaria y financiada por la Corporaci\u00f3n Insular, apoya el emprendimiento juvenil sostenible y socialmente responsable en la isla.<\/span><\/p>\n<p><span style=\"font-weight: 400\">Por parte de la Fundaci\u00f3n General de la Universidad de La Laguna, participaron <\/span><b>Julio Brito<\/b><span style=\"font-weight: 400\">, gerente de la instituci\u00f3n; <\/span><b>Nuria Hern\u00e1ndez<\/b><span style=\"font-weight: 400\">, directora de la Agencia Universitaria de Innovaci\u00f3n; <\/span><b>Juan Antonio Rodr\u00edguez<\/b><span style=\"font-weight: 400\">, director acad\u00e9mico del programa; as\u00ed como el equipo t\u00e9cnico de Ingenia.<\/span><\/p>\n<p><span style=\"font-weight: 400\">En representaci\u00f3n del Cabildo asistieron <\/span><b>Rosa D\u00e1vila<\/b><span style=\"font-weight: 400\">, presidenta de la Corporaci\u00f3n Insular; <\/span><b>Seraf\u00edn Mesa<\/b><span style=\"font-weight: 400\">, consejero delegado de Formaci\u00f3n y Juventud; <\/span><b>Juan Jos\u00e9 Mart\u00ednez<\/b><span style=\"font-weight: 400\">, consejero de Innovaci\u00f3n; y <\/span><b>Alejandro Molowny<\/b><span style=\"font-weight: 400\">, director general de Residuos. Todos ellos pudieron conocer de primera mano los proyectos desarrollados por el alumnado y analizaron su viabilidad e impacto social y medioambiental.<\/span><\/p>\n<p><span style=\"font-weight: 400\">Brito destac\u00f3 la evoluci\u00f3n del programa a lo largo de sus ediciones y la alta calidad de los proyectos presentados, subrayando que \u201cIngenia es la semilla para germinar algo m\u00e1s grande\u201d, en referencia al potencial transformador de las ideas impulsadas por la juventud universitaria.Por su parte, Juan Antonio Rodr\u00edguez puso en valor el impacto formativo del programa: \u201cEste tipo de iniciativas no solo fomenta el emprendimiento, sino que tambi\u00e9n contribuye al desarrollo personal de las personas participantes y a la adquisici\u00f3n de competencias clave para su futuro profesional\u201d.<\/span><\/p>\n<p><span style=\"font-weight: 400\">La presidenta recalc\u00f3 que \u201cel progreso se construye escuchando a las nuevas generaciones, acompa\u00f1ando sus ideas y creando oportunidades para que se conviertan en realidad. El talento que hoy vemos aqu\u00ed es la mejor garant\u00eda de que Tenerife tiene un gran futuro por delante\u201d.<\/span><\/p>\n<p><span style=\"font-weight: 400\">En esta edici\u00f3n participan diez proyectos: Blue Flow, C\u00e1rgate en Verde, Comer Bien y Vivir Mejor, Coral Check, Empoderamiento Digital, Herencia y Futuro, InnovaSolar, N\u00famidas, Peque\u00f1os Guardianes de Tenerife y SIGRA. Estas iniciativas abarcan \u00e1mbitos como la protecci\u00f3n del medioambiente, el uso responsable de los recursos, la movilidad sostenible, la inclusi\u00f3n social y los cuidados a las personas.\u00a0<\/span><\/p>\n<p><span style=\"font-weight: 400\">Adem\u00e1s, se presentaron los avances de Imagos, iniciativa que particip\u00f3 en la quinta edici\u00f3n del programa y que es ganadora del concurso de proyectos cient\u00edficos y tecnol\u00f3gicos &#8216;\u00c1frica Canarias Challenge&#8217;.<\/span><\/p>\n<p><b>Ingenia: innovaci\u00f3n con prop\u00f3sito<\/b><\/p>\n<p><span style=\"font-weight: 400\">Ingenia es un programa de la Universidad de La Laguna que naci\u00f3 en 2019 para fomentar el emprendimiento juvenil con enfoque sostenible y social. En sus seis ediciones, ha acompa\u00f1ado 55 proyectos liderados por 218 j\u00f3venes.<\/span><\/p>\n<p><span style=\"font-weight: 400\">Su misi\u00f3n es formar a la juventud de Tenerife como agentes de cambio, ofreci\u00e9ndoles formaci\u00f3n, financiaci\u00f3n y acompa\u00f1amiento para convertir ideas en soluciones reales, aplicando la metodolog\u00eda de Aprendizaje Basado en Problemas (PBL).<\/span><\/p>\n<p><span style=\"font-weight: 400\">En 2024, Ingenia recibi\u00f3 el Premio al Mejor Programa en la categor\u00eda Social de MetaRed S y el Premio Internacional MetaRed S, que reconocen su impacto en sostenibilidad, gobernanza e innovaci\u00f3n social universitaria a nivel iberoamericano.<\/span><\/p>\n","protected":false},"excerpt":{"rendered":"<p>La Universidad de La Laguna y el Cabildo de Tenerife se reunieron ayer, lunes 13 de octubre, con los equipos participantes de la sexta edici\u00f3n de Ingenia para dar a conocer cada uno de los proyectos. Esta iniciativa, que est\u00e1 impulsada por la fundaci\u00f3n universitaria y financiada por la Corporaci\u00f3n Insular, apoya el emprendimiento juvenil&#8230;<\/p>\n","protected":false},"author":50,"featured_media":59117,"comment_status":"closed","ping_status":"closed","sticky":false,"template":"","format":"standard","meta":{"footnotes":""},"categories":[10,655,7],"tags":[1353],"featured_image_thumbnail_url":"https:\/\/fg.ull.es\/noticias\/wp-content\/uploads\/sites\/2\/2025\/10\/1000131877-300x200.jpeg","_links":{"self":[{"href":"https:\/\/fg.ull.es\/noticias\/wp-json\/wp\/v2\/posts\/59116"}],"collection":[{"href":"https:\/\/fg.ull.es\/noticias\/wp-json\/wp\/v2\/posts"}],"about":[{"href":"https:\/\/fg.ull.es\/noticias\/wp-json\/wp\/v2\/types\/post"}],"author":[{"embeddable":true,"href":"https:\/\/fg.ull.es\/noticias\/wp-json\/wp\/v2\/users\/50"}],"replies":[{"embeddable":true,"href":"https:\/\/fg.ull.es\/noticias\/wp-json\/wp\/v2\/comments?post=59116"}],"version-history":[{"count":1,"href":"https:\/\/fg.ull.es\/noticias\/wp-json\/wp\/v2\/posts\/59116\/revisions"}],"predecessor-version":[{"id":59118,"href":"https:\/\/fg.ull.es\/noticias\/wp-json\/wp\/v2\/posts\/59116\/revisions\/59118"}],"wp:featuredmedia":[{"embeddable":true,"href":"https:\/\/fg.ull.es\/noticias\/wp-json\/wp\/v2\/media\/59117"}],"wp:attachment":[{"href":"https:\/\/fg.ull.es\/noticias\/wp-json\/wp\/v2\/media?parent=59116"}],"wp:term":[{"taxonomy":"category","embeddable":true,"href":"https:\/\/fg.ull.es\/noticias\/wp-json\/wp\/v2\/categories?post=59116"},{"taxonomy":"post_tag","embeddable":true,"href":"https:\/\/fg.ull.es\/noticias\/wp-json\/wp\/v2\/tags?post=59116"}],"curies":[{"name":"wp","href":"https:\/\/api.w.org\/{rel}","templated":true}]}}