{"id":59040,"date":"2025-10-03T07:45:14","date_gmt":"2025-10-03T06:45:14","guid":{"rendered":"https:\/\/fg.ull.es\/noticias\/?p=59040"},"modified":"2025-10-03T07:45:14","modified_gmt":"2025-10-03T06:45:14","slug":"santa-ursula-acoge-primer-encuentro-personas-adultas-mayores-proyecto-faro","status":"publish","type":"post","link":"https:\/\/fg.ull.es\/noticias\/2025\/10\/03\/santa-ursula-acoge-primer-encuentro-personas-adultas-mayores-proyecto-faro\/","title":{"rendered":"Santa \u00darsula acoge el primer Encuentro Intermunicipal de Personas Adultas Mayores del proyecto FARO con m\u00e1s de 300 participantes"},"content":{"rendered":"<h3><span style=\"font-weight: 400\">Se trata de un evento in\u00e9dito que fomenta la promoci\u00f3n de la salud y la uni\u00f3n entre municipios de la isla, enmarcado en los objetivos del Proyecto insular Faro<\/span><\/h3>\n<p><span style=\"font-weight: 400\">La Plaza de San Luis de Santa \u00darsula acogi\u00f3 ayer el I Encuentro Intermunicipal de Personas Adultas Mayores Faro, una jornada pionera en la isla que reuni\u00f3 a m\u00e1s de 300 personas mayores de los municipios piloto del proyecto (Candelaria, San Miguel de Abona y Santa \u00darsula).<\/span><\/p>\n<p><span style=\"font-weight: 400\">El acto inaugural cont\u00f3 con la presencia de la presidenta del Cabildo de Tenerife, Rosa D\u00e1vila; el alcalde de Santa \u00darsula y consejero delegado de Educaci\u00f3n para la Prevenci\u00f3n del Cabildo, Juan Acosta; el alcalde de San Miguel de Abona, Arturo Gonz\u00e1lez; y la directora de Innovaci\u00f3n de la Fundaci\u00f3n General de la Universidad de La Laguna (FGULL), Nuria Hern\u00e1ndez, junto a concejales de Sanidad y Mayores de los municipios participantes.<\/span><\/p>\n<p><span style=\"font-weight: 400\">Durante su intervenci\u00f3n, la presidenta del Cabildo, Rosa D\u00e1vila, subray\u00f3 que \u201ceste evento supone un hito, porque marca el inicio de una serie de encuentros rotatorios que recorrer\u00e1n los municipios participantes, reforzando as\u00ed una estrategia com\u00fan en toda la isla. El Proyecto Faro se ha consolidado como una referencia en la promoci\u00f3n de la salud y la prevenci\u00f3n. En apenas cuatro meses de andadura ha logrado implicar a cerca de 8.000 personas, desarrollar m\u00e1s de 580 intervenciones preventivas y trabajar en m\u00e1s de 25 tem\u00e1ticas clave. Nueve municipios ya se han adherido a esta iniciativa insular \u2014Santa \u00darsula, Candelaria, San Miguel de Abona, Arafo, Fasnia, Tegueste, Garachico, Los Silos y Buenavista del Norte\u2014 lo que demuestra la capacidad del proyecto para crecer y extender su impacto de manera real y tangible\u201d<\/span><\/p>\n<p><span style=\"font-weight: 400\">Por su parte, el consejero de Educaci\u00f3n para la Prevenci\u00f3n del Cabildo y alcalde de Santa \u00darsula, Juan Acosta, destac\u00f3 durante el encuentro que \u201ceste proyecto se ha consolidado como una referencia en la promoci\u00f3n de la salud y la prevenci\u00f3n, implicando ya a cerca de 8.000 personas con m\u00e1s de 580 intervenciones y 25 tem\u00e1ticas clave en apenas cuatro meses de andadura\u201d.<\/span><\/p>\n<p><span style=\"font-weight: 400\">La jornada ha puesto de relieve el valor de la participaci\u00f3n intergeneracional. La actividad realizada junto a m\u00e1s de 55 alumnos y alumnas del IES Santa \u00darsula\u00a0<\/span><\/p>\n<p><span style=\"font-weight: 400\">El encuentro se enmarca en el Proyecto Faro, estrategia insular que impulsa la promoci\u00f3n de la salud, la prevenci\u00f3n y la creaci\u00f3n de entornos comunitarios saludables, teniendo como protagonistas a la poblaci\u00f3n adulta mayor, junto con familias, alumnado y profesorado.<\/span><\/p>\n<p><span style=\"font-weight: 400\">La jornada incluy\u00f3 una dinamizaci\u00f3n grupal, actividades intergeneracionales con estudiantes del IES Santa \u00darsula centradas en gesti\u00f3n emocional y prevenci\u00f3n de la salud mental, as\u00ed como din\u00e1micas sobre alimentaci\u00f3n saludable. Como cierre, las personas mayores compartieron mensajes inspiradores sobre su experiencia en el proyecto, destacando el valor de sentirse agentes activos en la construcci\u00f3n de comunidades m\u00e1s saludables.<\/span><\/p>\n<p><span style=\"font-weight: 400\">El Proyecto Faro, impulsado por el Cabildo de Tenerife en coordinaci\u00f3n con la FGULL y el Servicio Canario de Salud (SCS), cuenta actualmente con nueve municipios adheridos. En apenas cuatro meses, el proyecto ha alcanzado a casi 8.000 personas, con m\u00e1s de 580 intervenciones preventivas y 25 tem\u00e1ticas de salud trabajadas. En su segunda fase, ha sumado seis municipios m\u00e1s y ampliado sus m\u00f3dulos hacia la prevenci\u00f3n de adicciones y la educaci\u00f3n afectivo-sexual, consolid\u00e1ndose como una estrategia insular de referencia en salud p\u00fablica.<\/span><\/p>\n<p><span style=\"font-weight: 400\">El Cabildo prev\u00e9 que este encuentro sea de car\u00e1cter rotatorio, recorriendo los distintos municipios participantes para seguir fomentando la uni\u00f3n intermunicipal, la salud comunitaria y el protagonismo de las personas mayores en la sociedad.\u00a0<\/span><\/p>\n<p>*Nota de prensa y fotograf\u00eda cedidas por el Cabildo de Tenerife<\/p>\n","protected":false},"excerpt":{"rendered":"<p>Se trata de un evento in\u00e9dito que fomenta la promoci\u00f3n de la salud y la uni\u00f3n entre municipios de la isla, enmarcado en los objetivos del Proyecto insular Faro La Plaza de San Luis de Santa \u00darsula acogi\u00f3 ayer el I Encuentro Intermunicipal de Personas Adultas Mayores Faro, una jornada pionera en la isla que&#8230;<\/p>\n","protected":false},"author":34,"featured_media":59041,"comment_status":"closed","ping_status":"closed","sticky":false,"template":"","format":"standard","meta":{"footnotes":""},"categories":[10,655,7],"tags":[1570],"featured_image_thumbnail_url":"https:\/\/fg.ull.es\/noticias\/wp-content\/uploads\/sites\/2\/2025\/10\/20251002_Proyecto_Faro_Rosa-18-300x200.jpg","_links":{"self":[{"href":"https:\/\/fg.ull.es\/noticias\/wp-json\/wp\/v2\/posts\/59040"}],"collection":[{"href":"https:\/\/fg.ull.es\/noticias\/wp-json\/wp\/v2\/posts"}],"about":[{"href":"https:\/\/fg.ull.es\/noticias\/wp-json\/wp\/v2\/types\/post"}],"author":[{"embeddable":true,"href":"https:\/\/fg.ull.es\/noticias\/wp-json\/wp\/v2\/users\/34"}],"replies":[{"embeddable":true,"href":"https:\/\/fg.ull.es\/noticias\/wp-json\/wp\/v2\/comments?post=59040"}],"version-history":[{"count":1,"href":"https:\/\/fg.ull.es\/noticias\/wp-json\/wp\/v2\/posts\/59040\/revisions"}],"predecessor-version":[{"id":59042,"href":"https:\/\/fg.ull.es\/noticias\/wp-json\/wp\/v2\/posts\/59040\/revisions\/59042"}],"wp:featuredmedia":[{"embeddable":true,"href":"https:\/\/fg.ull.es\/noticias\/wp-json\/wp\/v2\/media\/59041"}],"wp:attachment":[{"href":"https:\/\/fg.ull.es\/noticias\/wp-json\/wp\/v2\/media?parent=59040"}],"wp:term":[{"taxonomy":"category","embeddable":true,"href":"https:\/\/fg.ull.es\/noticias\/wp-json\/wp\/v2\/categories?post=59040"},{"taxonomy":"post_tag","embeddable":true,"href":"https:\/\/fg.ull.es\/noticias\/wp-json\/wp\/v2\/tags?post=59040"}],"curies":[{"name":"wp","href":"https:\/\/api.w.org\/{rel}","templated":true}]}}