{"id":59033,"date":"2025-10-01T14:47:02","date_gmt":"2025-10-01T13:47:02","guid":{"rendered":"https:\/\/fg.ull.es\/noticias\/?p=59033"},"modified":"2025-10-01T14:48:14","modified_gmt":"2025-10-01T13:48:14","slug":"la-ull-organiza-diginnova-inspira-para-acercar-la-innovacion-y-la-sostenibilidad-a-estudiantes-y-profesionales","status":"publish","type":"post","link":"https:\/\/fg.ull.es\/noticias\/2025\/10\/01\/la-ull-organiza-diginnova-inspira-para-acercar-la-innovacion-y-la-sostenibilidad-a-estudiantes-y-profesionales\/","title":{"rendered":"La ULL organiza \u2018Diginnova Inspira\u2019 para acercar la innovaci\u00f3n y la sostenibilidad a estudiantes y profesionales"},"content":{"rendered":"<p>La Universidad de La Laguna celebrar\u00e1 el viernes 3 de octubre, de 10:00 a 13:00 horas, en el Espacio Mutua Tinerfe\u00f1a, el encuentro <strong>\u2018<a href=\"https:\/\/docs.google.com\/forms\/d\/e\/1FAIpQLSfJLbtkT20QdY3az5cUv1QTorbEbzg81UD27XoT8vwvJCZ16g\/viewform\" target=\"_blank\" rel=\"noopener\">Diginnova Inspira<\/a>\u2019<\/strong>, una jornada para acercar perfiles profesionales en \u00e1reas clave como la transformaci\u00f3n digital, la innovaci\u00f3n y la sostenibilidad. Este evento est\u00e1 dirigido al alumnado de Diginnova, empresas y cualquier persona interesada en estos \u00e1mbitos.<\/p>\n<p>En este acto intervendr\u00e1n Javier Franco Hormiga, director de la Agencia Canaria de Investigaci\u00f3n, Innovaci\u00f3n y Sociedad de la Informaci\u00f3n; Vicente Blanco, vicerrector de Transformaci\u00f3n Digital de la Universidad de La Laguna; Eduardo Manrique de Lara, gerente de la Fundaci\u00f3n Universitaria de Las Palmas y Julio Brito, su hom\u00f3logo en este centro acad\u00e9mico.<\/p>\n<p>Las personas asistentes podr\u00e1n disfrutar de la ponencia de Pedro M\u00fajica, especialista en inteligencia artificial, y Odile Rodr\u00edguez de la Fuente, bi\u00f3loga y divulgadora cient\u00edfica, quienes ofrecer\u00e1n su visi\u00f3n sobre los desaf\u00edos y oportunidades que plantean la digitalizaci\u00f3n y la sostenibilidad en la sociedad actual.<\/p>\n<p>M\u00fajica es ingeniero en Ciencias de la Computaci\u00f3n, CEO y fundador de\u00a0<a href=\"https:\/\/wecolab.com\/\" target=\"_blank\" rel=\"noopener\">Wecolab Network<\/a>, donde lidera proyectos digitales internacionales. Adem\u00e1s, es autor del libro \u2018Superhumanos\u2019, en el que investiga c\u00f3mo la inteligencia artificial, el metaverso y la \u00e9tica tecnol\u00f3gica pueden potenciar las capacidades humanas. Por otra parte, el ponente es considerado uno de los principales defensores del\u00a0<a href=\"https:\/\/tecnohumanismo.com\/manifiesto-tecnohumanista\/\" target=\"_blank\" rel=\"noopener\">tecnohumanismo<\/a>, reuniendo a una comunidad de m\u00e1s de 72.000 seguidores en torno a la innovaci\u00f3n \u00e9tica y la tecnolog\u00eda centrada en las personas.<\/p>\n<p>Por su parte, Rodr\u00edguez de la Fuente es licenciada en Biol\u00f3gicas y en Producci\u00f3n de Cine y ha desarrollado una s\u00f3lida trayectoria en la divulgaci\u00f3n cient\u00edfica y la defensa del medio ambiente. La divulgadora ha trabajado en National Geographic y es autora de varios libros como \u2018Somos naturaleza\u2019 y \u2018F\u00e9lix, un hombre en la tierra\u2019.<\/p>\n<p>El objetivo principal de Diginnova es la incorporaci\u00f3n de talento a las empresas y a los centros de investigaci\u00f3n de Canarias para fomentar la empleabilidad, as\u00ed como la transici\u00f3n ecol\u00f3gica y digital en las organizaciones, mediante un programa innovador de formaci\u00f3n dual que combina la formaci\u00f3n te\u00f3rica y las pr\u00e1cticas en empresas.<\/p>\n<p>Esta iniciativa es un programa de la Agencia Canaria de Investigaci\u00f3n, Innovaci\u00f3n y Sociedad de la Informaci\u00f3n, financiado por la Consejer\u00eda de Universidades, Ciencia e Innovaci\u00f3n y Cultura del Gobierno de Canarias y el Fondo Social Europeo Plus, que gestiona la Fundaci\u00f3n General de la Universidad de La Laguna en colaboraci\u00f3n con la Fundaci\u00f3n Universitaria de Las Palmas.<\/p>\n","protected":false},"excerpt":{"rendered":"<p>La Universidad de La Laguna celebrar\u00e1 el viernes 3 de octubre, de 10:00 a 13:00 horas, en el Espacio Mutua Tinerfe\u00f1a, el encuentro \u2018Diginnova Inspira\u2019, una jornada para acercar perfiles profesionales en \u00e1reas clave como la transformaci\u00f3n digital, la innovaci\u00f3n y la sostenibilidad. Este evento est\u00e1 dirigido al alumnado de Diginnova, empresas y cualquier persona&#8230;<\/p>\n","protected":false},"author":50,"featured_media":59034,"comment_status":"closed","ping_status":"closed","sticky":false,"template":"","format":"standard","meta":{"footnotes":""},"categories":[10,4,7],"tags":[1332],"featured_image_thumbnail_url":"https:\/\/fg.ull.es\/noticias\/wp-content\/uploads\/sites\/2\/2025\/10\/Diginnova-INSPIRA_Banner-2-300x157.png","_links":{"self":[{"href":"https:\/\/fg.ull.es\/noticias\/wp-json\/wp\/v2\/posts\/59033"}],"collection":[{"href":"https:\/\/fg.ull.es\/noticias\/wp-json\/wp\/v2\/posts"}],"about":[{"href":"https:\/\/fg.ull.es\/noticias\/wp-json\/wp\/v2\/types\/post"}],"author":[{"embeddable":true,"href":"https:\/\/fg.ull.es\/noticias\/wp-json\/wp\/v2\/users\/50"}],"replies":[{"embeddable":true,"href":"https:\/\/fg.ull.es\/noticias\/wp-json\/wp\/v2\/comments?post=59033"}],"version-history":[{"count":1,"href":"https:\/\/fg.ull.es\/noticias\/wp-json\/wp\/v2\/posts\/59033\/revisions"}],"predecessor-version":[{"id":59035,"href":"https:\/\/fg.ull.es\/noticias\/wp-json\/wp\/v2\/posts\/59033\/revisions\/59035"}],"wp:featuredmedia":[{"embeddable":true,"href":"https:\/\/fg.ull.es\/noticias\/wp-json\/wp\/v2\/media\/59034"}],"wp:attachment":[{"href":"https:\/\/fg.ull.es\/noticias\/wp-json\/wp\/v2\/media?parent=59033"}],"wp:term":[{"taxonomy":"category","embeddable":true,"href":"https:\/\/fg.ull.es\/noticias\/wp-json\/wp\/v2\/categories?post=59033"},{"taxonomy":"post_tag","embeddable":true,"href":"https:\/\/fg.ull.es\/noticias\/wp-json\/wp\/v2\/tags?post=59033"}],"curies":[{"name":"wp","href":"https:\/\/api.w.org\/{rel}","templated":true}]}}