{"id":59020,"date":"2025-09-30T11:17:20","date_gmt":"2025-09-30T10:17:20","guid":{"rendered":"https:\/\/fg.ull.es\/noticias\/?p=59020"},"modified":"2025-09-30T11:36:32","modified_gmt":"2025-09-30T10:36:32","slug":"la-fgull-pone-en-marcha-un-curso-sobre-ia-para-profesionales-del-tejido-empresarial-canario","status":"publish","type":"post","link":"https:\/\/fg.ull.es\/noticias\/2025\/09\/30\/la-fgull-pone-en-marcha-un-curso-sobre-ia-para-profesionales-del-tejido-empresarial-canario\/","title":{"rendered":"La FGULL pone en marcha un curso sobre IA para profesionales del tejido empresarial canario"},"content":{"rendered":"<p><span style=\"font-weight: 400\">La Fundaci\u00f3n General Universidad de La Laguna, a trav\u00e9s de su <\/span><a href=\"https:\/\/fg.ull.es\/innovacion\/red-cide\/\"><span style=\"font-weight: 400\">Centro CIDE<\/span><\/a><span style=\"font-weight: 400\"> y en el marco de la Red CIDE, ha puesto en marcha la formaci\u00f3n online <\/span><a href=\"https:\/\/fg.ull.es\/innovacion\/ia360\/\"><i><span style=\"font-weight: 400\">IA 360: productividad y creatividad con inteligencia artificial para profesionales de empresa<\/span><\/i><\/a><span style=\"font-weight: 400\">. Se trata de una iniciativa gratuita, valorada en 550 euros, que acerca el potencial de la inteligencia artificial al tejido empresarial canario gracias a la colaboraci\u00f3n con <\/span><a href=\"https:\/\/reboot.academy\/\"><b>Reboot Academy<\/b><\/a><span style=\"font-weight: 400\">, cuya plataforma Edukami y equipo docente hacen posible una experiencia formativa de primer nivel.<\/span><\/p>\n<p><span style=\"font-weight: 400\">El inter\u00e9s inicial por la formaci\u00f3n super\u00f3 con creces las plazas disponibles. Se recibieron m\u00e1s de cincuenta inscripciones, pero tras un proceso de evaluaci\u00f3n ajustado a los criterios establecidos en las bases de participaci\u00f3n, s\u00f3lo diez empresas y personas emprendedoras pudieron finalmente acceder al programa. El perfil de participantes refleja la diversidad del ecosistema innovador de Canarias: proyectos vinculados a sectores de la RIS3 ampliada, con especial peso en las TIC y la digitalizaci\u00f3n, representaci\u00f3n equilibrada en t\u00e9rminos de g\u00e9nero y una amplia mayor\u00eda de micro y peque\u00f1as empresas.<\/span><\/p>\n<h3><b>Una formaci\u00f3n innovadora con impacto en las empresas<\/b><\/h3>\n<p><span style=\"font-weight: 400\">Desde finales de julio los participantes cuentan con acceso a los contenidos y han tomado parte en los primeros encuentros, entre ellos una sesi\u00f3n de lanzamiento que permiti\u00f3 compartir objetivos y expectativas, as\u00ed como una sesi\u00f3n magistral a cargo de <\/span><a href=\"https:\/\/www.linkedin.com\/in\/fermartin\/?originalSubdomain=es\"><span style=\"font-weight: 400\">Fer Mart\u00edn<\/span><\/a><span style=\"font-weight: 400\"> dedicada a la productividad y el rendimiento con inteligencia artificial. La propuesta combina el aprendizaje online as\u00edncrono con sesiones magistrales que refuerzan la pr\u00e1ctica y el intercambio de experiencias. En la sesi\u00f3n magistral, celebrada el 17 de septiembre, Fer Mart\u00edn mostr\u00f3 con ejemplos concretos c\u00f3mo la inteligencia artificial puede integrarse en las rutinas de trabajo, desde la generaci\u00f3n y mejora de textos hasta la creaci\u00f3n de contenidos multimedia o la automatizaci\u00f3n de procesos. Esta din\u00e1mica se complementa con un temario amplio que aborda los fundamentos de la IA, su aplicaci\u00f3n en la comunicaci\u00f3n y la creatividad, y la incorporaci\u00f3n de herramientas que permiten aumentar la eficiencia y la competitividad empresarial..<\/span><\/p>\n<h3><b>Edukami, una plataforma de referencia<\/b><\/h3>\n<p><span style=\"font-weight: 400\">El desarrollo del curso es posible gracias a <\/span><a href=\"https:\/\/www.edukami.ai\/es\/\"><b>Edukami<\/b><\/a><span style=\"font-weight: 400\">, la plataforma educativa de Reboot Academy, concebida para ofrecer experiencias de aprendizaje innovadoras y flexibles. Edukami integra contenidos de vanguardia, din\u00e1micas interactivas y un equipo humano especializado que acompa\u00f1a a cada participante en su proceso de formaci\u00f3n. Esta plataforma combina lo mejor del aprendizaje online con un enfoque pr\u00e1ctico y cercano, convirti\u00e9ndose en un referente para la capacitaci\u00f3n en competencias digitales y en el uso de tecnolog\u00edas emergentes como la inteligencia artificial.<\/span><\/p>\n<p><span style=\"font-weight: 400\">La iniciativa, enmarcada en la <\/span><a href=\"https:\/\/www.redcide.es\/\"><span style=\"font-weight: 400\">Red CIDE<\/span><\/a><span style=\"font-weight: 400\"> y promovida por la Consejer\u00eda de Universidades, Ciencia e Innovaci\u00f3n y Cultura del Gobierno de Canarias a trav\u00e9s de la ACIISI, cuenta con la cofinanciaci\u00f3n del Fondo Europeo de Desarrollo Regional (FEDER) en un 85 %, en el marco del Programa Operativo FEDER Canarias 2021-2027. Con esta acci\u00f3n, la FGULL fortalece su misi\u00f3n de acercar la innovaci\u00f3n al tejido empresarial de Canarias, ofreciendo a profesionales y emprendedores una formaci\u00f3n actualizada, \u00fatil y estrat\u00e9gica que facilita la incorporaci\u00f3n de la inteligencia artificial en la gesti\u00f3n diaria y en los procesos de crecimiento.<\/span><\/p>\n","protected":false},"excerpt":{"rendered":"<p>La Fundaci\u00f3n General Universidad de La Laguna, a trav\u00e9s de su Centro CIDE y en el marco de la Red CIDE, ha puesto en marcha la formaci\u00f3n online IA 360: productividad y creatividad con inteligencia artificial para profesionales de empresa. Se trata de una iniciativa gratuita, valorada en 550 euros, que acerca el potencial de&#8230;<\/p>\n","protected":false},"author":50,"featured_media":59024,"comment_status":"closed","ping_status":"closed","sticky":false,"template":"","format":"standard","meta":{"footnotes":""},"categories":[10,7],"tags":[1646],"featured_image_thumbnail_url":"https:\/\/fg.ull.es\/noticias\/wp-content\/uploads\/sites\/2\/2025\/09\/image-64-300x200.png","_links":{"self":[{"href":"https:\/\/fg.ull.es\/noticias\/wp-json\/wp\/v2\/posts\/59020"}],"collection":[{"href":"https:\/\/fg.ull.es\/noticias\/wp-json\/wp\/v2\/posts"}],"about":[{"href":"https:\/\/fg.ull.es\/noticias\/wp-json\/wp\/v2\/types\/post"}],"author":[{"embeddable":true,"href":"https:\/\/fg.ull.es\/noticias\/wp-json\/wp\/v2\/users\/50"}],"replies":[{"embeddable":true,"href":"https:\/\/fg.ull.es\/noticias\/wp-json\/wp\/v2\/comments?post=59020"}],"version-history":[{"count":2,"href":"https:\/\/fg.ull.es\/noticias\/wp-json\/wp\/v2\/posts\/59020\/revisions"}],"predecessor-version":[{"id":59023,"href":"https:\/\/fg.ull.es\/noticias\/wp-json\/wp\/v2\/posts\/59020\/revisions\/59023"}],"wp:featuredmedia":[{"embeddable":true,"href":"https:\/\/fg.ull.es\/noticias\/wp-json\/wp\/v2\/media\/59024"}],"wp:attachment":[{"href":"https:\/\/fg.ull.es\/noticias\/wp-json\/wp\/v2\/media?parent=59020"}],"wp:term":[{"taxonomy":"category","embeddable":true,"href":"https:\/\/fg.ull.es\/noticias\/wp-json\/wp\/v2\/categories?post=59020"},{"taxonomy":"post_tag","embeddable":true,"href":"https:\/\/fg.ull.es\/noticias\/wp-json\/wp\/v2\/tags?post=59020"}],"curies":[{"name":"wp","href":"https:\/\/api.w.org\/{rel}","templated":true}]}}