{"id":58973,"date":"2025-09-24T14:03:55","date_gmt":"2025-09-24T13:03:55","guid":{"rendered":"https:\/\/fg.ull.es\/noticias\/?p=58973"},"modified":"2025-09-25T09:58:56","modified_gmt":"2025-09-25T08:58:56","slug":"idiomas-ull-analiza-papel-certificacion-empleabilidad-y-movilidad-internacional","status":"publish","type":"post","link":"https:\/\/fg.ull.es\/noticias\/2025\/09\/24\/idiomas-ull-analiza-papel-certificacion-empleabilidad-y-movilidad-internacional\/","title":{"rendered":"El Servicio de Idiomas de la ULL analiza el papel de la certificaci\u00f3n en la empleabilidad y la movilidad internacional"},"content":{"rendered":"<section class=\"wpb-content-wrapper\"><p>[vc_row][vc_column][vc_column_text]<span style=\"font-weight: 400\">El <\/span><a href=\"https:\/\/fg.ull.es\/idiomas\/\"><span style=\"font-weight: 400\">Servicio de Idiomas<\/span><\/a><span style=\"font-weight: 400\"> de la Universidad de La Laguna organiz\u00f3 ayer la <\/span><a href=\"https:\/\/www.ull.es\/portal\/agenda\/evento\/mesa-redonda-idiomas-y-empleabilidad-la-certificacion-como-pasaporte-para-la-movilidad\/\"><span style=\"font-weight: 400\">mesa redonda<\/span><\/a><span style=\"font-weight: 400\"> \u201cIdiomas y empleabilidad: la certificaci\u00f3n como pasaporte para la movilidad\u201d, celebrada en el aula F0.6 de la Facultad de Econom\u00eda, Empresa y Turismo y enmarcada en el ciclo \u00abLa importancia de acreditar los idiomas\u00bb con motivo de su 30.\u00ba aniversario. La sesi\u00f3n puso de relieve que, pese al uso creciente de herramientas de traducci\u00f3n autom\u00e1tica, universidades, empresas e instituciones contin\u00faan exigiendo acreditaciones oficiales para acceder a programas Erasmus, pr\u00e1cticas y empleo cualificado.<\/span><\/p>\n<p><span style=\"font-weight: 400\">Participaron Domingo Dom\u00ednguez Mesa, responsable de la Unidad de Asuntos Europeos, Relaciones Institucionales y Coordinaci\u00f3n del Servicio Administrativo de Acci\u00f3n Exterior del Cabildo de Tenerife; <\/span><a href=\"https:\/\/portalciencia.ull.es\/investigadores\/152322\/detalle\"><span style=\"font-weight: 400\">Pearl Theresa Isidoria Michel<\/span><\/a><span style=\"font-weight: 400\">, profesora del Departamento de Filolog\u00eda Cl\u00e1sica, Francesa, \u00c1rabe y Rom\u00e1nica, de la Universidad de La Laguna; y Emanuela Guidi, docente del Servicio de Idioma). Moder\u00f3 Reinhard Dlugay, docente del Servicio y jefe de estudios.<\/span><\/p>\n<p><span style=\"font-weight: 400\">El debate puso sobre la mesa ventajas y retos: reconocimiento formal de competencias, acceso a becas y movilidad y la necesidad de reforzar el dominio de lenguas extranjeras. Desde la perspectiva docente se remarc\u00f3 que \u00abno solo hay que dominar el idioma, sino certificarlo. Si uno no certifica, el idioma no existe\u00bb; tambi\u00e9n que incluso para programas de voluntariado se requieren idiomas, lo que convierte la acreditaci\u00f3n en un \u201cpasaporte\u201d real para moverse acad\u00e9mica y profesionalmente.<\/span><\/p>\n<p><span style=\"font-weight: 400\">Se record\u00f3, adem\u00e1s, que la instituci\u00f3n acad\u00e9mica, a trav\u00e9s de su Servicio de Idiomas, ofrece diferentes v\u00edas de acreditaci\u00f3n: certificaciones internacionales reconocidas, pruebas de nivel del Servicio de Idiomas, competencias ling\u00fc\u00edsticas en algunas titulaciones y asignaturas espec\u00edficas que permiten acreditar niveles como B1.<\/span><\/p>\n<p><span style=\"font-weight: 400\">En el transcurso de la sesi\u00f3n se presentaron a la comunidad universitaria las l\u00edneas de Becas \u00c1frica y Becas Am\u00e9rica del Cabildo de Tenerife. Becas \u00c1frica no cuenta actualmente con convocatoria abierta. Por su parte, <a href=\"https:\/\/fifede.org\/proyecto-movilidad\/becas-america-2025\/\">Becas Am\u00e9rica 2025<\/a> ofrece hasta 10 ayudas para realizar pr\u00e1cticas formativas no laborales en M\u00e9xico, Colombia o Uruguay, con estancias de hasta 8 meses e inicio previsto entre febrero y marzo de 2026; el plazo de solicitudes finaliza el 15 de octubre de 202.5. Adem\u00e1s, se detallaron las condiciones del programa que facilitan la movilidad: vuelos, alojamiento compartido, p\u00f3liza sanitaria y de responsabilidad, visado, vacunas (si procede) y una asignaci\u00f3n mensual de entre 500 y 900 euros, seg\u00fan destino y duraci\u00f3n.<\/span><\/p>\n<p><span style=\"font-weight: 400\">La actividad concluy\u00f3 con un turno de preguntas y el anuncio del sorteo de tres acciones formativas gratuitas del Servicio de Idiomas para el curso 2025\/2026 entre las personas asistentes.<\/span>[\/vc_column_text][vc_video link=&#8221;https:\/\/youtu.be\/BDD2pZkE7Zo&#8221;][\/vc_column][\/vc_row]<\/p>\n<\/section>","protected":false},"excerpt":{"rendered":"<p>[vc_row][vc_column][vc_column_text]El Servicio de Idiomas de la Universidad de La Laguna organiz\u00f3 ayer la mesa redonda \u201cIdiomas y empleabilidad: la certificaci\u00f3n como pasaporte para la movilidad\u201d, celebrada en el aula F0.6 de la Facultad de Econom\u00eda, Empresa y Turismo y enmarcada en el ciclo \u00abLa importancia de acreditar los idiomas\u00bb con motivo de su 30.\u00ba aniversario&#8230;.<\/p>\n","protected":false},"author":34,"featured_media":58974,"comment_status":"closed","ping_status":"closed","sticky":false,"template":"","format":"standard","meta":{"footnotes":""},"categories":[6,177,7],"tags":[1551,12,15,184,20],"featured_image_thumbnail_url":"https:\/\/fg.ull.es\/noticias\/wp-content\/uploads\/sites\/2\/2025\/09\/IMG_5841-LOW-300x200.jpg","_links":{"self":[{"href":"https:\/\/fg.ull.es\/noticias\/wp-json\/wp\/v2\/posts\/58973"}],"collection":[{"href":"https:\/\/fg.ull.es\/noticias\/wp-json\/wp\/v2\/posts"}],"about":[{"href":"https:\/\/fg.ull.es\/noticias\/wp-json\/wp\/v2\/types\/post"}],"author":[{"embeddable":true,"href":"https:\/\/fg.ull.es\/noticias\/wp-json\/wp\/v2\/users\/34"}],"replies":[{"embeddable":true,"href":"https:\/\/fg.ull.es\/noticias\/wp-json\/wp\/v2\/comments?post=58973"}],"version-history":[{"count":3,"href":"https:\/\/fg.ull.es\/noticias\/wp-json\/wp\/v2\/posts\/58973\/revisions"}],"predecessor-version":[{"id":58985,"href":"https:\/\/fg.ull.es\/noticias\/wp-json\/wp\/v2\/posts\/58973\/revisions\/58985"}],"wp:featuredmedia":[{"embeddable":true,"href":"https:\/\/fg.ull.es\/noticias\/wp-json\/wp\/v2\/media\/58974"}],"wp:attachment":[{"href":"https:\/\/fg.ull.es\/noticias\/wp-json\/wp\/v2\/media?parent=58973"}],"wp:term":[{"taxonomy":"category","embeddable":true,"href":"https:\/\/fg.ull.es\/noticias\/wp-json\/wp\/v2\/categories?post=58973"},{"taxonomy":"post_tag","embeddable":true,"href":"https:\/\/fg.ull.es\/noticias\/wp-json\/wp\/v2\/tags?post=58973"}],"curies":[{"name":"wp","href":"https:\/\/api.w.org\/{rel}","templated":true}]}}