{"id":58523,"date":"2025-06-19T12:02:33","date_gmt":"2025-06-19T11:02:33","guid":{"rendered":"https:\/\/fg.ull.es\/noticias\/?p=58523"},"modified":"2025-06-19T12:02:33","modified_gmt":"2025-06-19T11:02:33","slug":"mas-de-un-millar-de-escolares-y-docentes-disfrutaron-de-la-exposicion-de-cetaceos-de-loro-parque-fundacion","status":"publish","type":"post","link":"https:\/\/fg.ull.es\/noticias\/2025\/06\/19\/mas-de-un-millar-de-escolares-y-docentes-disfrutaron-de-la-exposicion-de-cetaceos-de-loro-parque-fundacion\/","title":{"rendered":"M\u00e1s de un millar de escolares y docentes disfrutaron de la exposici\u00f3n de cet\u00e1ceos de Loro Parque Fundaci\u00f3n"},"content":{"rendered":"<h4>Con motivo de la Feria de Cooperativas Escolares del Proyecto &#8220;Ense\u00f1ar para Emprender&#8221; se llev\u00f3 a cabo una exposici\u00f3n itinerante de cet\u00e1ceos de la Macaronesia.<\/h4>\n<p><span style=\"font-weight: 400\">La duod\u00e9cima edici\u00f3n del proyecto <\/span><a href=\"https:\/\/fg.ull.es\/empleo\/ensenar-para-emprender\/\"><b>\u201cEnse\u00f1ar para Emprender\u201d<\/b><\/a><span style=\"font-weight: 400\"> celebr\u00f3 con gran \u00e9xito la \u00faltima <\/span><b>Feria de Cooperativas Escolares<\/b><span style=\"font-weight: 400\">, realizada en el Parque Garc\u00eda Sanabr\u00eda, un evento que reuni\u00f3 a m\u00e1s de <\/span><b>1500 escolares y docentes<\/b><span style=\"font-weight: 400\"> de toda la isla y que, este a\u00f1o, cont\u00f3 con una colaboraci\u00f3n muy especial: la participaci\u00f3n de la <\/span><b>Fundaci\u00f3n Loro Parque<\/b><span style=\"font-weight: 400\">, que present\u00f3 su <\/span><b>exposici\u00f3n de cet\u00e1ceos<\/b><span style=\"font-weight: 400\">, convirti\u00e9ndose en la actividad did\u00e1ctica m\u00e1s visitada y valorada de toda la feria.<\/span><\/p>\n<p><span style=\"font-weight: 400\">La muestra, titulada <\/span><b>&#8220;Descubrir a los Cet\u00e1ceos&#8221;<\/b><span style=\"font-weight: 400\">, acerc\u00f3 a los visitantes a conocer m\u00e1s de estos mam\u00edferos marinos, a trav\u00e9s de una experiencia educativa, sensorial y profundamente respetuosa con el entorno natural. Las representaciones de especies cet\u00e1ceas \u2014a tama\u00f1o real\u2014 fueron expuestas para fomentar la concienciaci\u00f3n sobre su conservaci\u00f3n y los desaf\u00edos a los que se enfrentan en nuestros oc\u00e9anos.<\/span><\/p>\n<p><span style=\"font-weight: 400\">El evento cont\u00f3 con la presencia institucional del <\/span><b>alcalde de Santa Cruz de Tenerife<\/b><span style=\"font-weight: 400\">, <\/span><b>D. Jos\u00e9 Manuel Berm\u00fadez Esparza<\/b><span style=\"font-weight: 400\">; la <\/span><b>concejala de Asuntos Sociales, Educaci\u00f3n y Juventud del Ayuntamiento de Santa Cruz de Tenerife<\/b><span style=\"font-weight: 400\">, <\/span><b>D\u00f1a. Rosario Gonz\u00e1lez<\/b><span style=\"font-weight: 400\">; la <\/span><b>viceconsejera de Empleo del Gobierno de Canarias<\/b><span style=\"font-weight: 400\">, <\/span><b>D\u00f1a. Isabel Le\u00f3n Villalobos<\/b><span style=\"font-weight: 400\">; el <\/span><b>gerente de la Fundaci\u00f3n General de la Universidad de La Laguna<\/b><span style=\"font-weight: 400\">, <\/span><b>D. Julio Brito Santana<\/b><span style=\"font-weight: 400\">; el <\/span><b>director de la Agencia Universitaria de Empleo<\/b><span style=\"font-weight: 400\">, <\/span><b>D. Basilio de Le\u00f3n Poleo<\/b><span style=\"font-weight: 400\">; el <\/span><b>director de Estrategia, Datos y Sostenibilidad de Cajasiete<\/b><span style=\"font-weight: 400\">, <\/span><b>D. Carlos Alberto Gonz\u00e1lez Delgado<\/b><span style=\"font-weight: 400\">; y el <\/span><b>director de Relaciones Institucionales de Loro Parque<\/b><span style=\"font-weight: 400\">, <\/span><b>D. Ricardo Fern\u00e1ndez de la Puente.<\/b><\/p>\n<p><span style=\"font-weight: 400\">Loro Parque Fundaci\u00f3n lleva m\u00e1s de dos d\u00e9cadas realizando acciones de sensibilizaci\u00f3n sobre los cet\u00e1ceos de la Macaronesia con diferentes herramientas: paneles informativos, audiovisuales, charlas, avistamiento de cet\u00e1ceos, redes sociales, etc. Muestra del compromiso de la entidad con la protecci\u00f3n de las especies y sus ecosistemas.<\/span><\/p>\n<p><span style=\"font-weight: 400\">Desde la organizaci\u00f3n del proyecto, queremos agradecer de forma especial a la <\/span><b>Fundaci\u00f3n Loro Parque<\/b><span style=\"font-weight: 400\"> por su implicaci\u00f3n, su enfoque did\u00e1ctico y su compromiso con la divulgaci\u00f3n cient\u00edfica y la conservaci\u00f3n marina. Gracias a su participaci\u00f3n, esta edici\u00f3n ha marcado un hito tanto por su impacto educativo como por el entusiasmo generado entre los asistentes.<\/span><\/p>\n<p><span style=\"font-weight: 400\">El proyecto <a href=\"https:\/\/fg.ull.es\/empleo\/ensenar-para-emprender\/\"><strong>\u201cEnse\u00f1ar para Emprender\u201d<\/strong><\/a> contin\u00faa consolid\u00e1ndose como una estrategia integral de aprendizaje que combina emprendimiento, sostenibilidad y educaci\u00f3n ambiental, con el apoyo de entidades p\u00fablicas, privadas y del tercer sector.<\/span><\/p>\n","protected":false},"excerpt":{"rendered":"<p>Con motivo de la Feria de Cooperativas Escolares del Proyecto &#8220;Ense\u00f1ar para Emprender&#8221; se llev\u00f3 a cabo una exposici\u00f3n itinerante de cet\u00e1ceos de la Macaronesia. La duod\u00e9cima edici\u00f3n del proyecto \u201cEnse\u00f1ar para Emprender\u201d celebr\u00f3 con gran \u00e9xito la \u00faltima Feria de Cooperativas Escolares, realizada en el Parque Garc\u00eda Sanabr\u00eda, un evento que reuni\u00f3 a m\u00e1s&#8230;<\/p>\n","protected":false},"author":10,"featured_media":58526,"comment_status":"closed","ping_status":"closed","sticky":false,"template":"","format":"standard","meta":{"footnotes":""},"categories":[38,1411],"tags":[1632,40,1464,156,1630,1631],"featured_image_thumbnail_url":"https:\/\/fg.ull.es\/noticias\/wp-content\/uploads\/sites\/2\/2025\/06\/loro-2-300x200.jpg","_links":{"self":[{"href":"https:\/\/fg.ull.es\/noticias\/wp-json\/wp\/v2\/posts\/58523"}],"collection":[{"href":"https:\/\/fg.ull.es\/noticias\/wp-json\/wp\/v2\/posts"}],"about":[{"href":"https:\/\/fg.ull.es\/noticias\/wp-json\/wp\/v2\/types\/post"}],"author":[{"embeddable":true,"href":"https:\/\/fg.ull.es\/noticias\/wp-json\/wp\/v2\/users\/10"}],"replies":[{"embeddable":true,"href":"https:\/\/fg.ull.es\/noticias\/wp-json\/wp\/v2\/comments?post=58523"}],"version-history":[{"count":3,"href":"https:\/\/fg.ull.es\/noticias\/wp-json\/wp\/v2\/posts\/58523\/revisions"}],"predecessor-version":[{"id":58527,"href":"https:\/\/fg.ull.es\/noticias\/wp-json\/wp\/v2\/posts\/58523\/revisions\/58527"}],"wp:featuredmedia":[{"embeddable":true,"href":"https:\/\/fg.ull.es\/noticias\/wp-json\/wp\/v2\/media\/58526"}],"wp:attachment":[{"href":"https:\/\/fg.ull.es\/noticias\/wp-json\/wp\/v2\/media?parent=58523"}],"wp:term":[{"taxonomy":"category","embeddable":true,"href":"https:\/\/fg.ull.es\/noticias\/wp-json\/wp\/v2\/categories?post=58523"},{"taxonomy":"post_tag","embeddable":true,"href":"https:\/\/fg.ull.es\/noticias\/wp-json\/wp\/v2\/tags?post=58523"}],"curies":[{"name":"wp","href":"https:\/\/api.w.org\/{rel}","templated":true}]}}