{"id":58438,"date":"2025-06-12T12:42:42","date_gmt":"2025-06-12T11:42:42","guid":{"rendered":"https:\/\/fg.ull.es\/noticias\/?p=58438"},"modified":"2025-06-16T07:30:10","modified_gmt":"2025-06-16T06:30:10","slug":"santa-cruz-de-tenerife-ha-vivido-una-gran-jornada-con-la-feria-de-cooperativas-escolares","status":"publish","type":"post","link":"https:\/\/fg.ull.es\/noticias\/2025\/06\/12\/santa-cruz-de-tenerife-ha-vivido-una-gran-jornada-con-la-feria-de-cooperativas-escolares\/","title":{"rendered":"Santa Cruz de Tenerife vivi\u00f3 una jornada inolvidable con la Feria de Cooperativas Escolares de Ense\u00f1ar Para Emprender"},"content":{"rendered":"<section class=\"wpb-content-wrapper\"><p>[vc_row][vc_column][vc_column_text]<\/p>\n<h4>Hoy\u00a0 jueves 12 de junio, el Parque Garc\u00eda Sanabria se transform\u00f3 en un gran espacio de creatividad, emprendimiento y educaci\u00f3n con valores, gracias a la celebraci\u00f3n de la segunda edici\u00f3n insular de la Feria de Cooperativas Escolares del proyecto\u00a0 Ense\u00f1ar Para Emprender.<\/h4>\n<p><span style=\"font-weight: 400\">Han participado un total de<\/span><b> 27 centros educativos de toda la isla de Tenerife, m\u00e1s de 1200 alumnos y alumnas y alrededor de 300 docentes. Un total de 83 cooperativas <\/b><span style=\"font-weight: 400\">se dieron cita organizadas en 62 stands.<\/span><\/p>\n<p><span style=\"font-weight: 400\">Artesan\u00eda, papeler\u00eda, bisuter\u00eda, productos reciclados y mucho m\u00e1s, en una jornada que apost\u00f3 por la <\/span><b>econom\u00eda social y el emprendimiento juvenil<\/b><span style=\"font-weight: 400\"> como motor de cambio positivo.<\/span><\/p>\n<p><span style=\"font-weight: 400\">En el paseo inaugural nos acompa\u00f1aron el alcalde del Ayuntamiento de Santa Cruz de Tenerife, D. Jos\u00e9 Manuel Berm\u00fadez Esparza, la concejala de Asuntos Sociales, Educaci\u00f3n y Juventud del Ayuntamiento de Santa Cruz de Tenerife, D\u00f1a. Clar\u00edn Gonz\u00e1lez, la viceconsejera de Empleo del Gobierno de Canarias, D\u00f1a. Isabel Le\u00f3n Villalobos, el gerente de la Fundaci\u00f3n General de la Universidad de La Laguna, D. Julio Brito Santana, Basilio de Le\u00f3n Poleo, director de la Agencia Universitaria de Empleo, D. Carlos Alberto Gonz\u00e1lez Delgado,\u00a0<\/span><span style=\"font-weight: 400\">director de Estrategia, Datos y Sostenibilidad de Cajasiete, Ricardo Fern\u00e1ndez, director de Relaciones Institucionales de Loro Parque, D\u00f1a. Irene Melo Rodr\u00edguez, t\u00e9cnica del servicio de Innovaci\u00f3n Educativa del \u00e1rea Salud Escolar y Estilos de Vida Saludable y D\u00f1a. D\u00e1cil Vargas Mor\u00edn, asesora educativa en el Centro del Profesorado de Santa Cruz de Tenerife.\u00a0<\/span><\/p>\n<p>La <span style=\"font-weight: 400\">viceconsejera de Empleo del Gobierno de Canarias, Clar\u00edn Gonz\u00e1lez, destac\u00f3 la importancia de seguir contando con la feria de cooperativas en la ciudad de Santa Cruz, poniendo en valor el car\u00e1cter solidario del proyecto. Por otro lado, Carlos Delgado, representante de la entidad bancaria Cajasiete, recalc\u00f3 que &#8220;es un d\u00eda muy especial para EPE y todas las instituciones participantes&#8221;, subrayando la necesidad de emprender y potenciar el cooperativismo en una comunidad como Canarias.<\/span><\/p>\n<p>En \u00faltima instancia, <span style=\"font-weight: 400\">la viceconsejera de Empleo del Gobierno de Canarias, D\u00f1a. Isabel Le\u00f3n Villalobos, resalt\u00f3 el incremento del alumnado en esta doceava edici\u00f3n, as\u00ed como la expansi\u00f3n del proyecto a otras islas como El Hierro o La Gomera, poniendo el foco en fomentar la cultura emprendedora, colaborativa y solidaria.\u00a0<\/span><\/p>\n<p><span style=\"font-weight: 400\"><a href=\"https:\/\/fg.ull.es\/empleo\/ensenar-para-emprender\/\"><strong>Ense\u00f1ar para Emprender <\/strong><\/a>es un proyecto educativo, cooperativo y solidario que se encuentra ejecutado por la Agencia Universitaria de Empleo de la <strong>Fundaci\u00f3n General de la Universidad de La Laguna<\/strong>\u00a0y financiado por el\u00a0<strong>Servicio Canario de Empleo<\/strong>, entidad dependiente de la\u00a0<strong>Consejer\u00eda de Turismo y Empleo del Gobierno de Canarias<\/strong>\u00a0y con la colaboraci\u00f3n de la\u00a0<strong>Consejer\u00eda de Educaci\u00f3n, Formaci\u00f3n Profesional, Actividad F\u00edsica y Deportes<\/strong>.\u00a0<\/span>[\/vc_column_text][vc_empty_space][\/vc_column][\/vc_row][vc_row][vc_column][vc_gallery interval=&#8221;3&#8243; images=&#8221;58445,58446,58447,58448,58449,58450,58451,58452,58453,58454&#8243; img_size=&#8221;full&#8221;][\/vc_column][\/vc_row]<\/p>\n<\/section>","protected":false},"excerpt":{"rendered":"<p>[vc_row][vc_column][vc_column_text] Hoy\u00a0 jueves 12 de junio, el Parque Garc\u00eda Sanabria se transform\u00f3 en un gran espacio de creatividad, emprendimiento y educaci\u00f3n con valores, gracias a la celebraci\u00f3n de la segunda edici\u00f3n insular de la Feria de Cooperativas Escolares del proyecto\u00a0 Ense\u00f1ar Para Emprender. Han participado un total de 27 centros educativos de toda la isla&#8230;<\/p>\n","protected":false},"author":10,"featured_media":58461,"comment_status":"closed","ping_status":"closed","sticky":false,"template":"","format":"standard","meta":{"footnotes":""},"categories":[38,1411,7],"tags":[444,403,1464,156,1627,1628,1505,1626,1520,634],"featured_image_thumbnail_url":"https:\/\/fg.ull.es\/noticias\/wp-content\/uploads\/sites\/2\/2025\/06\/foto-epe-porta-300x169.jpg","_links":{"self":[{"href":"https:\/\/fg.ull.es\/noticias\/wp-json\/wp\/v2\/posts\/58438"}],"collection":[{"href":"https:\/\/fg.ull.es\/noticias\/wp-json\/wp\/v2\/posts"}],"about":[{"href":"https:\/\/fg.ull.es\/noticias\/wp-json\/wp\/v2\/types\/post"}],"author":[{"embeddable":true,"href":"https:\/\/fg.ull.es\/noticias\/wp-json\/wp\/v2\/users\/10"}],"replies":[{"embeddable":true,"href":"https:\/\/fg.ull.es\/noticias\/wp-json\/wp\/v2\/comments?post=58438"}],"version-history":[{"count":9,"href":"https:\/\/fg.ull.es\/noticias\/wp-json\/wp\/v2\/posts\/58438\/revisions"}],"predecessor-version":[{"id":58464,"href":"https:\/\/fg.ull.es\/noticias\/wp-json\/wp\/v2\/posts\/58438\/revisions\/58464"}],"wp:featuredmedia":[{"embeddable":true,"href":"https:\/\/fg.ull.es\/noticias\/wp-json\/wp\/v2\/media\/58461"}],"wp:attachment":[{"href":"https:\/\/fg.ull.es\/noticias\/wp-json\/wp\/v2\/media?parent=58438"}],"wp:term":[{"taxonomy":"category","embeddable":true,"href":"https:\/\/fg.ull.es\/noticias\/wp-json\/wp\/v2\/categories?post=58438"},{"taxonomy":"post_tag","embeddable":true,"href":"https:\/\/fg.ull.es\/noticias\/wp-json\/wp\/v2\/tags?post=58438"}],"curies":[{"name":"wp","href":"https:\/\/api.w.org\/{rel}","templated":true}]}}