{"id":58407,"date":"2025-06-06T12:46:18","date_gmt":"2025-06-06T11:46:18","guid":{"rendered":"https:\/\/fg.ull.es\/noticias\/?p=58407"},"modified":"2025-06-09T14:44:11","modified_gmt":"2025-06-09T13:44:11","slug":"resolucion-provisional-de-adjudicacion-de-becas-universitas-prolingua-segundo-cuatrimestre-2024-2025","status":"publish","type":"post","link":"https:\/\/fg.ull.es\/noticias\/2025\/06\/06\/resolucion-provisional-de-adjudicacion-de-becas-universitas-prolingua-segundo-cuatrimestre-2024-2025\/","title":{"rendered":"Resoluci\u00f3n provisional de adjudicaci\u00f3n de Becas Universitas Prolingua \u2013 Segundo Cuatrimestre 2024\/2025"},"content":{"rendered":"<p><span style=\"font-weight: 400\">Se publican los listados provisionales de becas <\/span><b>concedidas<\/b><span style=\"font-weight: 400\"> y <\/span><b>denegadas<\/b><span style=\"font-weight: 400\"> para el alumnado del Servicio de Idiomas de la Universidad de La Laguna matriculado en el segundo cuatrimestre del curso 2024\/2025.<\/span><\/p>\n<p><b>Listados provisionales:<\/b><\/p>\n<ul>\n<li style=\"font-weight: 400\"><a href=\"https:\/\/drive.google.com\/file\/d\/1ayJFx-4RLaLi-uNFzE2LcxombyCwXWH_\/view?usp=drive_link\" target=\"_blank\" rel=\"noopener\"><span style=\"font-weight: 400\">Listado provisional de becas concedidas<\/span><\/a><\/li>\n<li style=\"font-weight: 400\"><a href=\"https:\/\/drive.google.com\/file\/d\/1YVxpmMaJikYKIjsnPxCZXuV8YcRxP-d0\/view?usp=drive_link\" target=\"_blank\" rel=\"noopener\"><span style=\"font-weight: 400\">L<\/span><span style=\"font-weight: 400\">istado provisional de becas denegadas<\/span><\/a><\/li>\n<\/ul>\n<p><span style=\"font-weight: 400\">Se dispone de un plazo de <\/span><b>5 d\u00edas h\u00e1biles<\/b><span style=\"font-weight: 400\">, que finaliza el <\/span><b>13 de junio a las 23:59 horas<\/b><span style=\"font-weight: 400\">, para formular alegaciones. \u00c9stas se har\u00e1n, de <\/span><span style=\"font-weight: 400\">forma exclusiva por correo electr\u00f3nico<\/span><span style=\"font-weight: 400\">, enviando el documento de alegaciones cumplimentado a <\/span><a href=\"mailto:formacion@fg.ull.es\"><b>formacion@fg.ull.es<\/b><\/a><span style=\"font-weight: 400\"> ([formatos disponibles: <\/span><a href=\"https:\/\/docs.google.com\/document\/d\/1YLsS5igiKSfSo6-B9nXPG3u7TqvRR3QC\/edit?usp=drive_link&amp;ouid=113179592562885752431&amp;rtpof=true&amp;sd=true\" target=\"_blank\" rel=\"noopener\"><b>DOC<\/b><\/a><b>, <\/b><a href=\"https:\/\/drive.google.com\/file\/d\/136vwTd0J6cxAJlyy36Mji5zicg8Daa1N\/view?usp=sharing\" target=\"_blank\" rel=\"noopener\"><b>PDF<\/b><\/a><b>, <\/b><a href=\"https:\/\/drive.google.com\/file\/d\/1ApvGip9IPP0rHL5xb2-DMytQqrbsYwH1\/view?usp=sharing\" target=\"_blank\" rel=\"noopener\"><b>ODT<\/b><\/a><span style=\"font-weight: 400\">]).<\/span><\/p>\n<p><span style=\"font-weight: 400\">Una vez finalizado el plazo y resueltas las alegaciones, se proceder\u00e1 a la publicaci\u00f3n de los listados definitivos de adjudicaci\u00f3n de becas.<\/span><\/p>\n<p><span style=\"font-weight: 400\">Todas las solicitudes han sido valoradas conforme a los criterios establecidos en las <a href=\"https:\/\/drive.google.com\/file\/d\/1cWeIBlgiBu_diVq7BmvgvIpDwGoHs_C0\/view?usp=drive_link\" target=\"_blank\" rel=\"noopener\">bases de la <\/a><\/span><span style=\"font-weight: 400\">convocatoria<\/span><span style=\"font-weight: 400\">.<\/span><\/p>\n","protected":false},"excerpt":{"rendered":"<p>Se publican los listados provisionales de becas concedidas y denegadas para el alumnado del Servicio de Idiomas de la Universidad de La Laguna matriculado en el segundo cuatrimestre del curso 2024\/2025. Listados provisionales: Listado provisional de becas concedidas Listado provisional de becas denegadas Se dispone de un plazo de 5 d\u00edas h\u00e1biles, que finaliza el&#8230;<\/p>\n","protected":false},"author":6,"featured_media":0,"comment_status":"closed","ping_status":"closed","sticky":false,"template":"","format":"standard","meta":{"footnotes":""},"categories":[1404,1311,232],"tags":[],"featured_image_thumbnail_url":null,"_links":{"self":[{"href":"https:\/\/fg.ull.es\/noticias\/wp-json\/wp\/v2\/posts\/58407"}],"collection":[{"href":"https:\/\/fg.ull.es\/noticias\/wp-json\/wp\/v2\/posts"}],"about":[{"href":"https:\/\/fg.ull.es\/noticias\/wp-json\/wp\/v2\/types\/post"}],"author":[{"embeddable":true,"href":"https:\/\/fg.ull.es\/noticias\/wp-json\/wp\/v2\/users\/6"}],"replies":[{"embeddable":true,"href":"https:\/\/fg.ull.es\/noticias\/wp-json\/wp\/v2\/comments?post=58407"}],"version-history":[{"count":5,"href":"https:\/\/fg.ull.es\/noticias\/wp-json\/wp\/v2\/posts\/58407\/revisions"}],"predecessor-version":[{"id":58426,"href":"https:\/\/fg.ull.es\/noticias\/wp-json\/wp\/v2\/posts\/58407\/revisions\/58426"}],"wp:attachment":[{"href":"https:\/\/fg.ull.es\/noticias\/wp-json\/wp\/v2\/media?parent=58407"}],"wp:term":[{"taxonomy":"category","embeddable":true,"href":"https:\/\/fg.ull.es\/noticias\/wp-json\/wp\/v2\/categories?post=58407"},{"taxonomy":"post_tag","embeddable":true,"href":"https:\/\/fg.ull.es\/noticias\/wp-json\/wp\/v2\/tags?post=58407"}],"curies":[{"name":"wp","href":"https:\/\/api.w.org\/{rel}","templated":true}]}}