{"id":58377,"date":"2025-06-03T12:39:23","date_gmt":"2025-06-03T11:39:23","guid":{"rendered":"https:\/\/fg.ull.es\/noticias\/?p=58377"},"modified":"2025-06-03T12:43:11","modified_gmt":"2025-06-03T11:43:11","slug":"convocatoria-de-21-becas-universitas-prolingua-para-el-alumnado-del-servicio-de-idiomas-de-la-universidad-de-la-laguna-matriculado-durante-el-verano-2025","status":"publish","type":"post","link":"https:\/\/fg.ull.es\/noticias\/2025\/06\/03\/convocatoria-de-21-becas-universitas-prolingua-para-el-alumnado-del-servicio-de-idiomas-de-la-universidad-de-la-laguna-matriculado-durante-el-verano-2025\/","title":{"rendered":"Convocatoria de 21 Becas Universitas Prolingua para el alumnado del Servicio de Idiomas de la Universidad de La Laguna matriculado durante el VERANO 2025"},"content":{"rendered":"<p><span style=\"font-weight: 400\">Se convocan <\/span><b>21 becas<\/b><span style=\"font-weight: 400\"> para el aprendizaje de idiomas, de <\/span><b>150 euros<\/b><span style=\"font-weight: 400\"> cada una, que cubrir\u00e1n parcialmente el precio de la matr\u00edcula del <\/span><b>alumnado del Servicio de Idiomas de la Universidad de La Laguna<\/b><span style=\"font-weight: 400\"> durante el <\/span><b>verano 2025<\/b><\/p>\n<p><b>Requisitos:<\/b><\/p>\n<ul>\n<li style=\"font-weight: 400\"><span style=\"font-weight: 400\">Podr\u00e1n participar en esta convocatoria las personas <\/span><b>empadronadas en alg\u00fan municipio de Tenerife<\/b><span style=\"font-weight: 400\">, con al menos un a\u00f1o de antig\u00fcedad inmediatamente anterior a la fecha de finalizaci\u00f3n de presentaci\u00f3n de solicitudes.<\/span><\/li>\n<\/ul>\n<p><b>Plazo de solicitud:<\/b><\/p>\n<ul>\n<li style=\"font-weight: 400\"><span style=\"font-weight: 400\">Se podr\u00e1 formalizar la solicitud hasta el <\/span><b>3 de julio 2025<\/b><span style=\"font-weight: 400\">, adjuntando el formulario de solicitud firmado junto a la documentaci\u00f3n que acredite los requisitos y m\u00e9ritos establecidos en la convocatoria, <\/span><b>\u00fanicamente de forma telem\u00e1tica<\/b><span style=\"font-weight: 400\"> en:<\/span>\n<ul>\n<li style=\"font-weight: 400\"><a href=\"https:\/\/sede.fg.ull.es\/es\/empleo\/detalle?code=a25030184&amp;name=solicitud-de-beca-prolingua-verano-2025\" target=\"_blank\" rel=\"noopener\"><span style=\"font-weight: 400\">Solicitud de beca Prolingua<\/span><\/a><\/li>\n<\/ul>\n<\/li>\n<\/ul>\n<p><b>Documentos disponibles:<\/b><\/p>\n<ul>\n<li style=\"font-weight: 400\"><a href=\"https:\/\/drive.google.com\/file\/d\/1ifzcsUowRbj60O7SACQKi8ZWg1TWq63n\/view\" target=\"_blank\" rel=\"noopener\"><span style=\"font-weight: 400\">Bases de la convocatoria<\/span><\/a><\/li>\n<li style=\"font-weight: 400\"><span style=\"font-weight: 400\">Formulario de solicitud (<a href=\"https:\/\/docs.google.com\/document\/d\/12huPyv70Z-y6AwkqIHO6x1ul-fjkbzPY\/edit?usp=sharing&amp;ouid=103821116611271165256&amp;rtpof=true&amp;sd=true\" target=\"_blank\" rel=\"noopener\">DOC<\/a>, <a href=\"https:\/\/drive.google.com\/file\/d\/1vRCxih6Y9qFnaXUkSeMP3qH9dzLVo0bH\/view\" target=\"_blank\" rel=\"noopener\">PDF<\/a>, <a href=\"https:\/\/drive.google.com\/file\/d\/1lbB9qhGRILY5wbc3riAHOKxc9JoT7FKB\/view\" target=\"_blank\" rel=\"noopener\">ODT)<\/a><\/span><\/li>\n<\/ul>\n<p><span style=\"font-weight: 400\">Estas becas est\u00e1n subvencionadas por el <\/span><b>Cabildo Insular de Tenerife<\/b><span style=\"font-weight: 400\"> y cofinanciadas por el <\/span><b>FDCAN<\/b><span style=\"font-weight: 400\">.<\/span><\/p>\n","protected":false},"excerpt":{"rendered":"<p>Se convocan 21 becas para el aprendizaje de idiomas, de 150 euros cada una, que cubrir\u00e1n parcialmente el precio de la matr\u00edcula del alumnado del Servicio de Idiomas de la Universidad de La Laguna durante el verano 2025 Requisitos: Podr\u00e1n participar en esta convocatoria las personas empadronadas en alg\u00fan municipio de Tenerife, con al menos&#8230;<\/p>\n","protected":false},"author":6,"featured_media":0,"comment_status":"closed","ping_status":"closed","sticky":false,"template":"","format":"standard","meta":{"footnotes":""},"categories":[1404,1311,232],"tags":[],"featured_image_thumbnail_url":null,"_links":{"self":[{"href":"https:\/\/fg.ull.es\/noticias\/wp-json\/wp\/v2\/posts\/58377"}],"collection":[{"href":"https:\/\/fg.ull.es\/noticias\/wp-json\/wp\/v2\/posts"}],"about":[{"href":"https:\/\/fg.ull.es\/noticias\/wp-json\/wp\/v2\/types\/post"}],"author":[{"embeddable":true,"href":"https:\/\/fg.ull.es\/noticias\/wp-json\/wp\/v2\/users\/6"}],"replies":[{"embeddable":true,"href":"https:\/\/fg.ull.es\/noticias\/wp-json\/wp\/v2\/comments?post=58377"}],"version-history":[{"count":1,"href":"https:\/\/fg.ull.es\/noticias\/wp-json\/wp\/v2\/posts\/58377\/revisions"}],"predecessor-version":[{"id":58378,"href":"https:\/\/fg.ull.es\/noticias\/wp-json\/wp\/v2\/posts\/58377\/revisions\/58378"}],"wp:attachment":[{"href":"https:\/\/fg.ull.es\/noticias\/wp-json\/wp\/v2\/media?parent=58377"}],"wp:term":[{"taxonomy":"category","embeddable":true,"href":"https:\/\/fg.ull.es\/noticias\/wp-json\/wp\/v2\/categories?post=58377"},{"taxonomy":"post_tag","embeddable":true,"href":"https:\/\/fg.ull.es\/noticias\/wp-json\/wp\/v2\/tags?post=58377"}],"curies":[{"name":"wp","href":"https:\/\/api.w.org\/{rel}","templated":true}]}}