{"id":58344,"date":"2025-05-29T12:08:21","date_gmt":"2025-05-29T11:08:21","guid":{"rendered":"https:\/\/fg.ull.es\/noticias\/?p=58344"},"modified":"2025-05-29T12:08:21","modified_gmt":"2025-05-29T11:08:21","slug":"arona-celebro-una-jornada-clave-para-el-impulso-de-las-zonas-comerciales-abiertas-centrada-en-innovacion-sostenibilidad-y-digitalizacion-empresarial","status":"publish","type":"post","link":"https:\/\/fg.ull.es\/noticias\/2025\/05\/29\/arona-celebro-una-jornada-clave-para-el-impulso-de-las-zonas-comerciales-abiertas-centrada-en-innovacion-sostenibilidad-y-digitalizacion-empresarial\/","title":{"rendered":"Arona celebr\u00f3 una jornada clave para el impulso de las Zonas Comerciales Abiertas centrada en innovaci\u00f3n, sostenibilidad y digitalizaci\u00f3n empresarial"},"content":{"rendered":"<section class=\"wpb-content-wrapper\"><p>[vc_row][vc_column][vc_column_text]<\/p>\n<h4>El pasado martes, 27 de mayo, el Centro Empresarial de Arona, ubicado en Las Galletas, acogi\u00f3 la jornada \u2018Zonas Comerciales Abiertas: claves para su desarrollo y especializaci\u00f3n\u2019, una cita estrat\u00e9gica que reuni\u00f3 a representantes institucionales, expertos nacionales y profesionales del comercio para abordar los retos y oportunidades de las zonas comerciales urbanas en clave de innovaci\u00f3n, sostenibilidad y digitalizaci\u00f3n.<\/h4>\n<p>La actividad se enmarca dentro del programa ARN INNOVA 2024\/26, impulsado por el Ayuntamiento de Arona en colaboraci\u00f3n con la Universidad de La Laguna \u00a0y su Fundaci\u00f3n General, y se integra tambi\u00e9n dentro del Curso Universitario Superior de Gesti\u00f3n de la Empresa Comercial.<\/p>\n<p>La jornada fue inaugurada por la alcaldesa de Arona, F\u00e1tima Lemes Rever\u00f3n; el director general de Comercio y Consumo del Gobierno de Canarias, David Mille Pomposo; la vicerrectora de estudiantes de la ULL, Mar\u00eda Rosario Hern\u00e1ndez Borges; y el gerente de la FGULL, Julio Antonio Brito Santana<span style=\"font-weight: 400\">.<\/span><\/p>\n<p><span style=\"font-weight: 400\">El programa incluy\u00f3 ponencias y una mesa redonda en la que participaron destacados profesionales del sector comercial:<\/span><\/p>\n<ul>\n<li style=\"font-weight: 400\"><b>Rodolfo Pangua<\/b><span style=\"font-weight: 400\">, gerente del Centro Comercial Abierto de Teruel, present\u00f3 un caso de \u00e9xito sobre digitalizaci\u00f3n y cupones compartidos en el peque\u00f1o comercio.<\/span><\/li>\n<li style=\"font-weight: 400\"><b>Carmen Moreno<\/b><span style=\"font-weight: 400\">, gerente de la Uni\u00f3n de Comerciantes del Principado de Asturias, habl\u00f3 sobre la gesti\u00f3n basada en valores compartidos.<\/span><\/li>\n<li style=\"font-weight: 400\"><b>Mark Llobet<\/b><span style=\"font-weight: 400\">, presidente de la ZCA Triana de Las Palmas de Gran Canaria, abord\u00f3 la importancia del empleado como elemento diferenciador.<\/span><\/li>\n<li style=\"font-weight: 400\"><span style=\"font-weight: 400\"><b>Abbas Moujir<\/b>, presidente de la Federaci\u00f3n de \u00c1reas Urbanas de Canarias (FAUCA), centr\u00f3 su intervenci\u00f3n en la sostenibilidad e innovaci\u00f3n aplicada a las ZCA.<\/span><\/li>\n<\/ul>\n<p><span style=\"font-weight: 400\">La jornada concluy\u00f3 con un espacio de <\/span><b>networking<\/b><span style=\"font-weight: 400\">, que favoreci\u00f3 el intercambio de ideas y la creaci\u00f3n de sinergias entre el \u00e1mbito empresarial, acad\u00e9mico e institucional.<\/span><\/p>\n<p><span style=\"font-weight: 400\">Este encuentro se enmarca dentro de una estrategia m\u00e1s amplia de dinamizaci\u00f3n del comercio local promovida desde el Ayuntamiento de Arona. A trav\u00e9s de este programa formativo<\/span><span style=\"font-weight: 400\">, se han previsto otras acciones complementarias como:<\/span><\/p>\n<ol>\n<li><span style=\"font-weight: 400\">Formaci\u00f3n especializada en gesti\u00f3n de empresas comerciales.<\/span><\/li>\n<li><span style=\"font-weight: 400\">Visitas a zonas comerciales de referencia.<\/span><\/li>\n<li><span style=\"font-weight: 400\">Convocatorias de ayudas para la especializaci\u00f3n del comercio.<\/span><\/li>\n<li><span style=\"font-weight: 400\">Encuentros de innovaci\u00f3n como hackathones.<\/span><\/li>\n<\/ol>\n<p><span style=\"font-weight: 400\">Este acto refuerza el compromiso del municipio con el desarrollo de un comercio <b>urbano, competitivo y sostenible<\/b>, contribuyendo a la <b>profesionalizaci\u00f3n del tejido empresarial local<\/b> y a la creaci\u00f3n de un entorno m\u00e1s innovador y resiliente.<\/span><\/p>\n<p>&nbsp;<\/p>\n<p>[\/vc_column_text][\/vc_column][\/vc_row]<\/p>\n<\/section>","protected":false},"excerpt":{"rendered":"<p>[vc_row][vc_column][vc_column_text] El pasado martes, 27 de mayo, el Centro Empresarial de Arona, ubicado en Las Galletas, acogi\u00f3 la jornada \u2018Zonas Comerciales Abiertas: claves para su desarrollo y especializaci\u00f3n\u2019, una cita estrat\u00e9gica que reuni\u00f3 a representantes institucionales, expertos nacionales y profesionales del comercio para abordar los retos y oportunidades de las zonas comerciales urbanas en clave&#8230;<\/p>\n","protected":false},"author":10,"featured_media":58347,"comment_status":"closed","ping_status":"closed","sticky":false,"template":"","format":"standard","meta":{"footnotes":""},"categories":[38,278],"tags":[202,602,1483,1363,1624,1393],"featured_image_thumbnail_url":"https:\/\/fg.ull.es\/noticias\/wp-content\/uploads\/sites\/2\/2025\/05\/500830539_1208640817962747_5750015912721250940_n-300x200.jpg","_links":{"self":[{"href":"https:\/\/fg.ull.es\/noticias\/wp-json\/wp\/v2\/posts\/58344"}],"collection":[{"href":"https:\/\/fg.ull.es\/noticias\/wp-json\/wp\/v2\/posts"}],"about":[{"href":"https:\/\/fg.ull.es\/noticias\/wp-json\/wp\/v2\/types\/post"}],"author":[{"embeddable":true,"href":"https:\/\/fg.ull.es\/noticias\/wp-json\/wp\/v2\/users\/10"}],"replies":[{"embeddable":true,"href":"https:\/\/fg.ull.es\/noticias\/wp-json\/wp\/v2\/comments?post=58344"}],"version-history":[{"count":4,"href":"https:\/\/fg.ull.es\/noticias\/wp-json\/wp\/v2\/posts\/58344\/revisions"}],"predecessor-version":[{"id":58349,"href":"https:\/\/fg.ull.es\/noticias\/wp-json\/wp\/v2\/posts\/58344\/revisions\/58349"}],"wp:featuredmedia":[{"embeddable":true,"href":"https:\/\/fg.ull.es\/noticias\/wp-json\/wp\/v2\/media\/58347"}],"wp:attachment":[{"href":"https:\/\/fg.ull.es\/noticias\/wp-json\/wp\/v2\/media?parent=58344"}],"wp:term":[{"taxonomy":"category","embeddable":true,"href":"https:\/\/fg.ull.es\/noticias\/wp-json\/wp\/v2\/categories?post=58344"},{"taxonomy":"post_tag","embeddable":true,"href":"https:\/\/fg.ull.es\/noticias\/wp-json\/wp\/v2\/tags?post=58344"}],"curies":[{"name":"wp","href":"https:\/\/api.w.org\/{rel}","templated":true}]}}