{"id":58308,"date":"2025-05-26T12:44:58","date_gmt":"2025-05-26T11:44:58","guid":{"rendered":"https:\/\/fg.ull.es\/noticias\/?p=58308"},"modified":"2025-05-28T08:51:47","modified_gmt":"2025-05-28T07:51:47","slug":"el-ayuntamiento-de-santa-cruz-acoge-el-acto-de-entrega-del-permiso-de-ventas-para-la-feria-de-cooperativas-escolares-de-tenerife","status":"publish","type":"post","link":"https:\/\/fg.ull.es\/noticias\/2025\/05\/26\/el-ayuntamiento-de-santa-cruz-acoge-el-acto-de-entrega-del-permiso-de-ventas-para-la-feria-de-cooperativas-escolares-de-tenerife\/","title":{"rendered":"El Ayuntamiento de Santa Cruz acoge el acto de entrega del permiso de ventas para la Feria de Cooperativas Escolares de Tenerife"},"content":{"rendered":"<section class=\"wpb-content-wrapper\"><p>[vc_row][vc_column][vc_column_text]<\/p>\n<h4><span style=\"font-weight: 400\">Este lunes 26 de mayo se ha celebrado en el Sal\u00f3n de Plenos del Ayuntamiento de Santa Cruz de Tenerife un acto muy especial enmarcado en el proyecto <\/span><span style=\"font-weight: 400\">Ense\u00f1ar para Emprender<\/span><span style=\"font-weight: 400\">: la entrega del permiso de ventas al alumnado participante en la Feria de Cooperativas Escolares de Tenerife.<\/span><\/h4>\n<p><span style=\"font-weight: 400\">El evento ha contado con la participaci\u00f3n de <\/span><b>8 centros educativos<\/b><span style=\"font-weight: 400\"> de la isla de Tenerife y ha reunido a m\u00e1s de <\/span><b>80 alumnos, alumnas y profesorado<\/b><span style=\"font-weight: 400\">, que han recibido este permiso, paso clave para simular el inicio de su actividad emprendedora.<\/span><\/p>\n<p><span style=\"font-weight: 400\">Durante el acto estuvieron presentes las autoridades responsables de hacer entrega del permiso de ventas al alumnado:<\/span><i><\/i><\/p>\n<ul>\n<li style=\"font-weight: 400\"><b>D\u00f1a. Rosario Gonz\u00e1lez Carballo<\/b><span style=\"font-weight: 400\">, c<\/span><span style=\"font-weight: 400\">oncejala de Acci\u00f3n Social y presidenta del Instituto Municipal de Acci\u00f3n Social<\/span><\/li>\n<li style=\"font-weight: 400\"><b>D. Julio Brito Santana<\/b><span style=\"font-weight: 400\">, d<\/span><span style=\"font-weight: 400\">irector gerente de la Fundaci\u00f3n General de la Universidad de La Laguna<\/span><\/li>\n<li style=\"font-weight: 400\"><strong>D. Carlos Alberto Gonz\u00e1lez Delgado<\/strong><i><span style=\"font-weight: 400\">, <\/span><\/i><span style=\"font-weight: 400\">d<\/span><span style=\"font-weight: 400\">irector de Estrategia, Datos y Sostenibilidad en Cajasiete<\/span><\/li>\n<\/ul>\n<p><span style=\"font-weight: 400\">Este momento marca el inicio de la experiencia emprendedora para el alumnado, que culminar\u00e1 el pr\u00f3ximo <\/span><b>12 de junio en el Parque Garc\u00eda Sanabria<\/b><span style=\"font-weight: 400\">, donde pondr\u00e1n en pr\u00e1ctica todo lo aprendido vendiendo sus productos y servicios al p\u00fablico general.<\/span><\/p>\n<p><i><span style=\"font-weight: 400\">Ense\u00f1ar para Emprender<\/span><\/i><span style=\"font-weight: 400\"> es una iniciativa educativa que promueve valores como el trabajo en equipo, la creatividad y la responsabilidad, fomentando una cultura emprendedora desde las aulas y conectando al alumnado con la realidad econ\u00f3mica y social de su entorno.<\/span><\/p>\n<p><span style=\"font-weight: 400\">Desde las instituciones organizadoras y colaboradoras se ha puesto en valor el compromiso del profesorado, el entusiasmo del alumnado y la colaboraci\u00f3n de las entidades implicadas para hacer posible esta experiencia de gran impacto educativo y social.<\/span>[\/vc_column_text][\/vc_column][\/vc_row][vc_row][vc_column][vc_empty_space][\/vc_column][\/vc_row][vc_row][vc_column][vc_gallery interval=&#8221;3&#8243; images=&#8221;58322,58323,58324,58325,58326,58327,58328,58329&#8243; img_size=&#8221;full&#8221;][\/vc_column][\/vc_row]<\/p>\n<\/section>","protected":false},"excerpt":{"rendered":"<p>[vc_row][vc_column][vc_column_text] Este lunes 26 de mayo se ha celebrado en el Sal\u00f3n de Plenos del Ayuntamiento de Santa Cruz de Tenerife un acto muy especial enmarcado en el proyecto Ense\u00f1ar para Emprender: la entrega del permiso de ventas al alumnado participante en la Feria de Cooperativas Escolares de Tenerife. El evento ha contado con la&#8230;<\/p>\n","protected":false},"author":10,"featured_media":58315,"comment_status":"closed","ping_status":"closed","sticky":false,"template":"","format":"standard","meta":{"footnotes":""},"categories":[38,1411,7],"tags":[444,40,154,1514,1520],"featured_image_thumbnail_url":"https:\/\/fg.ull.es\/noticias\/wp-content\/uploads\/sites\/2\/2025\/05\/FOTO-PERMISO-VENTAS-EPE-300x200.jpg","_links":{"self":[{"href":"https:\/\/fg.ull.es\/noticias\/wp-json\/wp\/v2\/posts\/58308"}],"collection":[{"href":"https:\/\/fg.ull.es\/noticias\/wp-json\/wp\/v2\/posts"}],"about":[{"href":"https:\/\/fg.ull.es\/noticias\/wp-json\/wp\/v2\/types\/post"}],"author":[{"embeddable":true,"href":"https:\/\/fg.ull.es\/noticias\/wp-json\/wp\/v2\/users\/10"}],"replies":[{"embeddable":true,"href":"https:\/\/fg.ull.es\/noticias\/wp-json\/wp\/v2\/comments?post=58308"}],"version-history":[{"count":8,"href":"https:\/\/fg.ull.es\/noticias\/wp-json\/wp\/v2\/posts\/58308\/revisions"}],"predecessor-version":[{"id":58316,"href":"https:\/\/fg.ull.es\/noticias\/wp-json\/wp\/v2\/posts\/58308\/revisions\/58316"}],"wp:featuredmedia":[{"embeddable":true,"href":"https:\/\/fg.ull.es\/noticias\/wp-json\/wp\/v2\/media\/58315"}],"wp:attachment":[{"href":"https:\/\/fg.ull.es\/noticias\/wp-json\/wp\/v2\/media?parent=58308"}],"wp:term":[{"taxonomy":"category","embeddable":true,"href":"https:\/\/fg.ull.es\/noticias\/wp-json\/wp\/v2\/categories?post=58308"},{"taxonomy":"post_tag","embeddable":true,"href":"https:\/\/fg.ull.es\/noticias\/wp-json\/wp\/v2\/tags?post=58308"}],"curies":[{"name":"wp","href":"https:\/\/api.w.org\/{rel}","templated":true}]}}