{"id":58283,"date":"2025-05-23T11:27:17","date_gmt":"2025-05-23T10:27:17","guid":{"rendered":"https:\/\/fg.ull.es\/noticias\/?p=58283"},"modified":"2025-05-23T11:28:11","modified_gmt":"2025-05-23T10:28:11","slug":"santa-cruz-de-la-palma-acoge-por-segundo-ano-consecutivo-la-feria-de-cooperativas-escolares-del-proyecto-ensenar-para-emprender","status":"publish","type":"post","link":"https:\/\/fg.ull.es\/noticias\/2025\/05\/23\/santa-cruz-de-la-palma-acoge-por-segundo-ano-consecutivo-la-feria-de-cooperativas-escolares-del-proyecto-ensenar-para-emprender\/","title":{"rendered":"Santa Cruz de La Palma acoge por segundo a\u00f1o consecutivo la Feria de Cooperativas Escolares del proyecto Ense\u00f1ar para Emprender"},"content":{"rendered":"<section class=\"wpb-content-wrapper\"><p>[vc_row][vc_column][vc_column_text]<\/p>\n<h4>Este viernes 23 de mayo, la calle O\u00b4Daly,\u00a0 frente a la Plaza de la P\u00e9rgola ha sido nuevamente el punto de encuentro para la celebraci\u00f3n de la Feria de Cooperativas Escolares del proyecto educativo Ense\u00f1ar para Emprender. Este evento, que ya se ha consolidado como una cita anual en el municipio, ha reunido alrededor de 50 escolares y docentes de dos centros educativos.<\/h4>\n<p><span style=\"font-weight: 400\">Durante la jornada, el alumnado participante present\u00f3 el trabajo realizado a lo largo del curso escolar mediante la <\/span><b>simulaci\u00f3n de cooperativas escolares<\/b><span style=\"font-weight: 400\">, una metodolog\u00eda que les ha permitido aprender sobre emprendimiento, trabajo en equipo, responsabilidad y toma de decisiones a trav\u00e9s de la creaci\u00f3n de productos que ser\u00e1n ofrecidos al p\u00fablico en la feria.<\/span><\/p>\n<p><span style=\"font-weight: 400\">Las dos cooperativas escolares que han estado presentes en el evento han sido constituidas por los propios alumnos y alumnas de los centros <\/span><b>CEIP Jedey<\/b><span style=\"font-weight: 400\">\u00a0 e <\/span><b>IES Eusebio Barreto<\/b><span style=\"font-weight: 400\">, quienes han asumido distintos roles dentro de la organizaci\u00f3n y gesti\u00f3n de sus iniciativas emprendedoras.<\/span><\/p>\n<p><span style=\"font-weight: 400\">Esta feria no solo ha supuesto una oportunidad para que los estudiantes pongan en pr\u00e1ctica sus conocimientos y habilidades, sino que tambi\u00e9n fortalece el v\u00ednculo entre la comunidad educativa y el entorno local, promoviendo una cultura emprendedora desde edades tempranas.<\/span><\/p>\n<p>Asistieron a la feria de cooperativas<b> D. Asier Antona, alcalde de Santa Cruz de La Palma, D. Basilio de Le\u00f3n, director de La Agencia Universitaria de Empleo y Anibal \u00c1lvarez Rguez, director de zona de la entidad bancaria Cajasiete, <\/b><span style=\"font-weight: 400\">quienes pudieron conocer de cerca el trabajo del alumnado, compartir impresiones y valorar el impacto positivo de este tipo de experiencias educativas, que no solo potencian habilidades emprendedoras, sino que tambi\u00e9n generan una mayor implicaci\u00f3n entre la escuela y su entorno social.<\/span><\/p>\n<p><span style=\"font-weight: 400\">Con esta <strong>segunda edici\u00f3n consecutiva en la isla de La Palma<\/strong>, la feria refuerza su papel como espacio de aprendizaje activo, celebraci\u00f3n del talento joven y compromiso con una educaci\u00f3n que prepara para el futuro.<\/span>[\/vc_column_text][\/vc_column][\/vc_row][vc_row][vc_column][vc_empty_space][vc_gallery interval=&#8221;3&#8243; images=&#8221;58286,58287,58288,58289,58290,58291,58292,58293&#8243; img_size=&#8221;full&#8221; title=&#8221;Feria de Cooperativas Escolares La Palma&#8221;][\/vc_column][\/vc_row]<\/p>\n<\/section>","protected":false},"excerpt":{"rendered":"<p>[vc_row][vc_column][vc_column_text] Este viernes 23 de mayo, la calle O\u00b4Daly,\u00a0 frente a la Plaza de la P\u00e9rgola ha sido nuevamente el punto de encuentro para la celebraci\u00f3n de la Feria de Cooperativas Escolares del proyecto educativo Ense\u00f1ar para Emprender. Este evento, que ya se ha consolidado como una cita anual en el municipio, ha reunido alrededor&#8230;<\/p>\n","protected":false},"author":10,"featured_media":58284,"comment_status":"closed","ping_status":"closed","sticky":false,"template":"","format":"standard","meta":{"footnotes":""},"categories":[38,1411],"tags":[1509,403,40,1464,154,58],"featured_image_thumbnail_url":"https:\/\/fg.ull.es\/noticias\/wp-content\/uploads\/sites\/2\/2025\/05\/foto-web-300x225.jpeg","_links":{"self":[{"href":"https:\/\/fg.ull.es\/noticias\/wp-json\/wp\/v2\/posts\/58283"}],"collection":[{"href":"https:\/\/fg.ull.es\/noticias\/wp-json\/wp\/v2\/posts"}],"about":[{"href":"https:\/\/fg.ull.es\/noticias\/wp-json\/wp\/v2\/types\/post"}],"author":[{"embeddable":true,"href":"https:\/\/fg.ull.es\/noticias\/wp-json\/wp\/v2\/users\/10"}],"replies":[{"embeddable":true,"href":"https:\/\/fg.ull.es\/noticias\/wp-json\/wp\/v2\/comments?post=58283"}],"version-history":[{"count":6,"href":"https:\/\/fg.ull.es\/noticias\/wp-json\/wp\/v2\/posts\/58283\/revisions"}],"predecessor-version":[{"id":58298,"href":"https:\/\/fg.ull.es\/noticias\/wp-json\/wp\/v2\/posts\/58283\/revisions\/58298"}],"wp:featuredmedia":[{"embeddable":true,"href":"https:\/\/fg.ull.es\/noticias\/wp-json\/wp\/v2\/media\/58284"}],"wp:attachment":[{"href":"https:\/\/fg.ull.es\/noticias\/wp-json\/wp\/v2\/media?parent=58283"}],"wp:term":[{"taxonomy":"category","embeddable":true,"href":"https:\/\/fg.ull.es\/noticias\/wp-json\/wp\/v2\/categories?post=58283"},{"taxonomy":"post_tag","embeddable":true,"href":"https:\/\/fg.ull.es\/noticias\/wp-json\/wp\/v2\/tags?post=58283"}],"curies":[{"name":"wp","href":"https:\/\/api.w.org\/{rel}","templated":true}]}}