{"id":58255,"date":"2025-05-20T12:33:01","date_gmt":"2025-05-20T11:33:01","guid":{"rendered":"https:\/\/fg.ull.es\/noticias\/?p=58255"},"modified":"2025-05-20T12:39:07","modified_gmt":"2025-05-20T11:39:07","slug":"juntas-en-la-misma-direccion-muestra-en-granadilla-convive-algunas-claves-para-favorecer-la-convivencia-intercultural","status":"publish","type":"post","link":"https:\/\/fg.ull.es\/noticias\/2025\/05\/20\/juntas-en-la-misma-direccion-muestra-en-granadilla-convive-algunas-claves-para-favorecer-la-convivencia-intercultural\/","title":{"rendered":"\u2018Juntas En la misma direcci\u00f3n\u2019 muestra en Granadilla Convive algunas claves para favorecer la convivencia intercultural"},"content":{"rendered":"<h3><span style=\"font-weight: 400\">Los grupos de participaci\u00f3n de la estrategia muestran su labor e invitan a la sociedad tinerfe\u00f1a a intervenir en el proceso de fortalecimiento de la convivencia en la isla.\u00a0<\/span><\/h3>\n<p><span style=\"font-weight: 400\">\u2018Juntas En la misma direcci\u00f3n\u2019 ha participado en la jornada comunitaria Granadilla Convive, celebrada en la plaza de la Cultura de San Isidro, alrededor de una muestra de tradiciones y gastronom\u00eda que resaltan el car\u00e1cter multicultural del municipio. Tambi\u00e9n se han desarrollado diversos di\u00e1logos con personas con distintas experiencias migratorias, radio en directo, actuaciones musicales, etc. Con todo, lo fundamental del evento ha sido el encuentro y la relaci\u00f3n entre las muchas personas que se acercaron al recinto festivo, cuya actividad se extendi\u00f3 entre las 11.00 y las 21.00 horas.<\/span><\/p>\n<p><span style=\"font-weight: 400\"><img decoding=\"async\" loading=\"lazy\" class=\" wp-image-58261 alignleft\" src=\"https:\/\/fg.ull.es\/noticias\/wp-content\/uploads\/sites\/2\/2025\/05\/noticia11-300x210.png\" alt=\"\" width=\"291\" height=\"204\" srcset=\"https:\/\/fg.ull.es\/noticias\/wp-content\/uploads\/sites\/2\/2025\/05\/noticia11-300x210.png 300w, https:\/\/fg.ull.es\/noticias\/wp-content\/uploads\/sites\/2\/2025\/05\/noticia11-375x263.png 375w, https:\/\/fg.ull.es\/noticias\/wp-content\/uploads\/sites\/2\/2025\/05\/noticia11.png 573w\" sizes=\"(max-width: 291px) 100vw, 291px\" \/>Los grupos de participaci\u00f3n fueron protagonistas del desarrollo y presentaci\u00f3n del proyecto \u2018Juntas En la misma direcci\u00f3n\u2019, la estrategia insular de Tenerife para la gesti\u00f3n de la diversidad y la promoci\u00f3n de la convivencia desde una mirada intercultural. De hecho, su presencia en Granadilla Convive viene de la mano de la colaboraci\u00f3n que se ha establecido con su Ayuntamiento a partir del desarrollo de \u2018Tenerife vive Diversidad\u2019, el marco estrat\u00e9gico insular de convivencia intercultural, que se expresa en el municipio sobre todo a trav\u00e9s del trabajo realizado en los centros de educaci\u00f3n secundaria.<\/span><\/p>\n<p><span style=\"font-weight: 400\">Aparte de la presencia de personas representantes de grupos de trabajo como \u2018Estrategia Tenerife Antirrumores\u2019, \u2018Participaci\u00f3n Social\u2019 y \u2018Di\u00e1logo Interreligioso de Tenerife\u2019<\/span><span style=\"font-weight: 400\">, <\/span><span style=\"font-weight: 400\">\u00a0la intervenci\u00f3n de \u2018Juntas En la misma direcci\u00f3n\u2019 asimismo se centr\u00f3 en la propuesta de un modelo de ruta o paseo para conocer la diversidad cultural de localidades como San Isidro, con la finalidad de mejorar la comprensi\u00f3n de su car\u00e1cter multicultural. En este caso, profundizando en los cambios que se han producido en esta parte del sur de Tenerife durante las d\u00e9cadas centrales del siglo XX, con la mejora de las comunicaciones, la llegada del agua y la extensi\u00f3n de los cultivos de exportaci\u00f3n, las primeras experiencias tur\u00edsticas, procesos que favorecen la inmigraci\u00f3n en sus distintas formas.\u00a0<\/span><\/p>\n<p><span style=\"font-weight: 400\">Asimismo, los grupos de trabajo participaron en una mesa redonda centrada en el sentir de las personas migrantes presentes en la isla, en la que compartieron sus experiencias en primera persona y leyeron un fragmento del poema \u2018La maleta\u2019 del escritor canario Pedro Lezcano. Como cierre, se realiz\u00f3 una din\u00e1mica de \u2018speed-chat intercultural\u2019, en la que, a partir de tres preguntas al azar, las personas participantes reflexionaron sobre la participaci\u00f3n social y la diversidad. <img decoding=\"async\" loading=\"lazy\" class=\" wp-image-58266 alignright\" src=\"https:\/\/fg.ull.es\/noticias\/wp-content\/uploads\/sites\/2\/2025\/05\/9464DB46-2DBA-4B93-A8C5-8720D2CEE2C3_1_105_c-300x225.jpeg\" alt=\"\" width=\"314\" height=\"235\" srcset=\"https:\/\/fg.ull.es\/noticias\/wp-content\/uploads\/sites\/2\/2025\/05\/9464DB46-2DBA-4B93-A8C5-8720D2CEE2C3_1_105_c-300x225.jpeg 300w, https:\/\/fg.ull.es\/noticias\/wp-content\/uploads\/sites\/2\/2025\/05\/9464DB46-2DBA-4B93-A8C5-8720D2CEE2C3_1_105_c-768x576.jpeg 768w, https:\/\/fg.ull.es\/noticias\/wp-content\/uploads\/sites\/2\/2025\/05\/9464DB46-2DBA-4B93-A8C5-8720D2CEE2C3_1_105_c-375x281.jpeg 375w, https:\/\/fg.ull.es\/noticias\/wp-content\/uploads\/sites\/2\/2025\/05\/9464DB46-2DBA-4B93-A8C5-8720D2CEE2C3_1_105_c-750x563.jpeg 750w, https:\/\/fg.ull.es\/noticias\/wp-content\/uploads\/sites\/2\/2025\/05\/9464DB46-2DBA-4B93-A8C5-8720D2CEE2C3_1_105_c-108x81.jpeg 108w, https:\/\/fg.ull.es\/noticias\/wp-content\/uploads\/sites\/2\/2025\/05\/9464DB46-2DBA-4B93-A8C5-8720D2CEE2C3_1_105_c.jpeg 1024w\" sizes=\"(max-width: 314px) 100vw, 314px\" \/><\/span><\/p>\n<p><span style=\"font-weight: 400\">La consejera insular de Acci\u00f3n Social, Participaci\u00f3n Ciudadana, Voluntariado e Inclusi\u00f3n del Cabildo de Tenerife, \u00c1gueda Fumero, destac\u00f3 \u201cla importancia de participar en este tipo de encuentros, que visibilizan las oportunidades que tiene la sociedad tinerfe\u00f1a para construir una comunidad m\u00e1s inclusiva y cohesionada, aprovechando adem\u00e1s el valor de su diversidad cultural\u201d. La consejera subray\u00f3 tambi\u00e9n \u201cel caudal de recursos que se han consolidado a trav\u00e9s de \u2018Juntas En la misma direcci\u00f3n\u2019 a lo largo del tiempo, y que el Cabildo seguir\u00e1 poniendo al alcance de toda la ciudadan\u00eda\u201d.<\/span><\/p>\n<p><span style=\"font-weight: 400\">Por su parte, el director del proyecto y profesor de la Universidad de La Laguna, Vicente Zapata, valor\u00f3 \u201cel inter\u00e9s de participar activamente en espacios abiertos a la ciudadan\u00eda, que favorecen el di\u00e1logo y las relaciones entre personas procedentes de m\u00faltiples lugares. Espacios que permiten, adem\u00e1s, profundizar en el conocimiento compartido del entorno como v\u00eda para incorporar los principios del enfoque intercultural, una pr\u00e1ctica ya consolidada en numerosos territorios que reconocen la diversidad como motor de progreso\u201d.<\/span><\/p>\n<p><span style=\"font-weight: 400\">Cabe recordar que \u2018Juntas En la misma direcci\u00f3n\u2019 es la estrategia para la promoci\u00f3n de la convivencia intercultural en Tenerife. Est\u00e1 impulsada por el Cabildo Insular, a trav\u00e9s del \u00e1rea de Acci\u00f3n Social, Participaci\u00f3n Ciudadana, Voluntariado e Inclusi\u00f3n, y cuenta con el apoyo de la Universidad de La Laguna, mediante su Fundaci\u00f3n General. En el caso de Granadilla de Abona, la estrategia se implementa a trav\u00e9s de \u2018Tenerife vive Diversidad\u2019, en virtud de un convenio de colaboraci\u00f3n firmado con el Ayuntamiento en 2021, siendo este el primer municipio de la isla en incorporarse a esta propuesta de trabajo compartido.<\/span><\/p>\n","protected":false},"excerpt":{"rendered":"<p>Los grupos de participaci\u00f3n de la estrategia muestran su labor e invitan a la sociedad tinerfe\u00f1a a intervenir en el proceso de fortalecimiento de la convivencia en la isla.\u00a0 \u2018Juntas En la misma direcci\u00f3n\u2019 ha participado en la jornada comunitaria Granadilla Convive, celebrada en la plaza de la Cultura de San Isidro, alrededor de una&#8230;<\/p>\n","protected":false},"author":50,"featured_media":58270,"comment_status":"closed","ping_status":"closed","sticky":false,"template":"","format":"standard","meta":{"footnotes":""},"categories":[1,655,657,7],"tags":[],"featured_image_thumbnail_url":"https:\/\/fg.ull.es\/noticias\/wp-content\/uploads\/sites\/2\/2025\/05\/IMG-20250520-WA0005-300x191.jpg","_links":{"self":[{"href":"https:\/\/fg.ull.es\/noticias\/wp-json\/wp\/v2\/posts\/58255"}],"collection":[{"href":"https:\/\/fg.ull.es\/noticias\/wp-json\/wp\/v2\/posts"}],"about":[{"href":"https:\/\/fg.ull.es\/noticias\/wp-json\/wp\/v2\/types\/post"}],"author":[{"embeddable":true,"href":"https:\/\/fg.ull.es\/noticias\/wp-json\/wp\/v2\/users\/50"}],"replies":[{"embeddable":true,"href":"https:\/\/fg.ull.es\/noticias\/wp-json\/wp\/v2\/comments?post=58255"}],"version-history":[{"count":8,"href":"https:\/\/fg.ull.es\/noticias\/wp-json\/wp\/v2\/posts\/58255\/revisions"}],"predecessor-version":[{"id":58271,"href":"https:\/\/fg.ull.es\/noticias\/wp-json\/wp\/v2\/posts\/58255\/revisions\/58271"}],"wp:featuredmedia":[{"embeddable":true,"href":"https:\/\/fg.ull.es\/noticias\/wp-json\/wp\/v2\/media\/58270"}],"wp:attachment":[{"href":"https:\/\/fg.ull.es\/noticias\/wp-json\/wp\/v2\/media?parent=58255"}],"wp:term":[{"taxonomy":"category","embeddable":true,"href":"https:\/\/fg.ull.es\/noticias\/wp-json\/wp\/v2\/categories?post=58255"},{"taxonomy":"post_tag","embeddable":true,"href":"https:\/\/fg.ull.es\/noticias\/wp-json\/wp\/v2\/tags?post=58255"}],"curies":[{"name":"wp","href":"https:\/\/api.w.org\/{rel}","templated":true}]}}