{"id":58230,"date":"2025-05-20T10:45:20","date_gmt":"2025-05-20T09:45:20","guid":{"rendered":"https:\/\/fg.ull.es\/noticias\/?p=58230"},"modified":"2025-05-23T11:53:09","modified_gmt":"2025-05-23T10:53:09","slug":"barrios-por-el-empleo-comparte-su-experiencia-en-barcelona","status":"publish","type":"post","link":"https:\/\/fg.ull.es\/noticias\/2025\/05\/20\/barrios-por-el-empleo-comparte-su-experiencia-en-barcelona\/","title":{"rendered":"Barrios por el Empleo comparte su experiencia en Barcelona"},"content":{"rendered":"<section class=\"wpb-content-wrapper\"><p>[vc_row][vc_column][vc_column_text]<\/p>\n<h3>El personal del proyecto L\u00e1bora del Ayuntamiento de Barcelona conoce los principios y el planteamiento metodol\u00f3gico de la experiencia tinerfe\u00f1a orientada a la mejora de la empleabilidad con enfoque comunitario<\/h3>\n<p>El proyecto \u2018Barrios por el Empleo: Juntos m\u00e1s Fuertes\u2019 ha desarrollado una importante actividad de transferencia de sus resultados y aprendizajes en Barcelona, aprovechando la ocasi\u00f3n para conocer la trayectoria y algunas iniciativas vinculadas a L\u00e1bora, experiencia del Ayuntamiento de Barcelona que se lleva a cabo a trav\u00e9s de una particular organizaci\u00f3n de entidades sociales con presencia en el territorio municipal.<\/p>\n<p>Mediante diversos encuentros t\u00e9cnicos, visitas a experiencias con efecto demostrativo y una charla-coloquio al personal de L\u00e1bora y sus entidades vinculadas, se ha desarrollado una actividad de intercambio y transferencia del m\u00e1ximo inter\u00e9s, puesto que ha permitido el encuentro de dos proyectos que acumulan una d\u00e9cada de trabajo abordando tem\u00e1ticas similares, centrados en la mejora de la empleabilidad y la promoci\u00f3n de la inclusi\u00f3n sociolaboral.<\/p>\n<p>La actividad m\u00e1s concurrida ha sido la charla-coloquio que ha contado con la participaci\u00f3n del personal t\u00e9cnico vinculado a las distintas entidades que participan de la red L\u00e1bora, m\u00e1s de cincuenta personas que se desempe\u00f1an como orientadoras y asesoras de empresas, adem\u00e1s del equipo que coordina su actuaci\u00f3n. Entre los temas que m\u00e1s inter\u00e9s despertaron entre las participantes, destaca el planteamiento y desempe\u00f1o comunitario de \u2018Barrios por el Empleo\u2019 a lo largo de su ya dilatada trayectoria.<\/p>\n<p><img decoding=\"async\" loading=\"lazy\" class=\" wp-image-58232 alignleft\" src=\"https:\/\/fg.ull.es\/noticias\/wp-content\/uploads\/sites\/2\/2025\/05\/1000229638-300x225.jpg\" alt=\"\" width=\"325\" height=\"244\" srcset=\"https:\/\/fg.ull.es\/noticias\/wp-content\/uploads\/sites\/2\/2025\/05\/1000229638-300x225.jpg 300w, https:\/\/fg.ull.es\/noticias\/wp-content\/uploads\/sites\/2\/2025\/05\/1000229638-1024x768.jpg 1024w, https:\/\/fg.ull.es\/noticias\/wp-content\/uploads\/sites\/2\/2025\/05\/1000229638-768x576.jpg 768w, https:\/\/fg.ull.es\/noticias\/wp-content\/uploads\/sites\/2\/2025\/05\/1000229638-1536x1152.jpg 1536w, https:\/\/fg.ull.es\/noticias\/wp-content\/uploads\/sites\/2\/2025\/05\/1000229638-2048x1536.jpg 2048w, https:\/\/fg.ull.es\/noticias\/wp-content\/uploads\/sites\/2\/2025\/05\/1000229638-375x281.jpg 375w, https:\/\/fg.ull.es\/noticias\/wp-content\/uploads\/sites\/2\/2025\/05\/1000229638-750x563.jpg 750w, https:\/\/fg.ull.es\/noticias\/wp-content\/uploads\/sites\/2\/2025\/05\/1000229638-1140x855.jpg 1140w, https:\/\/fg.ull.es\/noticias\/wp-content\/uploads\/sites\/2\/2025\/05\/1000229638-108x81.jpg 108w\" sizes=\"(max-width: 325px) 100vw, 325px\" \/>Junto a esta cuesti\u00f3n, tambi\u00e9n despert\u00f3 inter\u00e9s la estructura de gobernanza del proyecto tinerfe\u00f1o, que conjuga a distintas entidades en torno al Cabildo de Tenerife y FIFEDE. La composici\u00f3n y el desempe\u00f1o de su equipo t\u00e9cnico, la variada propuesta formativa o la gesti\u00f3n de la informaci\u00f3n y sus indicadores, asimismo fueron temas abordados y acerca de los que se demand\u00f3 m\u00e1s profundidad. Al igual que en el caso de la participaci\u00f3n y aporte de la Universidad de La Laguna y su Fundaci\u00f3n General, circunstancia en cierto modo in\u00e9dita en este tipo de proyectos.<\/p>\n<p>Durante la visita a Barcelona, se conocieron distintas instalaciones y experiencias relacionadas con L\u00e1bora, como es, por ejemplo, el \u2018Hub Social\u2019 promovido por la Fundaci\u00f3n Bofill, modelo de espacio abierto de cooperaci\u00f3n e innovaci\u00f3n social por la equidad.\u00a0 La Fundaci\u00f3n Ared, una de las diversas entidades que desarrollan el programa L\u00e1bora en el contexto municipal, y que, adem\u00e1s, lleva a cabo numerosas iniciativas de formaci\u00f3n, programas de inserci\u00f3n, acompa\u00f1amiento, e incluso, impulsa un centro especial de empleo, contando con un recorrido de m\u00e1s de 30 a\u00f1os trabajando principalmente con mujeres en situaci\u00f3n de vulnerabilidad.<\/p>\n<p>Asimismo se conoci\u00f3 \u2018Cibernarium\u2019, el programa de capacitaci\u00f3n y divulgaci\u00f3n tecnol\u00f3gica de \u2018Barcelona Activa\u2019, la agencia de desarrollo econ\u00f3mico local de la capital catalana, que ofrece, con car\u00e1cter gratuito, formaci\u00f3n tecnol\u00f3gica desde el nivel b\u00e1sico hasta el avanzado a cualquier persona (sin requisitos previos). Esta iniciativa cuenta con diferentes enclaves alrededor de toda la ciudad, con el objetivo de acercar el conocimiento de las nuevas tecnolog\u00edas a toda la poblaci\u00f3n desde hace 25 a\u00f1os.<img decoding=\"async\" loading=\"lazy\" class=\"size-medium wp-image-58231 alignright\" src=\"https:\/\/fg.ull.es\/noticias\/wp-content\/uploads\/sites\/2\/2025\/05\/1000229630-300x225.jpg\" alt=\"\" width=\"300\" height=\"225\" srcset=\"https:\/\/fg.ull.es\/noticias\/wp-content\/uploads\/sites\/2\/2025\/05\/1000229630-300x225.jpg 300w, https:\/\/fg.ull.es\/noticias\/wp-content\/uploads\/sites\/2\/2025\/05\/1000229630-1024x768.jpg 1024w, https:\/\/fg.ull.es\/noticias\/wp-content\/uploads\/sites\/2\/2025\/05\/1000229630-768x576.jpg 768w, https:\/\/fg.ull.es\/noticias\/wp-content\/uploads\/sites\/2\/2025\/05\/1000229630-1536x1152.jpg 1536w, https:\/\/fg.ull.es\/noticias\/wp-content\/uploads\/sites\/2\/2025\/05\/1000229630-375x281.jpg 375w, https:\/\/fg.ull.es\/noticias\/wp-content\/uploads\/sites\/2\/2025\/05\/1000229630-750x563.jpg 750w, https:\/\/fg.ull.es\/noticias\/wp-content\/uploads\/sites\/2\/2025\/05\/1000229630-1140x855.jpg 1140w, https:\/\/fg.ull.es\/noticias\/wp-content\/uploads\/sites\/2\/2025\/05\/1000229630-108x81.jpg 108w, https:\/\/fg.ull.es\/noticias\/wp-content\/uploads\/sites\/2\/2025\/05\/1000229630.jpg 2048w\" sizes=\"(max-width: 300px) 100vw, 300px\" \/><\/p>\n<p>Finalmente, se comparti\u00f3 una experiencia gastron\u00f3mica con la \u2018Productora Social Mesclad\u00eds\u2019, una red de cinco restaurantes y un catering en los que se desarrolla desde 2005 el programa formativo \u2018Cuinant Oportunitats\u2019, que facilita la inserci\u00f3n laboral en hosteler\u00eda a personas vulnerables a trav\u00e9s de una metodolog\u00eda integral.<\/p>\n<p>El Consejero de Empleo y Educaci\u00f3n, Efra\u00edn Medina, resalt\u00f3 el trabajo realizado desde Barrios por el Empleo para sacar adelante iniciativas de gran calado y que influye en la mejora de la calidad de vida de los tinerfe\u00f1os. \u201cEstamos trabajando para generar nuevas oportunidades en el mercado laboral y, desde luego Barrios por el Empleo es un gran ejemplo que incide tambi\u00e9n en que, en Tenerife, mes tras mes, est\u00e9 bajando sus datos de paro y, hoy por hoy, se coloque como locomotora y motor de crecimiento econ\u00f3mico en la regi\u00f3n\u201d.<\/p>\n<p>Vicente Zapata, profesor de la ULL y referente de la Fundaci\u00f3n General en \u2018Barrios por el Empleo: Juntos m\u00e1s Fuertes\u2019, destaca \u201cla importancia de identificar proyectos con los que podamos tener afinidad, de la misma envergadura y trayectoria que Barrios por el Empleo, para establecer un intercambio y colaboraci\u00f3n estable que pueda generar positivos aprendizajes que nos ayuden a mejorar\u201d. \u201cL\u00e1bora ofrece elementos de indudable valor que pueden ser una referencia positiva para afianzar nuestra experiencia y enriquecer las distintas l\u00edneas de trabajo activas\u201d, afirma Zapata.<\/p>\n<p>La experiencia de intercambio asimismo cont\u00f3 con la participaci\u00f3n de Rut L\u00f3pez, coordinadora de \u2018Barrios por el Empleo: Juntos m\u00e1s Fuertes\u2019 en el marco de actuaci\u00f3n de la Fundaci\u00f3n General de la Universidad de La Laguna, y de Silvia Acosta, t\u00e9cnica responsable de la unidad de gesti\u00f3n y transferencia del conocimiento vinculada a la misma entidad. Se ha previsto que personal de L\u00e1bora pueda desplazarse a Tenerife cuando se den las circunstancias para ello, para que pueda completarse el intercambio y se pueda profundizar en la colaboraci\u00f3n iniciada.[\/vc_column_text][\/vc_column][\/vc_row]<\/p>\n<\/section>","protected":false},"excerpt":{"rendered":"<p>[vc_row][vc_column][vc_column_text] El personal del proyecto L\u00e1bora del Ayuntamiento de Barcelona conoce los principios y el planteamiento metodol\u00f3gico de la experiencia tinerfe\u00f1a orientada a la mejora de la empleabilidad con enfoque comunitario El proyecto \u2018Barrios por el Empleo: Juntos m\u00e1s Fuertes\u2019 ha desarrollado una importante actividad de transferencia de sus resultados y aprendizajes en Barcelona, aprovechando&#8230;<\/p>\n","protected":false},"author":61,"featured_media":58233,"comment_status":"closed","ping_status":"closed","sticky":false,"template":"","format":"standard","meta":{"footnotes":""},"categories":[38,354,2,10,655],"tags":[],"featured_image_thumbnail_url":"https:\/\/fg.ull.es\/noticias\/wp-content\/uploads\/sites\/2\/2025\/05\/1000229639-300x225.jpg","_links":{"self":[{"href":"https:\/\/fg.ull.es\/noticias\/wp-json\/wp\/v2\/posts\/58230"}],"collection":[{"href":"https:\/\/fg.ull.es\/noticias\/wp-json\/wp\/v2\/posts"}],"about":[{"href":"https:\/\/fg.ull.es\/noticias\/wp-json\/wp\/v2\/types\/post"}],"author":[{"embeddable":true,"href":"https:\/\/fg.ull.es\/noticias\/wp-json\/wp\/v2\/users\/61"}],"replies":[{"embeddable":true,"href":"https:\/\/fg.ull.es\/noticias\/wp-json\/wp\/v2\/comments?post=58230"}],"version-history":[{"count":10,"href":"https:\/\/fg.ull.es\/noticias\/wp-json\/wp\/v2\/posts\/58230\/revisions"}],"predecessor-version":[{"id":58300,"href":"https:\/\/fg.ull.es\/noticias\/wp-json\/wp\/v2\/posts\/58230\/revisions\/58300"}],"wp:featuredmedia":[{"embeddable":true,"href":"https:\/\/fg.ull.es\/noticias\/wp-json\/wp\/v2\/media\/58233"}],"wp:attachment":[{"href":"https:\/\/fg.ull.es\/noticias\/wp-json\/wp\/v2\/media?parent=58230"}],"wp:term":[{"taxonomy":"category","embeddable":true,"href":"https:\/\/fg.ull.es\/noticias\/wp-json\/wp\/v2\/categories?post=58230"},{"taxonomy":"post_tag","embeddable":true,"href":"https:\/\/fg.ull.es\/noticias\/wp-json\/wp\/v2\/tags?post=58230"}],"curies":[{"name":"wp","href":"https:\/\/api.w.org\/{rel}","templated":true}]}}