{"id":58123,"date":"2025-05-09T07:51:25","date_gmt":"2025-05-09T06:51:25","guid":{"rendered":"https:\/\/fg.ull.es\/noticias\/?p=58123"},"modified":"2025-05-09T09:41:31","modified_gmt":"2025-05-09T08:41:31","slug":"patronato-fgull-aprueba-cuentas-anuales-2024-y-liquida-canon-con-la-ull","status":"publish","type":"post","link":"https:\/\/fg.ull.es\/noticias\/2025\/05\/09\/patronato-fgull-aprueba-cuentas-anuales-2024-y-liquida-canon-con-la-ull\/","title":{"rendered":"El Patronato de la FGULL aprueba las cuentas anuales de 2024 y liquida el canon con la Universidad de\u202fLa\u202fLaguna"},"content":{"rendered":"<p><span style=\"font-weight: 400\">El Patronato de la Fundaci\u00f3n General de la Universidad de La Laguna se reuni\u00f3 el pasado viernes, 25 de abril, para la presentaci\u00f3n y aprobaci\u00f3n de las cuentas anuales correspondientes al ejercicio econ\u00f3mico de 2024. Durante la sesi\u00f3n se sometieron a examen el balance, la cuenta de resultados, la memoria explicativa, el grado de cumplimiento del Plan de\u202fActuaci\u00f3n y el inventario actualizado de la entidad.<\/span><\/p>\n<h4><b>Asistentes<\/b><\/h4>\n<ul>\n<li style=\"font-weight: 400\"><b>Presidente<\/b><span style=\"font-weight: 400\">:\u202fFrancisco\u202fJavier\u202fGarc\u00eda\u202fRodr\u00edguez, rector de la Universidad de\u202fLa\u202fLaguna.<\/span><\/li>\n<li style=\"font-weight: 400\"><b>Vicepresidente<\/b><span style=\"font-weight: 400\">:\u202fFrancisco\u202fAlmeida\u202fOssa, presidente del Consejo Social de la Universidad de\u202fLa\u202fLaguna.<\/span><\/li>\n<li style=\"font-weight: 400\"><b>Vocales<\/b><span style=\"font-weight: 400\">:<\/span>\n<ul>\n<li style=\"font-weight: 400\"><span style=\"font-weight: 400\">Jos\u00e9\u202fManuel\u202fGarc\u00eda\u202fFraga, vicerrector de Docencia.<\/span><\/li>\n<li style=\"font-weight: 400\"><span style=\"font-weight: 400\">Mar\u00eda\u202fRosario\u202fHern\u00e1ndez\u202fBorges, vicerrectora de Estudiantes.<\/span><\/li>\n<li style=\"font-weight: 400\"><span style=\"font-weight: 400\">Antonio\u202fAparicio\u202fJuan, vicerrector de Investigaci\u00f3n y Transferencia.<\/span><\/li>\n<li style=\"font-weight: 400\"><span style=\"font-weight: 400\">Pablo\u202fD\u00edaz\u202fCobiella, consejero de Cultura, Educaci\u00f3n, Patrimonio y Artesan\u00eda del Cabildo Insular de\u202fLa\u202fPalma (asiste en representaci\u00f3n de un vocal que excusa su presencia y le delega el voto).<\/span><\/li>\n<li style=\"font-weight: 400\"><span style=\"font-weight: 400\">Luis\u202fYeray\u202fGuti\u00e9rrez\u202fP\u00e9rez, alcalde de San\u202fCrist\u00f3bal de\u202fLa\u202fLaguna, representado por Adri\u00e1n\u202fSergio\u202fEiroa\u202fSantana, concejal de\u202fEducaci\u00f3n y Juventud (asistencia telem\u00e1tica).<\/span><\/li>\n<li style=\"font-weight: 400\"><span style=\"font-weight: 400\">Jos\u00e9\u202fMiguel\u202fRodr\u00edguez\u202fFraga, alcalde de la Villa Hist\u00f3rica de Adeje (excusa su asistencia).<\/span><\/li>\n<li style=\"font-weight: 400\"><span style=\"font-weight: 400\">Juan\u202fJos\u00e9\u202fMart\u00ednez\u202fD\u00edaz, presidente del Consejo de Administraci\u00f3n del Parque Cient\u00edfico y Tecnol\u00f3gico de Tenerife, S.A. (asistencia telem\u00e1tica).<\/span><\/li>\n<\/ul>\n<\/li>\n<li style=\"font-weight: 400\"><b>Secretario (con voz, sin voto)<\/b><span style=\"font-weight: 400\">:\u202fJulio\u202fAntonio\u202fBrito\u202fSantana, director\u2011gerente de la FGULL.<\/span><\/li>\n<\/ul>\n<p><span style=\"font-weight: 400\">Asimismo, el Patronato aprob\u00f3 la liquidaci\u00f3n del canon anual establecido con la Universidad de La Laguna, una contribuci\u00f3n fundamental para mantener la colaboraci\u00f3n estrat\u00e9gica y operativa entre ambas instituciones.<\/span><\/p>\n<p><span style=\"font-weight: 400\">En el apartado de donaciones se destacaron las aportaciones recibidas durante el \u00faltimo a\u00f1o, esenciales para impulsar iniciativas alineadas con los objetivos institucionales. Entre ellas figuran:<\/span><\/p>\n<ul>\n<li style=\"font-weight: 400\"><b>Cajasiete<\/b><span style=\"font-weight: 400\">, que colabora en proyectos como <\/span><strong><a href=\"https:\/\/fg.ull.es\/empleo\/ensenar-para-emprender\/\">Ense\u00f1ar para Emprender<\/a><\/strong> <span style=\"font-weight: 400\">y el <\/span><a href=\"http:\/\/ull.es\/idiomas\"><b>Servicio de\u202fIdiomas de la ULL<\/b><\/a><span style=\"font-weight: 400\">.<\/span><\/li>\n<li style=\"font-weight: 400\"><b>Fundaci\u00f3n Kishoo<\/b><span style=\"font-weight: 400\">, cuyo donativo se destina \u00edntegramente a promover la investigaci\u00f3n en telemedicina, rob\u00f3tica y telecirug\u00eda.<\/span><\/li>\n<li style=\"font-weight: 400\"><span style=\"font-weight: 400\">El proyecto de mecenazgo <\/span><a href=\"https:\/\/mecenazgo.ull.es\/neuronanonasal\/4030\"><b>NEUROnanoNASAL<\/b><\/a><span style=\"font-weight: 400\">, que financia nuevas estrategias para modificar el curso de las enfermedades neurodegenerativas.<\/span><\/li>\n<\/ul>\n<p><span style=\"font-weight: 400\">La reuni\u00f3n concluy\u00f3 con el turno habitual de ruegos y preguntas, que permiti\u00f3 aclarar dudas y establecer pautas para reforzar la transparencia y la eficiencia en la gesti\u00f3n de la entidad.<\/span><\/p>\n<p><span style=\"font-weight: 400\">Estas decisiones reflejan el compromiso del Patronato con la buena gobernanza y la sostenibilidad econ\u00f3mica de la FGULL, pilares esenciales para seguir apoyando a la comunidad universitaria y a la sociedad canaria.<\/span><\/p>\n","protected":false},"excerpt":{"rendered":"<p>El Patronato de la Fundaci\u00f3n General de la Universidad de La Laguna se reuni\u00f3 el pasado viernes, 25 de abril, para la presentaci\u00f3n y aprobaci\u00f3n de las cuentas anuales correspondientes al ejercicio econ\u00f3mico de 2024. Durante la sesi\u00f3n se sometieron a examen el balance, la cuenta de resultados, la memoria explicativa, el grado de cumplimiento&#8230;<\/p>\n","protected":false},"author":34,"featured_media":58124,"comment_status":"closed","ping_status":"closed","sticky":false,"template":"","format":"standard","meta":{"footnotes":""},"categories":[2,655,7],"tags":[804,33,127],"featured_image_thumbnail_url":"https:\/\/fg.ull.es\/noticias\/wp-content\/uploads\/sites\/2\/2025\/05\/Candidata-DSC00032-300x200.jpg","_links":{"self":[{"href":"https:\/\/fg.ull.es\/noticias\/wp-json\/wp\/v2\/posts\/58123"}],"collection":[{"href":"https:\/\/fg.ull.es\/noticias\/wp-json\/wp\/v2\/posts"}],"about":[{"href":"https:\/\/fg.ull.es\/noticias\/wp-json\/wp\/v2\/types\/post"}],"author":[{"embeddable":true,"href":"https:\/\/fg.ull.es\/noticias\/wp-json\/wp\/v2\/users\/34"}],"replies":[{"embeddable":true,"href":"https:\/\/fg.ull.es\/noticias\/wp-json\/wp\/v2\/comments?post=58123"}],"version-history":[{"count":3,"href":"https:\/\/fg.ull.es\/noticias\/wp-json\/wp\/v2\/posts\/58123\/revisions"}],"predecessor-version":[{"id":58127,"href":"https:\/\/fg.ull.es\/noticias\/wp-json\/wp\/v2\/posts\/58123\/revisions\/58127"}],"wp:featuredmedia":[{"embeddable":true,"href":"https:\/\/fg.ull.es\/noticias\/wp-json\/wp\/v2\/media\/58124"}],"wp:attachment":[{"href":"https:\/\/fg.ull.es\/noticias\/wp-json\/wp\/v2\/media?parent=58123"}],"wp:term":[{"taxonomy":"category","embeddable":true,"href":"https:\/\/fg.ull.es\/noticias\/wp-json\/wp\/v2\/categories?post=58123"},{"taxonomy":"post_tag","embeddable":true,"href":"https:\/\/fg.ull.es\/noticias\/wp-json\/wp\/v2\/tags?post=58123"}],"curies":[{"name":"wp","href":"https:\/\/api.w.org\/{rel}","templated":true}]}}