{"id":57841,"date":"2025-03-28T12:39:35","date_gmt":"2025-03-28T12:39:35","guid":{"rendered":"https:\/\/fg.ull.es\/noticias\/?p=57841"},"modified":"2025-03-28T12:40:03","modified_gmt":"2025-03-28T12:40:03","slug":"la-ull-organiza-una-jornada-sobre-digitalizacion-en-el-transporte-y-la-logistica-de-canarias","status":"publish","type":"post","link":"https:\/\/fg.ull.es\/noticias\/2025\/03\/28\/la-ull-organiza-una-jornada-sobre-digitalizacion-en-el-transporte-y-la-logistica-de-canarias\/","title":{"rendered":"La ULL organiza una jornada sobre digitalizaci\u00f3n en el transporte y la log\u00edstica de Canarias"},"content":{"rendered":"<p><span style=\"font-weight: 400\">La Universidad de La Laguna celebr\u00f3 ayer, jueves 27 de marzo, una jornada dirigida al alumnado del programa <\/span><a href=\"https:\/\/digitranscanarias.com\/\"><span style=\"font-weight: 400\">Digitrans<\/span><\/a><span style=\"font-weight: 400\">, con el objetivo de explorar y abordar desaf\u00edos actuales en empresas del sector del transporte y la log\u00edstica en Canarias.<\/span><\/p>\n<p><span style=\"font-weight: 400\">El encuentro cont\u00f3 con la participaci\u00f3n de Pedro Su\u00e1rez, director del Cl\u00faster Canario del Transporte y la Log\u00edstica y responsable de inform\u00e1tica de Globalia; y Eduardo Bezares, secretario general de la CEOE Tenerife y vicepresidente de la Autoridad Portuaria de Santa Cruz de Tenerife.<\/span><\/p>\n<p><span style=\"font-weight: 400\">Su\u00e1rez cont\u00f3 su experiencia en el mundo log\u00edstico, donde lleva m\u00e1s de 40 a\u00f1os, y le propuso al alumnado un reto, destacando la importancia de \u201cpotenciar el c\u00e1lculo y los algoritmos de utilizaci\u00f3n que nos pueda dar la inteligencia artificial para gestionar los datos que necesite la empresa y resolver su d\u00eda a d\u00eda\u201d. Por su parte, Eduardo Bezares, reflexion\u00f3 sobre su experiencia en este campo y present\u00f3 otro desaf\u00edo que combin\u00f3 log\u00edstica, recursos humanos y fiscalidad.<\/span><\/p>\n<p><span style=\"font-weight: 400\">La jornada continu\u00f3 con Sergio D\u00edaz, jefe del Departamento de Datos de IA de Atlantis Technology, que expuso varios casos, desde el punto de vista de la inteligencia artificial y de anal\u00edticas de datos avanzados, como la gesti\u00f3n de overbooking, mantenimiento predictivo de aviones y la generaci\u00f3n de turnos.<\/span><\/p>\n<p><span style=\"font-weight: 400\">Julio Brito, gerente de la Fundaci\u00f3n General de la Universidad de La Laguna, finaliz\u00f3 la primera parte del encuentro, destacando que la IA en los pr\u00f3ximos a\u00f1os traer\u00e1 muchas m\u00e1s soluciones, y que con esta charla, \u201cse recalca que la inteligencia artificial va mucho m\u00e1s all\u00e1 de la idea generativa\u201d.\u00a0<\/span><\/p>\n<p><span style=\"font-weight: 400\">En la \u00faltima parte de la jornada, el alumnado trabaj\u00f3 en equipos para proponer soluciones de los retos planteados por los profesionales del sector de la log\u00edstica y el transporte, y as\u00ed poner en pr\u00e1ctica lo aprendido en las capacitaciones del programa.\u00a0<\/span><\/p>\n<p><b>Digitrans<\/b><\/p>\n<p><span style=\"font-weight: 400\">Este programa ofrece dos acciones formativas diferenciadas. La primera,<\/span><b> \u2018Competencias esenciales para la digitalizaci\u00f3n y transformaci\u00f3n digital del transporte y la log\u00edstica en Canarias\u2019<\/b><span style=\"font-weight: 400\"> dirigida a todo tipo de\u00a0 profesionales de las organizaciones vinculadas a este sector, as\u00ed como a personas desempleadas interesadas. Actualmente, la convocatoria de <\/span><a href=\"https:\/\/sede.fg.ull.es\/es\/curso\/detalle?code=a25030074&amp;name=competencias-esenciales-para-la-digitalizacion-y-transformacion-digital-del-transporte-y-la-logistica-en-canarias\"><span style=\"font-weight: 400\">inscripci\u00f3n<\/span><\/a><span style=\"font-weight: 400\"> sigue abierta.\u00a0<\/span><\/p>\n<p><span style=\"font-weight: 400\">La segunda acci\u00f3n<\/span><b>, \u2018Competencias Digitales para el Liderazgo y la Direcci\u00f3n\u2019 <\/b><span style=\"font-weight: 400\">est\u00e1 dise\u00f1ada para mandos intermedios, responsables de \u00e1reas y directivos, con responsabilidad departamental o de equipos de trabajo, dentro de una organizaci\u00f3n, y cuya finalidad es la obtenci\u00f3n de conocimientos espec\u00edficos y complementarios para el desarrollo de proyectos de transformaci\u00f3n digital.<\/span><\/p>\n<p><span style=\"font-weight: 400\">Este proyecto del Ministerio de Transportes y Movilidad Sostenible est\u00e1 cofinanciado por la Uni\u00f3n Europea a trav\u00e9s del Plan de Recuperaci\u00f3n, Transformaci\u00f3n y Resiliencia \u2013 NextGenerationEU y ejecutado por la Universidad de La Laguna, a trav\u00e9s de su Fundaci\u00f3n General.<\/span><\/p>\n","protected":false},"excerpt":{"rendered":"<p>La Universidad de La Laguna celebr\u00f3 ayer, jueves 27 de marzo, una jornada dirigida al alumnado del programa Digitrans, con el objetivo de explorar y abordar desaf\u00edos actuales en empresas del sector del transporte y la log\u00edstica en Canarias. El encuentro cont\u00f3 con la participaci\u00f3n de Pedro Su\u00e1rez, director del Cl\u00faster Canario del Transporte y&#8230;<\/p>\n","protected":false},"author":67,"featured_media":57843,"comment_status":"closed","ping_status":"closed","sticky":false,"template":"","format":"standard","meta":{"footnotes":""},"categories":[10,656,7],"tags":[572,1545,816,539],"featured_image_thumbnail_url":"https:\/\/fg.ull.es\/noticias\/wp-content\/uploads\/sites\/2\/2025\/03\/Jornada-Digitrans-300x169.jpeg","_links":{"self":[{"href":"https:\/\/fg.ull.es\/noticias\/wp-json\/wp\/v2\/posts\/57841"}],"collection":[{"href":"https:\/\/fg.ull.es\/noticias\/wp-json\/wp\/v2\/posts"}],"about":[{"href":"https:\/\/fg.ull.es\/noticias\/wp-json\/wp\/v2\/types\/post"}],"author":[{"embeddable":true,"href":"https:\/\/fg.ull.es\/noticias\/wp-json\/wp\/v2\/users\/67"}],"replies":[{"embeddable":true,"href":"https:\/\/fg.ull.es\/noticias\/wp-json\/wp\/v2\/comments?post=57841"}],"version-history":[{"count":2,"href":"https:\/\/fg.ull.es\/noticias\/wp-json\/wp\/v2\/posts\/57841\/revisions"}],"predecessor-version":[{"id":57845,"href":"https:\/\/fg.ull.es\/noticias\/wp-json\/wp\/v2\/posts\/57841\/revisions\/57845"}],"wp:featuredmedia":[{"embeddable":true,"href":"https:\/\/fg.ull.es\/noticias\/wp-json\/wp\/v2\/media\/57843"}],"wp:attachment":[{"href":"https:\/\/fg.ull.es\/noticias\/wp-json\/wp\/v2\/media?parent=57841"}],"wp:term":[{"taxonomy":"category","embeddable":true,"href":"https:\/\/fg.ull.es\/noticias\/wp-json\/wp\/v2\/categories?post=57841"},{"taxonomy":"post_tag","embeddable":true,"href":"https:\/\/fg.ull.es\/noticias\/wp-json\/wp\/v2\/tags?post=57841"}],"curies":[{"name":"wp","href":"https:\/\/api.w.org\/{rel}","templated":true}]}}