{"id":57759,"date":"2025-03-21T13:21:28","date_gmt":"2025-03-21T13:21:28","guid":{"rendered":"https:\/\/fg.ull.es\/noticias\/?p=57759"},"modified":"2025-03-21T13:46:51","modified_gmt":"2025-03-21T13:46:51","slug":"el-encuentro-sectorial-de-educacion-aborda-los-desafios-y-oportunidades-del-ambito-como-parte-del-programa-capacita","status":"publish","type":"post","link":"https:\/\/fg.ull.es\/noticias\/2025\/03\/21\/el-encuentro-sectorial-de-educacion-aborda-los-desafios-y-oportunidades-del-ambito-como-parte-del-programa-capacita\/","title":{"rendered":"El Encuentro Sectorial de Educaci\u00f3n aborda los desaf\u00edos y oportunidades del \u00e1mbito como parte del programa Capacita"},"content":{"rendered":"<p><span style=\"font-weight: 400\">El pasado jueves 20 de marzo, la Fundaci\u00f3n General de la Universidad de La Laguna celebr\u00f3 el segundo Encuentro Sectorial de Educaci\u00f3n dentro del<\/span><b> programa Capacita<\/b><span style=\"font-weight: 400\">. Este evento reuni\u00f3 a entidades y profesionales del \u00e1mbito educativo para analizar la evoluci\u00f3n del sector, las dificultades en la incorporaci\u00f3n de nuevos talentos y las principales demandas tanto de las organizaciones como de los profesionales de la formaci\u00f3n.<\/span><\/p>\n<p><span style=\"font-weight: 400\">A lo largo de la jornada, participaron entidades de gran relevancia, como <\/span><a href=\"https:\/\/www.kimeducativo.com\/\"><b>Kim Educativo<\/b><\/a><span style=\"font-weight: 400\">,<\/span><a href=\"https:\/\/ecca.edu.es\/\"> <b>ECCA Edu<\/b><\/a><span style=\"font-weight: 400\">,<\/span><a href=\"https:\/\/asociacionhestia.es\/\"> <b>Asociaci\u00f3n Hestia<\/b><\/a><span style=\"font-weight: 400\">,<\/span><a href=\"https:\/\/generacion21.org\/\"> <b>Generaci\u00f3n XXI<\/b><\/a><span style=\"font-weight: 400\"> y el<\/span><a href=\"https:\/\/colegio-pedagogia-tfe.com\/\"> <b>Colegio Profesional de Pedagog\u00eda y Psicopedagog\u00eda de Santa Cruz de Tenerife<\/b><\/a><span style=\"font-weight: 400\">. Sus representantes presentaron sus l\u00edneas de trabajo, los perfiles profesionales m\u00e1s demandados y los proyectos de futuro. Adem\u00e1s, destacaron su compromiso con la incorporaci\u00f3n de nuevos profesionales y las <\/span><b>oportunidades laborales que ofrece el sector educativo<\/b><span style=\"font-weight: 400\">.<\/span><\/p>\n<p><span style=\"font-weight: 400\">Por su parte, las personas asistentes al evento pusieron de manifiesto algunas de las principales dificultades a las que se enfrentan a la hora de acceder al empleo. Entre las preocupaciones expresadas, se mencionaron la falta de experiencia laboral como un factor limitante, la inseguridad a la hora de finalizar los estudios. Tambi\u00e9n afirmaban la escasa informaci\u00f3n recibida desde los centros formativos debido a la falta de implicaci\u00f3n de algunos docentes, as\u00ed como el desconocimiento sobre las posibles salidas profesionales.<\/span><\/p>\n<p><span style=\"font-weight: 400\">Desde la Fundaci\u00f3n General de la Universidad de La Laguna, organizadora del evento, se reafirm\u00f3 el compromiso de seguir impulsando iniciativas que conecten a empresas y profesionales, facilitando la transici\u00f3n entre formaci\u00f3n e<\/span><b> inserci\u00f3n laboral<\/b><span style=\"font-weight: 400\">. La entidad subray\u00f3 la importancia de generar espacios de intercambio de conocimientos y experiencias que permitan encontrar soluciones para los retos del sector educativo.<\/span><\/p>\n<p><span style=\"font-weight: 400\">El encuentro remarc\u00f3, una vez m\u00e1s, el valor transformador de la educaci\u00f3n y su papel crucial en la construcci\u00f3n de una sociedad m\u00e1s equitativa y preparada para los retos del futuro. Desde el<\/span><a href=\"https:\/\/fg.ull.es\/empleo\/capacita\/\"><strong> p<\/strong><b>rograma Capacita<\/b><\/a><span style=\"font-weight: 400\">, se contin\u00faa trabajando en la creaci\u00f3n de espacios de colaboraci\u00f3n que fortalezcan los lazos entre la educaci\u00f3n, el empleo y el desarrollo profesional.<\/span><\/p>\n<p><span style=\"font-weight: 400\">Capacita es un proyecto de empleo subvencionado por el<\/span><a href=\"https:\/\/www.tenerife.es\/\"> <b>Cabildo de Tenerife<\/b><\/a> <span style=\"font-weight: 400\">para el apoyo a actividades en materia de empleo dentro del programa MEDI FDCAN.<\/span><\/p>\n<p>&nbsp;<\/p>\n","protected":false},"excerpt":{"rendered":"<p>El pasado jueves 20 de marzo, la Fundaci\u00f3n General de la Universidad de La Laguna celebr\u00f3 el segundo Encuentro Sectorial de Educaci\u00f3n dentro del programa Capacita. Este evento reuni\u00f3 a entidades y profesionales del \u00e1mbito educativo para analizar la evoluci\u00f3n del sector, las dificultades en la incorporaci\u00f3n de nuevos talentos y las principales demandas tanto&#8230;<\/p>\n","protected":false},"author":10,"featured_media":57767,"comment_status":"closed","ping_status":"closed","sticky":false,"template":"","format":"standard","meta":{"footnotes":""},"categories":[38,656,7],"tags":[271,1152,87,1602],"featured_image_thumbnail_url":"https:\/\/fg.ull.es\/noticias\/wp-content\/uploads\/sites\/2\/2025\/03\/1742547438718-1-300x210.jpg","_links":{"self":[{"href":"https:\/\/fg.ull.es\/noticias\/wp-json\/wp\/v2\/posts\/57759"}],"collection":[{"href":"https:\/\/fg.ull.es\/noticias\/wp-json\/wp\/v2\/posts"}],"about":[{"href":"https:\/\/fg.ull.es\/noticias\/wp-json\/wp\/v2\/types\/post"}],"author":[{"embeddable":true,"href":"https:\/\/fg.ull.es\/noticias\/wp-json\/wp\/v2\/users\/10"}],"replies":[{"embeddable":true,"href":"https:\/\/fg.ull.es\/noticias\/wp-json\/wp\/v2\/comments?post=57759"}],"version-history":[{"count":5,"href":"https:\/\/fg.ull.es\/noticias\/wp-json\/wp\/v2\/posts\/57759\/revisions"}],"predecessor-version":[{"id":57766,"href":"https:\/\/fg.ull.es\/noticias\/wp-json\/wp\/v2\/posts\/57759\/revisions\/57766"}],"wp:featuredmedia":[{"embeddable":true,"href":"https:\/\/fg.ull.es\/noticias\/wp-json\/wp\/v2\/media\/57767"}],"wp:attachment":[{"href":"https:\/\/fg.ull.es\/noticias\/wp-json\/wp\/v2\/media?parent=57759"}],"wp:term":[{"taxonomy":"category","embeddable":true,"href":"https:\/\/fg.ull.es\/noticias\/wp-json\/wp\/v2\/categories?post=57759"},{"taxonomy":"post_tag","embeddable":true,"href":"https:\/\/fg.ull.es\/noticias\/wp-json\/wp\/v2\/tags?post=57759"}],"curies":[{"name":"wp","href":"https:\/\/api.w.org\/{rel}","templated":true}]}}