{"id":57702,"date":"2025-03-14T15:29:57","date_gmt":"2025-03-14T15:29:57","guid":{"rendered":"https:\/\/fg.ull.es\/noticias\/?p=57702"},"modified":"2025-03-14T16:08:26","modified_gmt":"2025-03-14T16:08:26","slug":"convocatoria-de-120-becas-universitas-prolingua-para-el-alumnado-del-servicio-de-idiomas-de-la-universidad-de-la-laguna-matriculado-durante-el-segundo-cuatrimestre-del-curso-2024-2025","status":"publish","type":"post","link":"https:\/\/fg.ull.es\/noticias\/2025\/03\/14\/convocatoria-de-120-becas-universitas-prolingua-para-el-alumnado-del-servicio-de-idiomas-de-la-universidad-de-la-laguna-matriculado-durante-el-segundo-cuatrimestre-del-curso-2024-2025\/","title":{"rendered":"Convocatoria de 120 Becas Universitas Prolingua para el alumnado del Servicio de Idiomas de la Universidad de La Laguna matriculado durante el segundo cuatrimestre del curso 2024\/2025"},"content":{"rendered":"<p>Se convocan <strong>120 becas<\/strong> para el aprendizaje de idiomas, de <strong>150 euros<\/strong> cada una, que cubrir\u00e1n parcialmente el precio de la matr\u00edcula del <strong>alumnado del Servicio de Idiomas de la Universidad de La Laguna<\/strong> durante el <strong>segundo cuatrimestre del curso 2024\/2025<\/strong>.<\/p>\n<p><strong>Requisitos:<\/strong><\/p>\n<ul>\n<li>Podr\u00e1n participar en esta convocatoria las personas <strong>empadronadas en alg\u00fan municipio de Tenerife<\/strong>, con al menos un a\u00f1o de antig\u00fcedad inmediatamente anterior a la fecha de finalizaci\u00f3n de presentaci\u00f3n de solicitudes.<\/li>\n<\/ul>\n<p><strong>Plazo de solicitud:<\/strong><\/p>\n<ul>\n<li>Se podr\u00e1 formalizar la solicitud hasta el <strong>10 de abril de 2025<\/strong>, adjuntando el formulario de solicitud firmado junto a la documentaci\u00f3n que acredite los requisitos y m\u00e9ritos establecidos en la convocatoria, <strong>\u00fanicamente de forma telem\u00e1tica<\/strong> en:\n<ul>\n<li><a href=\"https:\/\/sede.fg.ull.es\/es\/empleo\/detalle?code=a25030083&amp;name=solicitud-de-beca-prolingua-segundo-cuatrimestre-del-curso-2024-2025\" target=\"_blank\" rel=\"noopener\">solicitud de beca<\/a><\/li>\n<\/ul>\n<\/li>\n<\/ul>\n<p><strong>Documentos disponibles:<\/strong><\/p>\n<ul>\n<li><a href=\"https:\/\/drive.google.com\/file\/d\/1NlLsfwtTiRdgmjywKNlQqTQmD0Rn6e1q\/view?usp=sharing\" target=\"_blank\" rel=\"noopener\">Bases de la convocatoria<\/a><\/li>\n<li>Formulario de solicitud (<a href=\"https:\/\/docs.google.com\/document\/d\/1QKVzfXMEkJkEkxaCqc-v4XtvTfDb-Wq6\/edit\" target=\"_blank\" rel=\"noopener\">DOC<\/a>, <a href=\"https:\/\/drive.google.com\/file\/d\/1NcIkJIqekKlRI4mx5BflXr2-cBDDmlzx\/view?usp=sharing\" target=\"_blank\" rel=\"noopener\">PDF<\/a>, <a href=\"https:\/\/drive.google.com\/file\/d\/15fxhOTdPEZD5HBERtmKz8HWbVL2l_N6Z\/view?usp=sharing\" target=\"_blank\" rel=\"noopener\">ODT<\/a>)<\/li>\n<\/ul>\n<p>Estas becas est\u00e1n subvencionadas por el <strong>Cabildo Insular de Tenerife<\/strong> y cofinanciadas por el <strong>FDCAN<\/strong>.<\/p>\n","protected":false},"excerpt":{"rendered":"<p>Se convocan 120 becas para el aprendizaje de idiomas, de 150 euros cada una, que cubrir\u00e1n parcialmente el precio de la matr\u00edcula del alumnado del Servicio de Idiomas de la Universidad de La Laguna durante el segundo cuatrimestre del curso 2024\/2025. Requisitos: Podr\u00e1n participar en esta convocatoria las personas empadronadas en alg\u00fan municipio de Tenerife,&#8230;<\/p>\n","protected":false},"author":6,"featured_media":0,"comment_status":"closed","ping_status":"closed","sticky":false,"template":"","format":"standard","meta":{"footnotes":""},"categories":[1404,1311,232],"tags":[],"featured_image_thumbnail_url":null,"_links":{"self":[{"href":"https:\/\/fg.ull.es\/noticias\/wp-json\/wp\/v2\/posts\/57702"}],"collection":[{"href":"https:\/\/fg.ull.es\/noticias\/wp-json\/wp\/v2\/posts"}],"about":[{"href":"https:\/\/fg.ull.es\/noticias\/wp-json\/wp\/v2\/types\/post"}],"author":[{"embeddable":true,"href":"https:\/\/fg.ull.es\/noticias\/wp-json\/wp\/v2\/users\/6"}],"replies":[{"embeddable":true,"href":"https:\/\/fg.ull.es\/noticias\/wp-json\/wp\/v2\/comments?post=57702"}],"version-history":[{"count":2,"href":"https:\/\/fg.ull.es\/noticias\/wp-json\/wp\/v2\/posts\/57702\/revisions"}],"predecessor-version":[{"id":57705,"href":"https:\/\/fg.ull.es\/noticias\/wp-json\/wp\/v2\/posts\/57702\/revisions\/57705"}],"wp:attachment":[{"href":"https:\/\/fg.ull.es\/noticias\/wp-json\/wp\/v2\/media?parent=57702"}],"wp:term":[{"taxonomy":"category","embeddable":true,"href":"https:\/\/fg.ull.es\/noticias\/wp-json\/wp\/v2\/categories?post=57702"},{"taxonomy":"post_tag","embeddable":true,"href":"https:\/\/fg.ull.es\/noticias\/wp-json\/wp\/v2\/tags?post=57702"}],"curies":[{"name":"wp","href":"https:\/\/api.w.org\/{rel}","templated":true}]}}