{"id":57616,"date":"2025-03-07T13:25:48","date_gmt":"2025-03-07T13:25:48","guid":{"rendered":"https:\/\/fg.ull.es\/noticias\/?p=57616"},"modified":"2025-03-11T16:32:16","modified_gmt":"2025-03-11T16:32:16","slug":"barrios-por-el-empleo-recibe-un-premio-por-la-lucha-contra-la-exclusion-social-y-las-desigualdades","status":"publish","type":"post","link":"https:\/\/fg.ull.es\/noticias\/2025\/03\/07\/barrios-por-el-empleo-recibe-un-premio-por-la-lucha-contra-la-exclusion-social-y-las-desigualdades\/","title":{"rendered":"Barrios por el Empleo recibe un premio por la lucha contra la exclusi\u00f3n social y las desigualdades"},"content":{"rendered":"<p>El programa \u2018<a href=\"https:\/\/bxe.es\/\"><strong>Barrios por el Empleo: juntos m\u00e1s fuertes<\/strong><\/a>\u2019, coordinado por el Cabildo de Tenerife a trav\u00e9s de la Fundaci\u00f3n Insular para la Formaci\u00f3n, el Empleo y el Desarrollo Empresarial (Fifede), ha sido distinguido por el Ministerio de Derechos Sociales, Consumo y Agenda 2030 con el <strong>galard\u00f3n Activistas para el Futuro: una Espa\u00f1a mejor con la Agenda 2030<\/strong>. El reconocimiento ha sido concedido en la categor\u00eda que ponen en valor la lucha contra la exclusi\u00f3n social y desigualdades en todas sus formas: reconocimiento a las iniciativas que promueven la erradicaci\u00f3n de la pobreza y la reducci\u00f3n de las desigualdades en todas sus formas. Este premio est\u00e1 dotado con 20.000 euros y se presentaron un total de 46 candidaturas.<\/p>\n<blockquote><p>Participan en este programa de empleo cinco entidades con dilatada experiencia con colectivos de dif\u00edcil inserci\u00f3n laboral:<strong> la Universidad de La Laguna, a trav\u00e9s de su Fundaci\u00f3n General, C\u00e1ritas Diocesana de Tenerife, Cruz Roja Espa\u00f1ola, Fundaci\u00f3n Proyecto Don Bosco y Simpromi<\/strong>.<\/p><\/blockquote>\n<p>El acto se celebr\u00f3 el lunes, 3 de marzo, en la sala Ernest Lluch del citado Ministerio. El consejero de Educaci\u00f3n y Empleo, Efra\u00edn Medina, fue el encargado de recoger el premio de la mano de la directora general de la Agenda 2030, Paula Fern\u00e1ndez-Wulff y de la vicepresidenta del Consejo de Desarrollo Sostenible, Isabel Iparraguirre.<\/p>\n<p>Efra\u00edn Medina, agradeci\u00f3 a todo el equipo de Fifede su labor. Al igual que a las entidades que trabajan para hacer una realidad del programa de Barrios por el Empleo. \u201cEstamos todos de enhorabuena porque este proyecto ha conseguido insertar a much\u00edsimas personas que estaban en una situaci\u00f3n de emergencia y de exclusi\u00f3n social. Este reconocimiento nos ayuda a seguir avanzando y a seguir adelante en el servicio p\u00fablico para las personas que m\u00e1s lo necesitan, explic\u00f3 Medina.<\/p>\n<p>Por su parte, la presidenta del Cabildo de Tenerife, Rosa D\u00e1vila, mostr\u00f3 su satisfacci\u00f3n ante el mencionado reconocimiento y valor\u00f3 la buena marcha de un proyecto que constituye uno de los buques insignia para el fomento del empleo. \u201cEstamos trabajando para generar nuevas oportunidades en el mercado laboral y, desde luego Barrios por el Empleo es un gran ejemplo que incide tambi\u00e9n en que en Tenerife, mes tras mes, est\u00e9 bajando sus datos de paro y, hoy por hoy, se coloque como locomotora y motor de crecimiento econ\u00f3mico en la regi\u00f3n. Agradecemos especialmente, a Fundaci\u00f3n General de la ULL; Fundaci\u00f3n Don Bosco; C\u00e1ritas Tenerife; Cruz Roja Tenerife; Sinpromi y por supuesto a todas las empresas que en definitiva son las que contratan a las personas que salen de este programa\u201d, indic\u00f3 D\u00e1vila.<\/p>\n<p><strong>Fomentando el empleo<\/strong><\/p>\n<p><img decoding=\"async\" loading=\"lazy\" class=\"alignleft wp-image-57617\" src=\"https:\/\/fg.ull.es\/noticias\/wp-content\/uploads\/sites\/2\/2025\/03\/Grupo-de-premiados-375x250.jpeg\" alt=\"Grupo de entidades que recibieron el premio Activistaspara el Futuro: una Espa\u00f1a mejor con la Agenda 2030\" width=\"365\" height=\"243\" srcset=\"https:\/\/fg.ull.es\/noticias\/wp-content\/uploads\/sites\/2\/2025\/03\/Grupo-de-premiados-375x250.jpeg 375w, https:\/\/fg.ull.es\/noticias\/wp-content\/uploads\/sites\/2\/2025\/03\/Grupo-de-premiados-300x200.jpeg 300w, https:\/\/fg.ull.es\/noticias\/wp-content\/uploads\/sites\/2\/2025\/03\/Grupo-de-premiados-1024x683.jpeg 1024w, https:\/\/fg.ull.es\/noticias\/wp-content\/uploads\/sites\/2\/2025\/03\/Grupo-de-premiados-768x512.jpeg 768w, https:\/\/fg.ull.es\/noticias\/wp-content\/uploads\/sites\/2\/2025\/03\/Grupo-de-premiados-1536x1025.jpeg 1536w, https:\/\/fg.ull.es\/noticias\/wp-content\/uploads\/sites\/2\/2025\/03\/Grupo-de-premiados-750x500.jpeg 750w, https:\/\/fg.ull.es\/noticias\/wp-content\/uploads\/sites\/2\/2025\/03\/Grupo-de-premiados-1140x760.jpeg 1140w, https:\/\/fg.ull.es\/noticias\/wp-content\/uploads\/sites\/2\/2025\/03\/Grupo-de-premiados.jpeg 2048w\" sizes=\"(max-width: 365px) 100vw, 365px\" \/><\/p>\n<p>La <strong>Fundaci\u00f3n General de la Universidad de La Laguna, a trav\u00e9s de su Unidad de Transferencia, present\u00f3 a Fifede como candidata al premio <\/strong>mediante un informe detallando todos los logros durante estos diez a\u00f1os de actividad, entre los que destacan: un total de 43.525 personas atendidas; 36.543 personas participantes orientadas; un total de 24.998 participantes que desarrollan un itinerario personalizado; 18.091 formados; unas 956 empresas fidelizadas desde el a\u00f1o 2015, y un total de 10.400 inserciones.<\/p>\n<p>Del mismo modo, se ha logrado en tan solo diez meses insertar en el mercado laboral a m\u00e1s de 1.500 personas. El objetivo es mejorar la empleabilidad de las personas que se enfrentan a mayores dificultades para acceder al mercado laboral, como j\u00f3venes, personas con baja cualificaci\u00f3n, mujeres, mayores de 45 a\u00f1os o parados de larga duraci\u00f3n.<\/p>\n<p>Adem\u00e1s del asesoramiento y orientaci\u00f3n personalizada que se presta a los demandantes de empleo, tambi\u00e9n se brinda formaci\u00f3n y capacitaci\u00f3n, intermediaci\u00f3n laboral y acompa\u00f1amiento. Entre las novedades incorporadas este a\u00f1o se encuentra la puesta en marcha de un servicio de apoyo psicosocial que ha logrado llegar a m\u00e1s de 100 personas. Y la concesi\u00f3n de 32 becas para personas de dif\u00edcil inserci\u00f3n laboral y por un importe de 750 euros con una duraci\u00f3n de tres meses.<\/p>\n<p>El programa \u2018Barrios por el Empleo: Juntos M\u00e1s Fuertes\u2019 est\u00e1 enmarcado dentro de la \u2018Agenda Canaria de Desarrollo Sostenible 2030\u2019, formando parte del Marco Estrat\u00e9gico de Desarrollo Insular (Medi) del Cabildo de Tenerife y que cuenta con la cofinanciaci\u00f3n del Fondo de Desarrollo de Canarias (Fdcan). Est\u00e1 orientado a la formaci\u00f3n de personas desempleadas; a la prospecci\u00f3n e intermediaci\u00f3n para generar alianzas con las empresas para generar oportunidades de empleo; a la mejora del marco de trabajo con las entidades participantes; y a la adecuaci\u00f3n de las acciones del proyecto a la realidad del territorio, mejorando la empleabilidad de colectivos especialmente vulnerables y dando a conocer las acciones y los resultados a la poblaci\u00f3n en general.<\/p>\n<p>(Noticia cedida)<\/p>\n","protected":false},"excerpt":{"rendered":"<p>El programa \u2018Barrios por el Empleo: juntos m\u00e1s fuertes\u2019, coordinado por el Cabildo de Tenerife a trav\u00e9s de la Fundaci\u00f3n Insular para la Formaci\u00f3n, el Empleo y el Desarrollo Empresarial (Fifede), ha sido distinguido por el Ministerio de Derechos Sociales, Consumo y Agenda 2030 con el galard\u00f3n Activistas para el Futuro: una Espa\u00f1a mejor con&#8230;<\/p>\n","protected":false},"author":60,"featured_media":57618,"comment_status":"closed","ping_status":"closed","sticky":false,"template":"","format":"standard","meta":{"footnotes":""},"categories":[38,656,7],"tags":[1313,133,864,271,1578,978,1557,461,816,129,1458,1579,1577,1576,1556,1580,18],"featured_image_thumbnail_url":"https:\/\/fg.ull.es\/noticias\/wp-content\/uploads\/sites\/2\/2025\/03\/Entrega-premio-300x200.jpeg","_links":{"self":[{"href":"https:\/\/fg.ull.es\/noticias\/wp-json\/wp\/v2\/posts\/57616"}],"collection":[{"href":"https:\/\/fg.ull.es\/noticias\/wp-json\/wp\/v2\/posts"}],"about":[{"href":"https:\/\/fg.ull.es\/noticias\/wp-json\/wp\/v2\/types\/post"}],"author":[{"embeddable":true,"href":"https:\/\/fg.ull.es\/noticias\/wp-json\/wp\/v2\/users\/60"}],"replies":[{"embeddable":true,"href":"https:\/\/fg.ull.es\/noticias\/wp-json\/wp\/v2\/comments?post=57616"}],"version-history":[{"count":13,"href":"https:\/\/fg.ull.es\/noticias\/wp-json\/wp\/v2\/posts\/57616\/revisions"}],"predecessor-version":[{"id":57632,"href":"https:\/\/fg.ull.es\/noticias\/wp-json\/wp\/v2\/posts\/57616\/revisions\/57632"}],"wp:featuredmedia":[{"embeddable":true,"href":"https:\/\/fg.ull.es\/noticias\/wp-json\/wp\/v2\/media\/57618"}],"wp:attachment":[{"href":"https:\/\/fg.ull.es\/noticias\/wp-json\/wp\/v2\/media?parent=57616"}],"wp:term":[{"taxonomy":"category","embeddable":true,"href":"https:\/\/fg.ull.es\/noticias\/wp-json\/wp\/v2\/categories?post=57616"},{"taxonomy":"post_tag","embeddable":true,"href":"https:\/\/fg.ull.es\/noticias\/wp-json\/wp\/v2\/tags?post=57616"}],"curies":[{"name":"wp","href":"https:\/\/api.w.org\/{rel}","templated":true}]}}