{"id":57556,"date":"2025-02-28T11:09:03","date_gmt":"2025-02-28T11:09:03","guid":{"rendered":"https:\/\/fg.ull.es\/noticias\/?p=57556"},"modified":"2025-02-28T12:20:06","modified_gmt":"2025-02-28T12:20:06","slug":"el-sce-conoce-de-primera-mano-la-dinamica-de-trabajo-del-proyecto-ensenar-para-emprender-en-los-centros-educativos","status":"publish","type":"post","link":"https:\/\/fg.ull.es\/noticias\/2025\/02\/28\/el-sce-conoce-de-primera-mano-la-dinamica-de-trabajo-del-proyecto-ensenar-para-emprender-en-los-centros-educativos\/","title":{"rendered":"El SCE conoce de primera mano la din\u00e1mica de trabajo del Proyecto \u201cEnse\u00f1ar para Emprender\u201d en los centros educativos"},"content":{"rendered":"<h4><span style=\"font-weight: 400\">El pasado lunes 24 de febrero, Isabel Le\u00f3n, <strong>v<\/strong><\/span><b>iceconsejera de Empleo, <\/b><span style=\"font-weight: 400\">Mar\u00eda Teresa Ortega, <strong>d<\/strong><\/span><b>irectora del SCE y <\/b><span style=\"font-weight: 400\">Francisco Santana,<strong> s<\/strong><\/span><b>ubdirector de Promoci\u00f3n de la Econom\u00eda Social del SCE,<\/b><span style=\"font-weight: 400\"> acompa\u00f1ados por Julio Brito Santana, <strong>d<\/strong><\/span><b>irector Gerente de la Fundaci\u00f3n General de la Universidad de La Laguna, <\/b><span style=\"font-weight: 400\">visitaron el IES Anaga, centro inscrito en el <\/span><b>Proyecto \u201cEnse\u00f1ar para Emprender\u201d<\/b><span style=\"font-weight: 400\"> en su XII edici\u00f3n.<\/span><\/h4>\n<p><span style=\"font-weight: 400\">El acto comenz\u00f3 con la bienvenida al alumnado y posterior desarrollo del taller de creaci\u00f3n de Cooperativas Escolares, impartido por las t\u00e9cnicas del proyecto.<\/span><\/p>\n<p><span style=\"font-weight: 400\">Durante el curso escolar 2024\/2025, el alumnado de infantil, primaria, secundaria, aulas enclave, FP B\u00e1sica y TVA, se ha formado en la creaci\u00f3n y gesti\u00f3n de una cooperativa, adquiriendo competencias y desarrollando el talento emprendedor en las aulas educativas.<\/span><\/p>\n<p><span style=\"font-weight: 400\">En este encuentro, el IES Anaga, mostr\u00f3 sus productos y servicios y expuso su metodolog\u00eda participativa de trabajo donde el alumnado se convierte en protagonista del proceso de creaci\u00f3n y gesti\u00f3n de una empresa cooperativa con la colaboraci\u00f3n del profesorado y el apoyo de las t\u00e9cnicas de emprendimiento.<\/span><\/p>\n<p><span style=\"font-weight: 400\">Naciones Unidas declara el 2025, como el A\u00f1o Internacional de las Cooperativas, y contribuye a avanzar hacia los objetivos de desarrollo sostenible de la Agenda 2030. Con este hito, se reconoce el relevante impacto que las cooperativas tienen en el desarrollo econ\u00f3mico y social, especialmente en la creaci\u00f3n de empleo, integraci\u00f3n social y la reducci\u00f3n de la pobreza.<\/span><\/p>\n<p><a href=\"https:\/\/fg.ull.es\/empleo\/ensenar-para-emprender\/\"><span style=\"font-weight: 400\">\u201c<\/span><b>Ense\u00f1ar para Emprender\u201d<\/b><\/a><span style=\"font-weight: 400\">, es un proyecto ejecutado por la Agencia Universitaria de Empleo de la <\/span><b>Fundaci\u00f3n General de la Universidad de La Laguna<\/b><span style=\"font-weight: 400\"> y financiado por el <\/span><a href=\"https:\/\/www.gobiernodecanarias.org\/empleo\/sce\/principal\"><b>Servicio Canario de Empleo<\/b><\/a><span style=\"font-weight: 400\">, entidad dependiente de la <\/span><b>Consejer\u00eda de Turismo y Empleo del Gobierno de Canarias<\/b><span style=\"font-weight: 400\"> y con la colaboraci\u00f3n de la <\/span><b>Consejer\u00eda de Educaci\u00f3n, Formaci\u00f3n Profesional, Actividad F\u00edsica y Deportes<\/b><span style=\"font-weight: 400\">.<\/span><\/p>\n<p>&nbsp;<\/p>\n","protected":false},"excerpt":{"rendered":"<p>El pasado lunes 24 de febrero, Isabel Le\u00f3n, viceconsejera de Empleo, Mar\u00eda Teresa Ortega, directora del SCE y Francisco Santana, subdirector de Promoci\u00f3n de la Econom\u00eda Social del SCE, acompa\u00f1ados por Julio Brito Santana, director Gerente de la Fundaci\u00f3n General de la Universidad de La Laguna, visitaron el IES Anaga, centro inscrito en el Proyecto&#8230;<\/p>\n","protected":false},"author":10,"featured_media":57558,"comment_status":"closed","ping_status":"closed","sticky":false,"template":"","format":"standard","meta":{"footnotes":""},"categories":[278,354,1411],"tags":[40,1464,1574,634],"featured_image_thumbnail_url":"https:\/\/fg.ull.es\/noticias\/wp-content\/uploads\/sites\/2\/2025\/02\/1740739706343-1-300x199.jpg","_links":{"self":[{"href":"https:\/\/fg.ull.es\/noticias\/wp-json\/wp\/v2\/posts\/57556"}],"collection":[{"href":"https:\/\/fg.ull.es\/noticias\/wp-json\/wp\/v2\/posts"}],"about":[{"href":"https:\/\/fg.ull.es\/noticias\/wp-json\/wp\/v2\/types\/post"}],"author":[{"embeddable":true,"href":"https:\/\/fg.ull.es\/noticias\/wp-json\/wp\/v2\/users\/10"}],"replies":[{"embeddable":true,"href":"https:\/\/fg.ull.es\/noticias\/wp-json\/wp\/v2\/comments?post=57556"}],"version-history":[{"count":1,"href":"https:\/\/fg.ull.es\/noticias\/wp-json\/wp\/v2\/posts\/57556\/revisions"}],"predecessor-version":[{"id":57557,"href":"https:\/\/fg.ull.es\/noticias\/wp-json\/wp\/v2\/posts\/57556\/revisions\/57557"}],"wp:featuredmedia":[{"embeddable":true,"href":"https:\/\/fg.ull.es\/noticias\/wp-json\/wp\/v2\/media\/57558"}],"wp:attachment":[{"href":"https:\/\/fg.ull.es\/noticias\/wp-json\/wp\/v2\/media?parent=57556"}],"wp:term":[{"taxonomy":"category","embeddable":true,"href":"https:\/\/fg.ull.es\/noticias\/wp-json\/wp\/v2\/categories?post=57556"},{"taxonomy":"post_tag","embeddable":true,"href":"https:\/\/fg.ull.es\/noticias\/wp-json\/wp\/v2\/tags?post=57556"}],"curies":[{"name":"wp","href":"https:\/\/api.w.org\/{rel}","templated":true}]}}