{"id":57431,"date":"2025-02-06T14:54:23","date_gmt":"2025-02-06T14:54:23","guid":{"rendered":"https:\/\/fg.ull.es\/noticias\/?p=57431"},"modified":"2025-02-06T14:57:43","modified_gmt":"2025-02-06T14:57:43","slug":"resolucion-provisional-de-adjudicacion-de-becas-universitas-prolingua-primer-cuatrimestre-2024-2025","status":"publish","type":"post","link":"https:\/\/fg.ull.es\/noticias\/2025\/02\/06\/resolucion-provisional-de-adjudicacion-de-becas-universitas-prolingua-primer-cuatrimestre-2024-2025\/","title":{"rendered":"Resoluci\u00f3n provisional de adjudicaci\u00f3n de Becas Universitas Prolingua \u2013 Primer Cuatrimestre 2024\/2025"},"content":{"rendered":"<p>Se publican los listados provisionales de becas <strong>concedidas<\/strong> y <strong>denegadas<\/strong> para el alumnado del Servicio de Idiomas de la Universidad de La Laguna matriculado en el primer cuatrimestre del curso 2024\/2025.<\/p>\n<p><strong>Listados provisionales:<\/strong><\/p>\n<ul>\n<li><a href=\"https:\/\/drive.google.com\/file\/d\/1fo4PVGUpxJQrrxE23E0nGzUUEPyOAnW7\/view?usp=sharing\" target=\"_blank\" rel=\"noopener\">Listado provisional de becas concedidas<\/a><\/li>\n<li>L<a href=\"https:\/\/drive.google.com\/file\/d\/1PjVg0XzHPYL9scdkBLg86pwpsFOauZ0r\/view?usp=sharing\" target=\"_blank\" rel=\"noopener\">istado provisional de becas denegadas<\/a><\/li>\n<\/ul>\n<p>Se dispone de un plazo de <strong>3 d\u00edas h\u00e1biles<\/strong>, que finaliza el <strong>11 de febrero a las 23:59 horas<\/strong>, para formular alegaciones. \u00c9stas se har\u00e1n, de <u>forma exclusiva por correo electr\u00f3nico<\/u>, enviando el documento de alegaciones cumplimentado a <a href=\"mailto:formacion@fg.ull.es\"><strong>formacion@fg.ull.es<\/strong><\/a> ([formatos disponibles: <strong><a href=\"https:\/\/docs.google.com\/document\/d\/1MU-NEY87qlaue0_RfR0zeOkEDxEeRNXI\/edit?usp=drive_link&amp;ouid=103821116611271165256&amp;rtpof=true&amp;sd=true\" target=\"_blank\" rel=\"noopener\">DOC<\/a>, <a href=\"https:\/\/drive.google.com\/file\/d\/10PI94Usec51rtxD3DmaAOVMWajzk-cwG\/view?usp=drive_link\" target=\"_blank\" rel=\"noopener\">PDF<\/a>, <a href=\"https:\/\/drive.google.com\/file\/d\/1sqhxhic1LQhVylP3W22ZRnoau_pzi-O8\/view?usp=drive_link\" target=\"_blank\" rel=\"noopener\">ODT<\/a><\/strong>]).<\/p>\n<p>Una vez finalizado el plazo y resueltas las alegaciones, se proceder\u00e1 a la publicaci\u00f3n de los listados definitivos de adjudicaci\u00f3n de becas.<\/p>\n<p>Todas las solicitudes han sido valoradas conforme a los criterios establecidos en las bases de la <a href=\"https:\/\/fg.ull.es\/noticias\/2024\/12\/27\/convocatoria-de-150-becas-universitas-prolingua-para-el-alumnado-del-servicio-de-idiomas-de-la-universidad-de-la-laguna-matriculado-durante-el-primer-cuatrimestre-del-curso-2024-2025\/\" target=\"_blank\" rel=\"noopener\">convocatoria<\/a>.<\/p>\n","protected":false},"excerpt":{"rendered":"<p>Se publican los listados provisionales de becas concedidas y denegadas para el alumnado del Servicio de Idiomas de la Universidad de La Laguna matriculado en el primer cuatrimestre del curso 2024\/2025. Listados provisionales: Listado provisional de becas concedidas Listado provisional de becas denegadas Se dispone de un plazo de 3 d\u00edas h\u00e1biles, que finaliza el&#8230;<\/p>\n","protected":false},"author":6,"featured_media":0,"comment_status":"closed","ping_status":"closed","sticky":false,"template":"","format":"standard","meta":{"footnotes":""},"categories":[1404,1311,232],"tags":[],"featured_image_thumbnail_url":null,"_links":{"self":[{"href":"https:\/\/fg.ull.es\/noticias\/wp-json\/wp\/v2\/posts\/57431"}],"collection":[{"href":"https:\/\/fg.ull.es\/noticias\/wp-json\/wp\/v2\/posts"}],"about":[{"href":"https:\/\/fg.ull.es\/noticias\/wp-json\/wp\/v2\/types\/post"}],"author":[{"embeddable":true,"href":"https:\/\/fg.ull.es\/noticias\/wp-json\/wp\/v2\/users\/6"}],"replies":[{"embeddable":true,"href":"https:\/\/fg.ull.es\/noticias\/wp-json\/wp\/v2\/comments?post=57431"}],"version-history":[{"count":3,"href":"https:\/\/fg.ull.es\/noticias\/wp-json\/wp\/v2\/posts\/57431\/revisions"}],"predecessor-version":[{"id":57434,"href":"https:\/\/fg.ull.es\/noticias\/wp-json\/wp\/v2\/posts\/57431\/revisions\/57434"}],"wp:attachment":[{"href":"https:\/\/fg.ull.es\/noticias\/wp-json\/wp\/v2\/media?parent=57431"}],"wp:term":[{"taxonomy":"category","embeddable":true,"href":"https:\/\/fg.ull.es\/noticias\/wp-json\/wp\/v2\/categories?post=57431"},{"taxonomy":"post_tag","embeddable":true,"href":"https:\/\/fg.ull.es\/noticias\/wp-json\/wp\/v2\/tags?post=57431"}],"curies":[{"name":"wp","href":"https:\/\/api.w.org\/{rel}","templated":true}]}}