{"id":57409,"date":"2025-02-04T13:53:25","date_gmt":"2025-02-04T13:53:25","guid":{"rendered":"https:\/\/fg.ull.es\/noticias\/?p=57409"},"modified":"2025-02-04T13:58:45","modified_gmt":"2025-02-04T13:58:45","slug":"actualizacion-listados-en-procesos-selectivos-2024bde053-2024bde061-2025bdb001-2025bde001-2025bde003-y-2025bde008-04-02-2025","status":"publish","type":"post","link":"https:\/\/fg.ull.es\/noticias\/2025\/02\/04\/actualizacion-listados-en-procesos-selectivos-2024bde053-2024bde061-2025bdb001-2025bde001-2025bde003-y-2025bde008-04-02-2025\/","title":{"rendered":"Actualizaci\u00f3n listados en procesos selectivos: 2024BDE053, 2024BDE061, 2025BDB001, 2025BDE001, 2025BDE003 y 2025BDE008 [04\/02\/2025]"},"content":{"rendered":"<section class=\"wpb-content-wrapper\"><p>[vc_row][vc_column][vc_separator][\/vc_column][\/vc_row][vc_row][vc_column][vc_empty_space][vc_message css_animation=&#8221;bounceInDown&#8221;]<span style=\"color: #000080\">Puedes acceder a la convocatoria pinchando encima de ella o busc\u00e1ndola en el buscador.<\/span>[\/vc_message][vc_empty_space][vc_message message_box_color=&#8221;success&#8221; icon_fontawesome=&#8221;fas fa-eye&#8221; css_animation=&#8221;none&#8221;]<span style=\"color: #008000\">En la convocatoria encontrar\u00e1s toda la informaci\u00f3n; el perfil, el listado, el periodo de alegaci\u00f3n asociado, etc\u00e9tera.<\/span>[\/vc_message][vc_empty_space][\/vc_column][\/vc_row][vc_row][vc_column][\/vc_column][\/vc_row][vc_row css_animation=&#8221;fadeIn&#8221; disable_element=&#8221;yes&#8221; el_id=&#8221;Primer-Listado-1L&#8221;][vc_column][vc_column_text]<\/p>\n<h3>Publicaciones del primer listado de candidaturas admitidas\/excluidas.<\/h3>\n<h5><\/h5>\n<h4><\/h4>\n<p>[\/vc_column_text][vc_separator color=&#8221;black&#8221; border_width=&#8221;2&#8243;][vc_empty_space height=&#8221;15px&#8221;][vc_row_inner el_id=&#8221;Primer-Listado-Provisional(1LP)&#8221;][vc_column_inner][vc_empty_space height=&#8221;10px&#8221;][vc_column_text]<\/p>\n<h4>Primer listado provisional (1LP)<\/h4>\n<ul>\n<li>\n<h5>Convocatoria [T\u00edtulo 5]<\/h5>\n<\/li>\n<\/ul>\n<p>[\/vc_column_text][vc_empty_space height=&#8221;15px&#8221;][\/vc_column_inner][\/vc_row_inner][vc_separator][vc_row_inner disable_element=&#8221;yes&#8221; el_id=&#8221;Primer-Listado-Definitivo(1LD)&#8221;][vc_column_inner][vc_empty_space height=&#8221;15px&#8221;][vc_column_text]<\/p>\n<h4>Primer listado definitivo (1LD)<\/h4>\n<ul>\n<li>\n<h5>Convocatoria [T\u00edtulo 5]<\/h5>\n<\/li>\n<\/ul>\n<p>[\/vc_column_text][vc_empty_space][vc_separator][vc_empty_space height=&#8221;15px&#8221;][\/vc_column_inner][\/vc_row_inner][\/vc_column][\/vc_row][vc_row css_animation=&#8221;fadeIn&#8221; el_id=&#8221;Segundo-Listado-2L&#8221;][vc_column][vc_column_text]<\/p>\n<h3>Publicaciones del segundo listado tras la baremaci\u00f3n de m\u00e9ritos objetivos de candidaturas admitidas\/excluidas.<\/h3>\n<h5><\/h5>\n<h4><\/h4>\n<p>[\/vc_column_text][vc_empty_space height=&#8221;15px&#8221;][vc_separator color=&#8221;black&#8221; border_width=&#8221;2&#8243;][vc_row_inner disable_element=&#8221;yes&#8221; el_id=&#8221;Segundo-Listado-provisional(2LP)&#8221;][vc_column_inner][vc_empty_space height=&#8221;10px&#8221;][vc_column_text]<\/p>\n<h4>Segundo listado provisional (2LP)<\/h4>\n<ul>\n<li>\n<h5>Convocatoria [T\u00edtulo 5]<\/h5>\n<\/li>\n<\/ul>\n<h4><\/h4>\n<p>[\/vc_column_text][vc_empty_space][vc_separator][vc_empty_space height=&#8221;15px&#8221;][\/vc_column_inner][\/vc_row_inner][vc_row_inner el_id=&#8221;Segundo-Listado-Definitivo(2LD)&#8221;][vc_column_inner][vc_empty_space height=&#8221;15px&#8221;][vc_column_text]<\/p>\n<h4>Segundo listado definitivo (2LD)<\/h4>\n<ul>\n<li>\n<h5><a href=\"https:\/\/fg.ull.es\/noticias\/2025\/01\/07\/convocatoria-personal-becario-perfil-educacion-en-matematicas-2025bdb001\/\">Convocatoria Personal becario Perfil: Educaci\u00f3n en matem\u00e1ticas (2025BDB001)<\/a><\/h5>\n<\/li>\n<li>\n<h5><a href=\"https:\/\/fg.ull.es\/noticias\/2025\/01\/16\/convocatoria-perfil-investigacion-en-administracion-marketing-y-comunicacion-2025bde003\/\">Convocatoria Perfil investigaci\u00f3n en Administraci\u00f3n, marketing y comunicaci\u00f3n (2025BDE003)<\/a><\/h5>\n<\/li>\n<li>\n<h5><a href=\"https:\/\/fg.ull.es\/noticias\/2025\/01\/16\/convocatoria-perfil-bioacustica-y-biodiversidad-marina-2025bde008\/\">Convocatoria Perfil: Bioac\u00fastica y Biodiversidad Marina (2025BDE008)<\/a><\/h5>\n<\/li>\n<\/ul>\n<h4><\/h4>\n<p>[\/vc_column_text][vc_empty_space][vc_separator][vc_empty_space height=&#8221;15px&#8221;][\/vc_column_inner][\/vc_row_inner][\/vc_column][\/vc_row][vc_row css_animation=&#8221;fadeIn&#8221; el_id=&#8221;Tercer-Listado-3L&#8221;][vc_column][vc_column_text]<\/p>\n<h3>Publicaciones del <strong>tercer listado <\/strong>de baremaci\u00f3n de la prueba pr\u00e1ctica y entrevista.<\/h3>\n<h5><\/h5>\n<h4><\/h4>\n<p>[\/vc_column_text][vc_empty_space height=&#8221;15px&#8221;][vc_separator color=&#8221;black&#8221; border_width=&#8221;2&#8243;][vc_row_inner el_id=&#8221;Tercer-Listado-Provisional-3LD&#8221;][vc_column_inner][vc_empty_space height=&#8221;10px&#8221;][vc_column_text]<\/p>\n<h4>Tercer listado provisional (3LP)<\/h4>\n<ul>\n<li>\n<h5><a href=\"https:\/\/fg.ull.es\/noticias\/2025\/01\/07\/convocatoria-personal-becario-perfil-educacion-en-matematicas-2025bdb001\/\">Convocatoria Personal becario Perfil: Educaci\u00f3n en matem\u00e1ticas (2025BDB001)<\/a><\/h5>\n<\/li>\n<\/ul>\n<h4><\/h4>\n<p>[\/vc_column_text][vc_empty_space][vc_separator][\/vc_column_inner][\/vc_row_inner][vc_row_inner el_id=&#8221;Tercer-Listado-Definitivo-3LD&#8221;][vc_column_inner][vc_empty_space height=&#8221;15px&#8221;][vc_column_text]<\/p>\n<h4>Tercer listado definitivo (3LD)<\/h4>\n<ul>\n<li>\n<h5><a href=\"https:\/\/fg.ull.es\/noticias\/2025\/01\/08\/convocatoria-microplasticos-en-el-medio-marino-2025bde001\/\">Convocatoria micropl\u00e1sticos en el medio marino (2025BDE001)<\/a><\/h5>\n<\/li>\n<li>\n<h5><a href=\"https:\/\/fg.ull.es\/noticias\/2024\/12\/03\/convocatoria-perfil-trabajo-social-para-proyectos-salud-mental2024bde053\/\">Convocatoria Perfil Trabajo Social para proyectos salud mental (2024BDE053)<\/a><\/h5>\n<\/li>\n<li>\n<h5><a href=\"https:\/\/fg.ull.es\/noticias\/2024\/12\/19\/convocatoria-perfil-facilitador-2024bde061\/\">Convocatoria Perfil Facilitador (2024BDE061)<\/a><\/h5>\n<\/li>\n<\/ul>\n<h4><\/h4>\n<p>[\/vc_column_text][vc_empty_space][vc_separator][vc_empty_space height=&#8221;15px&#8221;][\/vc_column_inner][\/vc_row_inner][\/vc_column][\/vc_row][vc_row][vc_column][vc_empty_space][\/vc_column][\/vc_row]<\/p>\n<\/section>","protected":false},"excerpt":{"rendered":"<p>[vc_row][vc_column][vc_separator][\/vc_column][\/vc_row][vc_row][vc_column][vc_empty_space][vc_message css_animation=&#8221;bounceInDown&#8221;]Puedes acceder a la convocatoria pinchando encima de ella o busc\u00e1ndola en el buscador.[\/vc_message][vc_empty_space][vc_message message_box_color=&#8221;success&#8221; icon_fontawesome=&#8221;fas fa-eye&#8221; css_animation=&#8221;none&#8221;]En la convocatoria encontrar\u00e1s toda la informaci\u00f3n; el perfil, el listado, el periodo de alegaci\u00f3n asociado, etc\u00e9tera.[\/vc_message][vc_empty_space][\/vc_column][\/vc_row][vc_row][vc_column][\/vc_column][\/vc_row][vc_row css_animation=&#8221;fadeIn&#8221; disable_element=&#8221;yes&#8221; el_id=&#8221;Primer-Listado-1L&#8221;][vc_column][vc_column_text] Publicaciones del primer listado de candidaturas admitidas\/excluidas. [\/vc_column_text][vc_separator color=&#8221;black&#8221; border_width=&#8221;2&#8243;][vc_empty_space height=&#8221;15px&#8221;][vc_row_inner el_id=&#8221;Primer-Listado-Provisional(1LP)&#8221;][vc_column_inner][vc_empty_space height=&#8221;10px&#8221;][vc_column_text] Primer listado provisional (1LP)&#8230;<\/p>\n","protected":false},"author":48,"featured_media":0,"comment_status":"closed","ping_status":"closed","sticky":false,"template":"","format":"standard","meta":{"footnotes":""},"categories":[1397,1407,1405,52,232],"tags":[],"featured_image_thumbnail_url":null,"_links":{"self":[{"href":"https:\/\/fg.ull.es\/noticias\/wp-json\/wp\/v2\/posts\/57409"}],"collection":[{"href":"https:\/\/fg.ull.es\/noticias\/wp-json\/wp\/v2\/posts"}],"about":[{"href":"https:\/\/fg.ull.es\/noticias\/wp-json\/wp\/v2\/types\/post"}],"author":[{"embeddable":true,"href":"https:\/\/fg.ull.es\/noticias\/wp-json\/wp\/v2\/users\/48"}],"replies":[{"embeddable":true,"href":"https:\/\/fg.ull.es\/noticias\/wp-json\/wp\/v2\/comments?post=57409"}],"version-history":[{"count":1,"href":"https:\/\/fg.ull.es\/noticias\/wp-json\/wp\/v2\/posts\/57409\/revisions"}],"predecessor-version":[{"id":57410,"href":"https:\/\/fg.ull.es\/noticias\/wp-json\/wp\/v2\/posts\/57409\/revisions\/57410"}],"wp:attachment":[{"href":"https:\/\/fg.ull.es\/noticias\/wp-json\/wp\/v2\/media?parent=57409"}],"wp:term":[{"taxonomy":"category","embeddable":true,"href":"https:\/\/fg.ull.es\/noticias\/wp-json\/wp\/v2\/categories?post=57409"},{"taxonomy":"post_tag","embeddable":true,"href":"https:\/\/fg.ull.es\/noticias\/wp-json\/wp\/v2\/tags?post=57409"}],"curies":[{"name":"wp","href":"https:\/\/api.w.org\/{rel}","templated":true}]}}