{"id":57363,"date":"2025-01-29T11:37:17","date_gmt":"2025-01-29T11:37:17","guid":{"rendered":"https:\/\/fg.ull.es\/noticias\/?p=57363"},"modified":"2025-01-29T11:59:01","modified_gmt":"2025-01-29T11:59:01","slug":"resolucion-definitiva-de-admisiones-y-no-admisiones-al-procedimiento-de-becas-universitas-prolingua-para-el-alumnado-del-servicio-de-idiomas-de-la-universidad-de-la-laguna-matriculado-durante-el-pri-5","status":"publish","type":"post","link":"https:\/\/fg.ull.es\/noticias\/2025\/01\/29\/resolucion-definitiva-de-admisiones-y-no-admisiones-al-procedimiento-de-becas-universitas-prolingua-para-el-alumnado-del-servicio-de-idiomas-de-la-universidad-de-la-laguna-matriculado-durante-el-pri-5\/","title":{"rendered":"Resoluci\u00f3n definitiva de admisiones y no admisiones al procedimiento de Becas Universitas Prolingua para el alumnado del Servicio de Idiomas de la Universidad de La Laguna matriculado durante el primer cuatrimestre del curso acad\u00e9mico 2024\/2025"},"content":{"rendered":"<p>Finalizado el periodo de alegaciones y resueltas estas, se publican los listados definitivos de solicitudes admitidas y excluidas en el procedimiento.<\/p>\n<ul>\n<li><a href=\"https:\/\/drive.google.com\/file\/d\/14iLirhcQuML7Vk96Zw6LMpKHJnDKjv5b\/view?usp=sharing\" target=\"_blank\" rel=\"noopener\"><strong>Listado definitivo<\/strong><\/a> <em>(la inclusi\u00f3n en este listado no implica la concesi\u00f3n de la beca).<\/em><\/li>\n<\/ul>\n<p>Una vez baremados los m\u00e9ritos de las solicitudes admitidas y verificado el cumplimiento del requisito de asistencia, se proceder\u00e1 a la publicaci\u00f3n de los listados provisionales de adjudicaci\u00f3n de becas.<\/p>\n<p>La valoraci\u00f3n de cada solicitud se ha realizado conforme a lo establecido en las bases de la <a href=\"https:\/\/fg.ull.es\/noticias\/2024\/12\/27\/convocatoria-de-150-becas-universitas-prolingua-para-el-alumnado-del-servicio-de-idiomas-de-la-universidad-de-la-laguna-matriculado-durante-el-primer-cuatrimestre-del-curso-2024-2025\/\" target=\"_blank\" rel=\"noopener\">convocatoria<\/a>.<\/p>\n","protected":false},"excerpt":{"rendered":"<p>Finalizado el periodo de alegaciones y resueltas estas, se publican los listados definitivos de solicitudes admitidas y excluidas en el procedimiento. Listado definitivo (la inclusi\u00f3n en este listado no implica la concesi\u00f3n de la beca). Una vez baremados los m\u00e9ritos de las solicitudes admitidas y verificado el cumplimiento del requisito de asistencia, se proceder\u00e1 a&#8230;<\/p>\n","protected":false},"author":6,"featured_media":0,"comment_status":"closed","ping_status":"closed","sticky":false,"template":"","format":"standard","meta":{"footnotes":""},"categories":[1404,1311,232],"tags":[],"featured_image_thumbnail_url":null,"_links":{"self":[{"href":"https:\/\/fg.ull.es\/noticias\/wp-json\/wp\/v2\/posts\/57363"}],"collection":[{"href":"https:\/\/fg.ull.es\/noticias\/wp-json\/wp\/v2\/posts"}],"about":[{"href":"https:\/\/fg.ull.es\/noticias\/wp-json\/wp\/v2\/types\/post"}],"author":[{"embeddable":true,"href":"https:\/\/fg.ull.es\/noticias\/wp-json\/wp\/v2\/users\/6"}],"replies":[{"embeddable":true,"href":"https:\/\/fg.ull.es\/noticias\/wp-json\/wp\/v2\/comments?post=57363"}],"version-history":[{"count":2,"href":"https:\/\/fg.ull.es\/noticias\/wp-json\/wp\/v2\/posts\/57363\/revisions"}],"predecessor-version":[{"id":57365,"href":"https:\/\/fg.ull.es\/noticias\/wp-json\/wp\/v2\/posts\/57363\/revisions\/57365"}],"wp:attachment":[{"href":"https:\/\/fg.ull.es\/noticias\/wp-json\/wp\/v2\/media?parent=57363"}],"wp:term":[{"taxonomy":"category","embeddable":true,"href":"https:\/\/fg.ull.es\/noticias\/wp-json\/wp\/v2\/categories?post=57363"},{"taxonomy":"post_tag","embeddable":true,"href":"https:\/\/fg.ull.es\/noticias\/wp-json\/wp\/v2\/tags?post=57363"}],"curies":[{"name":"wp","href":"https:\/\/api.w.org\/{rel}","templated":true}]}}