{"id":56780,"date":"2024-10-16T08:13:25","date_gmt":"2024-10-16T07:13:25","guid":{"rendered":"https:\/\/fg.ull.es\/noticias\/?p=56780"},"modified":"2024-10-18T15:02:28","modified_gmt":"2024-10-18T14:02:28","slug":"barrios-por-el-empleo-juntos-mas-fuertes-programa-labora-en-barcelona","status":"publish","type":"post","link":"https:\/\/fg.ull.es\/noticias\/2024\/10\/16\/barrios-por-el-empleo-juntos-mas-fuertes-programa-labora-en-barcelona\/","title":{"rendered":"&#8220;Barrios por el Empleo: Juntos m\u00e1s Fuertes&#8221; estrecha su colaboraci\u00f3n con el Programa L\u00e0bora en Barcelona"},"content":{"rendered":"<p>Durante el mes de octubre el programa L\u00e0bora y Barrios por el Empleo: Juntos m\u00e1s Fuertes ha tenido la oportunidad de dar los primeros pasos en la colaboraci\u00f3n entre ambas iniciativas.<\/p>\n<p>Por una parte, en el marco de la formaci\u00f3n t\u00e9cnica \u201cLa pr\u00e1ctica profesional comunitaria en Barrios por el Empleo\u201d, la Gerente de L\u00e0bora, Joana Rafart, con la colaboraci\u00f3n de su compa\u00f1ero de gesti\u00f3n del conocimiento, Pau Castellv\u00ed, intervino como invitada en la sesi\u00f3n formativa online para presentar como experiencia de referencia.<\/p>\n<p>Adem\u00e1s, el equipo de la Unidad de Transferencia del Proyecto, formado por Vicente Zapata, Rut L\u00f3pez y Silvia Acosta, mantuvo de nuevo una reuni\u00f3n con Joana Rafart, para concretar las actividades que pueden resultar de inter\u00e9s para ambas iniciativas y poder comenzar a realizar acciones de transferencia de conocimiento entre ambas.<\/p>\n<p>Cabe se\u00f1alar que las dos iniciativas se conocieron el pasado a\u00f1o 2023 durante la participaci\u00f3n en el congreso REPS celebrado en Mallorca y tras detectar grandes similitudes en sus objetivos y metodolog\u00eda, acordaron mantenerse en contacto para posibles colaboraciones.<\/p>\n<p>El equipo de Barrios por el Empleo: Juntos m\u00e1s Fuertes est\u00e1 muy motivado con esta colaboraci\u00f3n y quiere agradecer a L\u00e0bora, en la figura de su Gerente Joana, la predisposici\u00f3n e inter\u00e9s mostrado tambi\u00e9n por su parte.<\/p>\n<p>La Unidad de Gesti\u00f3n y Transferencia del Conocimiento est\u00e1 gestionada por la Fundaci\u00f3n Canaria General Universidad de La Laguna dentro del proyecto &#8220;Barrios por el Empleo: Juntos m\u00e1s Fuertes&#8221;, que forma parte del Marco Estrat\u00e9gico de Desarrollo Insular (MEDI) y que cuenta con la cofinanciaci\u00f3n del Cabildo de Tenerife en colaboraci\u00f3n con FIFEDE y del Fondo de Desarrollo de Canarias (FDCAN)&#8221;.<\/p>\n","protected":false},"excerpt":{"rendered":"<p>Durante el mes de octubre el programa L\u00e0bora y Barrios por el Empleo: Juntos m\u00e1s Fuertes ha tenido la oportunidad de dar los primeros pasos en la colaboraci\u00f3n entre ambas iniciativas. Por una parte, en el marco de la formaci\u00f3n t\u00e9cnica \u201cLa pr\u00e1ctica profesional comunitaria en Barrios por el Empleo\u201d, la Gerente de L\u00e0bora, Joana&#8230;<\/p>\n","protected":false},"author":47,"featured_media":56769,"comment_status":"closed","ping_status":"closed","sticky":false,"template":"","format":"standard","meta":{"footnotes":""},"categories":[38,656,7],"tags":[133,864,271],"featured_image_thumbnail_url":"https:\/\/fg.ull.es\/noticias\/wp-content\/uploads\/sites\/2\/2024\/10\/Colaboracion-proyecto-Labora-300x300.jpg","_links":{"self":[{"href":"https:\/\/fg.ull.es\/noticias\/wp-json\/wp\/v2\/posts\/56780"}],"collection":[{"href":"https:\/\/fg.ull.es\/noticias\/wp-json\/wp\/v2\/posts"}],"about":[{"href":"https:\/\/fg.ull.es\/noticias\/wp-json\/wp\/v2\/types\/post"}],"author":[{"embeddable":true,"href":"https:\/\/fg.ull.es\/noticias\/wp-json\/wp\/v2\/users\/47"}],"replies":[{"embeddable":true,"href":"https:\/\/fg.ull.es\/noticias\/wp-json\/wp\/v2\/comments?post=56780"}],"version-history":[{"count":2,"href":"https:\/\/fg.ull.es\/noticias\/wp-json\/wp\/v2\/posts\/56780\/revisions"}],"predecessor-version":[{"id":56785,"href":"https:\/\/fg.ull.es\/noticias\/wp-json\/wp\/v2\/posts\/56780\/revisions\/56785"}],"wp:featuredmedia":[{"embeddable":true,"href":"https:\/\/fg.ull.es\/noticias\/wp-json\/wp\/v2\/media\/56769"}],"wp:attachment":[{"href":"https:\/\/fg.ull.es\/noticias\/wp-json\/wp\/v2\/media?parent=56780"}],"wp:term":[{"taxonomy":"category","embeddable":true,"href":"https:\/\/fg.ull.es\/noticias\/wp-json\/wp\/v2\/categories?post=56780"},{"taxonomy":"post_tag","embeddable":true,"href":"https:\/\/fg.ull.es\/noticias\/wp-json\/wp\/v2\/tags?post=56780"}],"curies":[{"name":"wp","href":"https:\/\/api.w.org\/{rel}","templated":true}]}}