{"id":56389,"date":"2024-08-28T14:00:06","date_gmt":"2024-08-28T13:00:06","guid":{"rendered":"https:\/\/fg.ull.es\/noticias\/?p=56389"},"modified":"2024-09-23T14:14:49","modified_gmt":"2024-09-23T13:14:49","slug":"convocatoria-para-la-seleccion-de-beca-formativa-para-participar-en-proyectos-sobre-vigilancia-entomologica-2024bdb008","status":"publish","type":"post","link":"https:\/\/fg.ull.es\/noticias\/2024\/08\/28\/convocatoria-para-la-seleccion-de-beca-formativa-para-participar-en-proyectos-sobre-vigilancia-entomologica-2024bdb008\/","title":{"rendered":"Convocatoria para la selecci\u00f3n de beca formativa para participar en proyectos sobre Vigilancia Entomol\u00f3gica (2024BDB008)"},"content":{"rendered":"<section class=\"wpb-content-wrapper\"><p>[vc_row][vc_column][vc_column_text]<\/p>\n<h4>Se solicitan candidaturas para constituir una bolsa de personas becarias para participar en proyectos sobre Vigilancia Entomol\u00f3gica con \u00a0de la Fundaci\u00f3n General de la Universidad de La Laguna (2024BDB008).<\/h4>\n<h4>El<strong> periodo de inscripci\u00f3n se inicia<\/strong> el d\u00eda 28\/08\/2024 a las 14:00 horas\u00a0 y finaliza el pr\u00f3ximo 04\/09\/2024 a las 23:59 horas.<\/h4>\n<p>{{Las personas interesadas en participar en el proceso de selecci\u00f3n deben presentar su candidatura desde la sede electr\u00f3nica de la Fundaci\u00f3n.}}<span style=\"font-weight: 400\">Para la inscripci\u00f3n es totalmente necesario el cumplimiento de los requisitos expuestos en las bases generales y perfil singular de la convocatoria que se presentan a continuaci\u00f3n:<\/span>[\/vc_column_text][vc_empty_space][\/vc_column][\/vc_row][vc_row][vc_column width=&#8221;1\/2&#8243;][vc_column_text]<\/p>\n<h4>Bases generales<\/h4>\n<p>[\/vc_column_text][\/vc_column][vc_column width=&#8221;1\/2&#8243;][vc_btn title=&#8221;Descargar Bases Generales&#8221; style=&#8221;custom&#8221; custom_background=&#8221;#5c068c&#8221; custom_text=&#8221;#ffffff&#8221; shape=&#8221;square&#8221; align=&#8221;center&#8221; i_align=&#8221;right&#8221; i_icon_fontawesome=&#8221;fas fa-file-alt&#8221; button_block=&#8221;true&#8221; add_icon=&#8221;true&#8221; link=&#8221;url:https%3A%2F%2Fdocs.google.com%2Fdocument%2Fd%2F1vJLJj1WtyFH3uuVUS_luGG-iwMclpqWK%2Fpreview|target:_blank&#8221;][\/vc_column][\/vc_row][vc_row][vc_column][vc_separator][\/vc_column][\/vc_row][vc_row][vc_column width=&#8221;1\/2&#8243;][vc_column_text]<\/p>\n<h4>Perfil singular<\/h4>\n<p>[\/vc_column_text][\/vc_column][vc_column width=&#8221;1\/2&#8243;][vc_btn title=&#8221;Descargar Perfil Singular&#8221; style=&#8221;custom&#8221; custom_background=&#8221;#5c068c&#8221; custom_text=&#8221;#ffffff&#8221; shape=&#8221;square&#8221; align=&#8221;center&#8221; i_align=&#8221;right&#8221; i_icon_fontawesome=&#8221;fas fa-user-friends&#8221; button_block=&#8221;true&#8221; add_icon=&#8221;true&#8221; link=&#8221;url:https%3A%2F%2Fdrive.google.com%2Ffile%2Fd%2F1JE4C74mqvULzfki9tjX91JlZvT1kFkWO%2Fview%3Fusp%3Ddrive_link|target:_blank&#8221;][\/vc_column][\/vc_row][vc_row][vc_column][vc_separator][\/vc_column][\/vc_row][vc_row][vc_column width=&#8221;1\/2&#8243;][vc_column_text]<\/p>\n<h4>Documento de alegaciones<\/h4>\n<p>[\/vc_column_text][\/vc_column][vc_column width=&#8221;1\/2&#8243;][vc_btn title=&#8221;Descargar aqu\u00ed&#8221; style=&#8221;custom&#8221; custom_background=&#8221;#000f82&#8243; custom_text=&#8221;#ffffff&#8221; shape=&#8221;square&#8221; size=&#8221;lg&#8221; align=&#8221;center&#8221; i_align=&#8221;right&#8221; i_icon_fontawesome=&#8221;fas fa-arrow-circle-down&#8221; button_block=&#8221;true&#8221; add_icon=&#8221;true&#8221; link=&#8221;url:https%3A%2F%2Fdrive.google.com%2Fopen%3Fid%3D1XQRSS_QLBU1Z9C6XZnX-_4uTC4vvwihk|target:_blank&#8221;][\/vc_column][\/vc_row][vc_row][vc_column][vc_separator][\/vc_column][\/vc_row][vc_row][vc_column width=&#8221;1\/2&#8243;][vc_column_text]<\/p>\n<h4>Inscripci\u00f3n<\/h4>\n<p>[\/vc_column_text][\/vc_column][vc_column width=&#8221;1\/2&#8243;][vc_btn title=&#8221;Inscripci\u00f3n aqu\u00ed&#8221; style=&#8221;custom&#8221; custom_background=&#8221;#2cbfc6&#8243; custom_text=&#8221;#ffffff&#8221; shape=&#8221;square&#8221; size=&#8221;lg&#8221; align=&#8221;center&#8221; i_align=&#8221;right&#8221; i_icon_fontawesome=&#8221;fas fa-toolbox&#8221; button_block=&#8221;true&#8221; add_icon=&#8221;true&#8221; link=&#8221;url:https%3A%2F%2Fsede.fg.ull.es%2Fes%2Fempleo&#8221;][\/vc_column][\/vc_row][vc_row el_id=&#8221;Separador-doble&#8221; css=&#8221;.vc_custom_1676461663589{padding-top: 10px !important;padding-bottom: 10px !important;}&#8221;][vc_column][vc_separator color=&#8221;black&#8221; style=&#8221;double&#8221; border_width=&#8221;3&#8243; el_id=&#8221;doble-separador&#8221;][vc_empty_space][\/vc_column][\/vc_row][vc_row][vc_column][vc_message]Los listados se ir\u00e1n incluyendo a medida que se avance en el proceso de convocatoria.<\/p>\n<p><strong>Se notificar\u00e1n su disponibilidad mediante el tabl\u00f3n de anuncios<\/strong>.[\/vc_message][\/vc_column][\/vc_row][vc_row css=&#8221;.vc_custom_1676461663589{padding-top: 10px !important;padding-bottom: 10px !important;}&#8221;][vc_column][vc_separator color=&#8221;black&#8221; style=&#8221;double&#8221; border_width=&#8221;3&#8243;][\/vc_column][\/vc_row][vc_row][vc_column][vc_message message_box_color=&#8221;success&#8221;]\u00a1\u00daltima actualizaci\u00f3n! &#8211; 14:30 horas del 23 de septiembre del 2024.[\/vc_message][\/vc_column][\/vc_row][vc_row css=&#8221;.vc_custom_1676461663589{padding-top: 10px !important;padding-bottom: 10px !important;}&#8221;][vc_column][vc_separator color=&#8221;black&#8221; style=&#8221;double&#8221; border_width=&#8221;3&#8243;][\/vc_column][\/vc_row][vc_row][vc_column][vc_empty_space][vc_column_text]<\/p>\n<h3 style=\"text-align: center\">Etapas de la convocatoria<\/h3>\n<p>[\/vc_column_text][vc_empty_space][vc_separator][vc_empty_space height=&#8221;15px&#8221;][\/vc_column][\/vc_row][vc_row][vc_column][vc_column_text]<\/p>\n<h3>Primer listado provisional de candidaturas admitidas\/excluidas.<\/h3>\n<h5>El periodo de reclamaci\u00f3n se inicia el d\u00eda 05\/09\/2024 a las 15:00 y finaliza el pr\u00f3ximo 08\/09\/2024 a las 23:59 horas.<\/h5>\n<p>Las alegaciones \u00fanica y exclusivamente se podr\u00e1n presentar telem\u00e1ticamente al correo electr\u00f3nico <a href=\"mailto:seleccion@fg.ull.es\">seleccion@fg.ull.es<\/a> y utilizando documento normalizado: <a href=\"https:\/\/drive.google.com\/open?id=1XQRSS_QLBU1Z9C6XZnX-_4uTC4vvwihk\" target=\"_blank\" rel=\"noopener\">documento de alegaciones<\/a>.[\/vc_column_text][\/vc_column][\/vc_row][vc_row][vc_column][vc_empty_space height=&#8221;15px&#8221;][vc_separator][vc_empty_space height=&#8221;15px&#8221;][\/vc_column][\/vc_row][vc_row][vc_column width=&#8221;1\/2&#8243;][vc_column_text]<\/p>\n<h4>Primer listado provisional (1LP)<\/h4>\n<p>[\/vc_column_text][\/vc_column][vc_column width=&#8221;1\/2&#8243;][vc_btn title=&#8221;Descargar 1LP aqu\u00ed&#8221; style=&#8221;custom&#8221; custom_background=&#8221;#5c068c&#8221; custom_text=&#8221;#ffffff&#8221; shape=&#8221;square&#8221; size=&#8221;lg&#8221; align=&#8221;center&#8221; i_align=&#8221;right&#8221; i_icon_fontawesome=&#8221;far fa-arrow-alt-circle-down&#8221; button_block=&#8221;true&#8221; add_icon=&#8221;true&#8221; link=&#8221;url:https%3A%2F%2Fdrive.google.com%2Ffile%2Fd%2F1Th8kIInDExJa1s_-r2qp77_rlBN-z3tN%2Fview%3Fusp%3Ddrive_link|target:_blank&#8221;][\/vc_column][\/vc_row][vc_row css=&#8221;.vc_custom_1676461663589{padding-top: 10px !important;padding-bottom: 10px !important;}&#8221;][vc_column][vc_empty_space][vc_separator color=&#8221;black&#8221; style=&#8221;double&#8221; border_width=&#8221;3&#8243;][vc_empty_space][\/vc_column][\/vc_row][vc_row][vc_column][vc_column_text]<\/p>\n<h3>Primer listado definitivo de candidaturas admitidas\/excluidas.<\/h3>\n<p>Para la valoraci\u00f3n de todas y cada una de las candidaturas se ha tomado como fundamento lo especificado en la convocatoria.[\/vc_column_text][\/vc_column][\/vc_row][vc_row][vc_column][vc_empty_space height=&#8221;15px&#8221;][vc_separator][vc_empty_space height=&#8221;15px&#8221;][\/vc_column][\/vc_row][vc_row][vc_column width=&#8221;1\/2&#8243;][vc_column_text]<\/p>\n<h4>Primer listado definitivo (1LD)<\/h4>\n<p>[\/vc_column_text][\/vc_column][vc_column width=&#8221;1\/2&#8243;][vc_btn title=&#8221;Descargar 1LD aqu\u00ed&#8221; style=&#8221;custom&#8221; custom_background=&#8221;#5c068c&#8221; custom_text=&#8221;#ffffff&#8221; shape=&#8221;square&#8221; size=&#8221;lg&#8221; align=&#8221;center&#8221; i_align=&#8221;right&#8221; i_icon_fontawesome=&#8221;far fa-arrow-alt-circle-down&#8221; button_block=&#8221;true&#8221; add_icon=&#8221;true&#8221; link=&#8221;url:https%3A%2F%2Fdrive.google.com%2Ffile%2Fd%2F1X-OAll7M9XOcUwewnPmx1CB28UXFf777%2Fview%3Fusp%3Ddrive_link|target:_blank&#8221;][\/vc_column][\/vc_row][vc_row css=&#8221;.vc_custom_1676461663589{padding-top: 10px !important;padding-bottom: 10px !important;}&#8221;][vc_column][vc_empty_space][vc_separator color=&#8221;black&#8221; style=&#8221;double&#8221; border_width=&#8221;3&#8243;][vc_empty_space][\/vc_column][\/vc_row][vc_row][vc_column][vc_column_text]<\/p>\n<h3>Segundo listado provisional de candidaturas admitidas\/excluidas.<\/h3>\n<h5>El periodo de reclamaci\u00f3n se inicia el d\u00eda 16\/09\/2024 a las 15:00 y finaliza el pr\u00f3ximo 19\/09\/2024 a las 23:59 horas.<\/h5>\n<p>Las alegaciones \u00fanica y exclusivamente se podr\u00e1n presentar telem\u00e1ticamente al correo electr\u00f3nico <a href=\"mailto:seleccion@fg.ull.es\">seleccion@fg.ull.es<\/a> y utilizando el documento de alegaciones normalizado: <a href=\"https:\/\/drive.google.com\/open?id=1XQRSS_QLBU1Z9C6XZnX-_4uTC4vvwihk\" target=\"_blank\" rel=\"noopener\">documento de alegaciones<\/a>.[\/vc_column_text][\/vc_column][\/vc_row][vc_row][vc_column][vc_empty_space height=&#8221;15px&#8221;][vc_separator][vc_empty_space height=&#8221;15px&#8221;][\/vc_column][\/vc_row][vc_row][vc_column width=&#8221;1\/2&#8243;][vc_column_text]<\/p>\n<h4>Segundo listado provisional (2LP)<\/h4>\n<p>[\/vc_column_text][\/vc_column][vc_column width=&#8221;1\/2&#8243;][vc_btn title=&#8221;Descargar 2LP aqu\u00ed&#8221; style=&#8221;custom&#8221; custom_background=&#8221;rgba(92,6,140,0.85)&#8221; custom_text=&#8221;#ffffff&#8221; shape=&#8221;square&#8221; size=&#8221;lg&#8221; align=&#8221;center&#8221; i_align=&#8221;right&#8221; i_icon_fontawesome=&#8221;far fa-arrow-alt-circle-down&#8221; button_block=&#8221;true&#8221; add_icon=&#8221;true&#8221; link=&#8221;url:https%3A%2F%2Fdrive.google.com%2Ffile%2Fd%2F1bUMfRVLJeS8XDCYwTfy40yWC8DXTyiIs%2Fview%3Fusp%3Ddrive_link|target:_blank&#8221;][\/vc_column][\/vc_row][vc_row css=&#8221;.vc_custom_1676461663589{padding-top: 10px !important;padding-bottom: 10px !important;}&#8221;][vc_column][vc_empty_space][vc_separator color=&#8221;black&#8221; style=&#8221;double&#8221; border_width=&#8221;3&#8243;][vc_empty_space][\/vc_column][\/vc_row][vc_row][vc_column][vc_column_text]<\/p>\n<h3>Segundo listado definitivo de candidaturas admitidas\/excluidas.<\/h3>\n<p>[\/vc_column_text][\/vc_column][\/vc_row][vc_row][vc_column][vc_empty_space height=&#8221;15px&#8221;][vc_separator][vc_empty_space height=&#8221;15px&#8221;][\/vc_column][\/vc_row][vc_row][vc_column width=&#8221;1\/2&#8243;][vc_column_text]<\/p>\n<h4>Segundo listado definitivo (2LD)<\/h4>\n<p>[\/vc_column_text][\/vc_column][vc_column width=&#8221;1\/2&#8243;][vc_btn title=&#8221;Descargar 2LD aqu\u00ed&#8221; style=&#8221;custom&#8221; custom_background=&#8221;rgba(92,6,140,0.85)&#8221; custom_text=&#8221;#ffffff&#8221; shape=&#8221;square&#8221; size=&#8221;lg&#8221; align=&#8221;center&#8221; i_align=&#8221;right&#8221; i_icon_fontawesome=&#8221;far fa-arrow-alt-circle-down&#8221; button_block=&#8221;true&#8221; add_icon=&#8221;true&#8221; link=&#8221;url:https%3A%2F%2Fdrive.google.com%2Ffile%2Fd%2F1ZGlTb3RXXSGpALrkNVbhSHFQrxLajAr-%2Fview%3Fusp%3Ddrive_link|target:_blank&#8221;][\/vc_column][\/vc_row][vc_row css=&#8221;.vc_custom_1676461663589{padding-top: 10px !important;padding-bottom: 10px !important;}&#8221;][vc_column][vc_empty_space][vc_separator color=&#8221;black&#8221; style=&#8221;double&#8221; border_width=&#8221;3&#8243;][vc_empty_space][\/vc_column][\/vc_row][vc_row][vc_column][vc_column_text]<\/p>\n<h3>Tercer listado provisional de baremaci\u00f3n de la prueba pr\u00e1ctica y entrevista.<\/h3>\n<h5>El periodo de reclamaci\u00f3n se inicia el d\u00eda XX\/XX\/2023 a las 15:00 y finaliza el pr\u00f3ximo XX\/XX\/2023 a las 14:59 horas. (Se actualizar\u00e1n las fechas, una vez publicado el listado correspondiente)<\/h5>\n<p>Las alegaciones \u00fanica y exclusivamente se podr\u00e1n presentar telem\u00e1ticamente al correo electr\u00f3nico <a href=\"mailto:seleccion@fg.ull.es\">seleccion@fg.ull.es<\/a> y utilizando el documento de alegaciones normalizado: <a href=\"https:\/\/drive.google.com\/open?id=1XQRSS_QLBU1Z9C6XZnX-_4uTC4vvwihk\" target=\"_blank\" rel=\"noopener\">documento de alegaciones<\/a>.[\/vc_column_text][\/vc_column][\/vc_row][vc_row][vc_column][vc_empty_space height=&#8221;15px&#8221;][vc_separator][vc_empty_space height=&#8221;15px&#8221;][\/vc_column][\/vc_row][vc_row][vc_column width=&#8221;1\/2&#8243;][vc_column_text]<\/p>\n<h4>Tercer listado provisional (3LP)<\/h4>\n<p>[\/vc_column_text][\/vc_column][vc_column width=&#8221;1\/2&#8243;][vc_btn title=&#8221;Descargar 3LP aqu\u00ed&#8221; style=&#8221;custom&#8221; custom_background=&#8221;rgba(92,6,140,0.65)&#8221; custom_text=&#8221;#ffffff&#8221; shape=&#8221;square&#8221; size=&#8221;lg&#8221; align=&#8221;center&#8221; i_align=&#8221;right&#8221; i_icon_fontawesome=&#8221;far fa-arrow-alt-circle-down&#8221; button_block=&#8221;true&#8221; add_icon=&#8221;true&#8221; link=&#8221;||target:%20_blank|&#8221;][\/vc_column][\/vc_row][vc_row css=&#8221;.vc_custom_1676461663589{padding-top: 10px !important;padding-bottom: 10px !important;}&#8221;][vc_column][vc_empty_space][vc_separator color=&#8221;black&#8221; style=&#8221;double&#8221; border_width=&#8221;3&#8243;][vc_empty_space][\/vc_column][\/vc_row][vc_row][vc_column][vc_column_text]<\/p>\n<h3>Tercer listado definitivo de baremaci\u00f3n de la prueba pr\u00e1ctica y entrevista.<\/h3>\n<p>[\/vc_column_text][\/vc_column][\/vc_row][vc_row][vc_column][vc_empty_space height=&#8221;15px&#8221;][vc_separator][vc_empty_space height=&#8221;15px&#8221;][\/vc_column][\/vc_row][vc_row][vc_column width=&#8221;1\/2&#8243;][vc_column_text]<\/p>\n<h4>Tercer listado definitivo (3LD)<\/h4>\n<p>[\/vc_column_text][\/vc_column][vc_column width=&#8221;1\/2&#8243;][vc_btn title=&#8221;Descargar 3LD aqu\u00ed&#8221; style=&#8221;custom&#8221; custom_background=&#8221;rgba(92,6,140,0.65)&#8221; custom_text=&#8221;#ffffff&#8221; shape=&#8221;square&#8221; size=&#8221;lg&#8221; align=&#8221;center&#8221; i_align=&#8221;right&#8221; i_icon_fontawesome=&#8221;far fa-arrow-alt-circle-down&#8221; button_block=&#8221;true&#8221; add_icon=&#8221;true&#8221; link=&#8221;||target:%20_blank|&#8221;][\/vc_column][\/vc_row][vc_row css=&#8221;.vc_custom_1676461663589{padding-top: 10px !important;padding-bottom: 10px !important;}&#8221;][vc_column][vc_empty_space][vc_separator color=&#8221;black&#8221; style=&#8221;double&#8221; border_width=&#8221;3&#8243;][vc_empty_space][\/vc_column][\/vc_row]<\/p>\n<\/section>","protected":false},"excerpt":{"rendered":"<p>[vc_row][vc_column][vc_column_text] Se solicitan candidaturas para constituir una bolsa de personas becarias para participar en proyectos sobre Vigilancia Entomol\u00f3gica con \u00a0de la Fundaci\u00f3n General de la Universidad de La Laguna (2024BDB008). El periodo de inscripci\u00f3n se inicia el d\u00eda 28\/08\/2024 a las 14:00 horas\u00a0 y finaliza el pr\u00f3ximo 04\/09\/2024 a las 23:59 horas. {{Las personas interesadas&#8230;<\/p>\n","protected":false},"author":62,"featured_media":0,"comment_status":"closed","ping_status":"closed","sticky":false,"template":"","format":"standard","meta":{"footnotes":""},"categories":[1,1397,1406,52,232],"tags":[],"featured_image_thumbnail_url":null,"_links":{"self":[{"href":"https:\/\/fg.ull.es\/noticias\/wp-json\/wp\/v2\/posts\/56389"}],"collection":[{"href":"https:\/\/fg.ull.es\/noticias\/wp-json\/wp\/v2\/posts"}],"about":[{"href":"https:\/\/fg.ull.es\/noticias\/wp-json\/wp\/v2\/types\/post"}],"author":[{"embeddable":true,"href":"https:\/\/fg.ull.es\/noticias\/wp-json\/wp\/v2\/users\/62"}],"replies":[{"embeddable":true,"href":"https:\/\/fg.ull.es\/noticias\/wp-json\/wp\/v2\/comments?post=56389"}],"version-history":[{"count":7,"href":"https:\/\/fg.ull.es\/noticias\/wp-json\/wp\/v2\/posts\/56389\/revisions"}],"predecessor-version":[{"id":56620,"href":"https:\/\/fg.ull.es\/noticias\/wp-json\/wp\/v2\/posts\/56389\/revisions\/56620"}],"wp:attachment":[{"href":"https:\/\/fg.ull.es\/noticias\/wp-json\/wp\/v2\/media?parent=56389"}],"wp:term":[{"taxonomy":"category","embeddable":true,"href":"https:\/\/fg.ull.es\/noticias\/wp-json\/wp\/v2\/categories?post=56389"},{"taxonomy":"post_tag","embeddable":true,"href":"https:\/\/fg.ull.es\/noticias\/wp-json\/wp\/v2\/tags?post=56389"}],"curies":[{"name":"wp","href":"https:\/\/api.w.org\/{rel}","templated":true}]}}