{"id":56064,"date":"2024-06-17T15:01:09","date_gmt":"2024-06-17T14:01:09","guid":{"rendered":"https:\/\/fg.ull.es\/noticias\/?p=56064"},"modified":"2024-06-25T13:28:10","modified_gmt":"2024-06-25T12:28:10","slug":"la-xi-edicion-de-ensenar-para-emprender-finaliza-con-la-participacion-de-2100-estudiantes-de-la-provincia-de-santa-cruz-de-tenerife","status":"publish","type":"post","link":"https:\/\/fg.ull.es\/noticias\/2024\/06\/17\/la-xi-edicion-de-ensenar-para-emprender-finaliza-con-la-participacion-de-2100-estudiantes-de-la-provincia-de-santa-cruz-de-tenerife\/","title":{"rendered":"La XI edici\u00f3n de \u2018Ense\u00f1ar para Emprender\u2019 finaliza con la participaci\u00f3n de 2100 estudiantes de la provincia de Santa Cruz de Tenerife"},"content":{"rendered":"<p><span style=\"font-weight: 400\">La XI edici\u00f3n del proyecto <a href=\"https:\/\/fg.ull.es\/empleo\/ensenar-para-emprender\/\" target=\"_blank\" rel=\"noopener\">Ense\u00f1ar para Emprender (EPE)<\/a> finaliza con el acto de \u2018Liquida y Comparte\u2019. Se trata de un evento que concluye con el cierre del proyecto y la liquidaci\u00f3n de cuentas de las cooperativas escolares. En esta edici\u00f3n, han participado 2.100 estudiantes de la provincia de Santa Cruz de Tenerife.\u00a0<\/span><\/p>\n<p><span style=\"font-weight: 400\">En la jornada de hoy, el Sal\u00f3n de Actos de las oficinas centrales de Cajasiete, colaboradora del proyecto, se visti\u00f3 de gala para recibir a 270 estudiantes y profesorado, representantes de la mayor parte de los centros educativos de esta edici\u00f3n y de sus 35 cooperativas escolares fundadas para este a\u00f1o acad\u00e9mico.\u00a0<\/span><\/p>\n<h2><b><i>En este encuentro, el alumnado ha hecho entrega de parte de sus beneficios a entidades sin \u00e1nimo de lucro, representadas por un total de 21 personas.<\/i><\/b><\/h2>\n<p><span style=\"font-weight: 400\">Al acto inaugural acudieron: Jos\u00e9 Manuel Berm\u00fadez, alcalde del Ayuntamiento de Santa Cruz de Tenerife; Julio Brito, gerente de la Fundaci\u00f3n General de la Universidad de La Laguna; Fernando Berge, presidente de Cajasiete; Rosario Gonz\u00e1lez, concejal de Asuntos Sociales y presidenta del IMAS; Javier Almunia, director de Loro Parque Fundaci\u00f3n; Patricio Feier, director comercial de Loro Parque Fundaci\u00f3n, Carlos Alberto Gonz\u00e1lez, director de estrategia de Cajasiete y, en \u00faltima instancia, representantes del Servicio Canario de Empleo, entidad financiadora del proyecto.<\/span><\/p>\n<p><span style=\"font-weight: 400\">El gerente de la fundaci\u00f3n universitaria, ha agradecido \u201ca todas las entidades que han colaborado en Ense\u00f1ar para Emprender, en especial, a Cajasiete por acompa\u00f1ar y apoyar al proyecto en todas las fases y procesos formativos de este proyecto de emprendimiento\u201d. Tambi\u00e9n ha subrayado que EPE \u201ces un programa que no podr\u00eda ser posible sin la colaboraci\u00f3n de la comunidad educativa, tanto de profesorado como de alumnado por su esfuerzo para elaborar y vender sus productos en las ferias de cooperativas escolares\u201d.\u00a0<\/span><\/p>\n<p><span style=\"font-weight: 400\">Por otro lado, Berm\u00fadez ha destacado \u201cla importancia de celebrar este tipo de proyectos, siendo la primera vez que se realiza en Santa Cruz de Tenerife\u201d. De igual forma, ha citado que \u201cense\u00f1ar, aprender, emprender, son t\u00e9rminos muy relevantes en edad escolar porque pueden marcar el desarrollo personal y profesional del alumnado participante\u201d.<\/span><\/p>\n<p><span style=\"font-weight: 400\">El alumnado es el protagonista de este evento, implicado desde los niveles educativos de infantil, primaria, aulas enclave, ESO, Bachillerato, FP B\u00e1sica y Tr\u00e1nsito a la vida adulta (TVA). El objetivo ha sido promover conductas, actitudes y valores de colaboraci\u00f3n, emprendimiento y solidaridad, superaci\u00f3n de conflictos, cooperativismo, soluci\u00f3n de problemas y responsabilidades.<\/span><\/p>\n<p><span style=\"font-weight: 400\">Se trata de un encuentro marcado por la generosidad del alumnado participante, que reparte los beneficios obtenidos en la feria de cooperativas escolares, realizada los d\u00edas 6 y 7 de junio, y donde han donado parte de lo recaudado a entidades sociales o asociaciones sin \u00e1nimo de lucro.\u00a0<\/span><\/p>\n<p><span style=\"font-weight: 400\">Al acto acudieron representantes de Proyde, Equino Sentido, Defensa Animal, Atletas sin Fronteras, C\u00e1ritas, Correcaminos Solidarios Tenerife, Valle Colino, Afanes Canarias, Asociaci\u00f3n Reinserci\u00f3n de Menores Anchieta, Asociaci\u00f3n Aldis,\u00a0 Asociaci\u00f3n Espa\u00f1ola de pacientes con SDRC\/SUDCK, Payasos en Rebeld\u00eda, Solidarios Canarios, Peque\u00f1o Valiente, ADEPAC, Diffeerentlyable person association skill in education center Hunza, Asociaci\u00f3n Refugio Internacional para Animales (RIA) y Fundaci\u00f3n Canaria Alejandro Da Silva contra la Leucemia Canarias<\/span><\/p>\n<p><span style=\"font-weight: 400\">Ense\u00f1ar para Emprender es un proyecto promovido por la Agencia Universitaria de Empleo de la Fundaci\u00f3n General de la Universidad de La Laguna. Esta iniciativa est\u00e1 financiada por el Servicio Canario de Empleo, entidad dependiente de la Consejer\u00eda de Turismo y Empleo del Gobierno de Canarias y con la colaboraci\u00f3n de la Consejer\u00eda de Educaci\u00f3n, Formaci\u00f3n Profesional, Actividad F\u00edsica y Deportes. En la puesta en marcha del proyecto, tambi\u00e9n han colaborado el Ayuntamiento de Santa Cruz de Tenerife, Cajasiete, Cooperativa Agr\u00edcola LaFast, Loro Parque y Fundaci\u00f3n Loro Parque, Fundaci\u00f3n DinoSol y Fundaci\u00f3n Santa Cruz Sostenible.<\/span><\/p>\n","protected":false},"excerpt":{"rendered":"<p>La XI edici\u00f3n del proyecto Ense\u00f1ar para Emprender (EPE) finaliza con el acto de \u2018Liquida y Comparte\u2019. Se trata de un evento que concluye con el cierre del proyecto y la liquidaci\u00f3n de cuentas de las cooperativas escolares. En esta edici\u00f3n, han participado 2.100 estudiantes de la provincia de Santa Cruz de Tenerife.\u00a0 En la&#8230;<\/p>\n","protected":false},"author":50,"featured_media":56065,"comment_status":"closed","ping_status":"closed","sticky":false,"template":"","format":"standard","meta":{"footnotes":""},"categories":[1411,177,4],"tags":[40,1464],"featured_image_thumbnail_url":"https:\/\/fg.ull.es\/noticias\/wp-content\/uploads\/sites\/2\/2024\/06\/image00009-300x200.jpeg","_links":{"self":[{"href":"https:\/\/fg.ull.es\/noticias\/wp-json\/wp\/v2\/posts\/56064"}],"collection":[{"href":"https:\/\/fg.ull.es\/noticias\/wp-json\/wp\/v2\/posts"}],"about":[{"href":"https:\/\/fg.ull.es\/noticias\/wp-json\/wp\/v2\/types\/post"}],"author":[{"embeddable":true,"href":"https:\/\/fg.ull.es\/noticias\/wp-json\/wp\/v2\/users\/50"}],"replies":[{"embeddable":true,"href":"https:\/\/fg.ull.es\/noticias\/wp-json\/wp\/v2\/comments?post=56064"}],"version-history":[{"count":5,"href":"https:\/\/fg.ull.es\/noticias\/wp-json\/wp\/v2\/posts\/56064\/revisions"}],"predecessor-version":[{"id":56071,"href":"https:\/\/fg.ull.es\/noticias\/wp-json\/wp\/v2\/posts\/56064\/revisions\/56071"}],"wp:featuredmedia":[{"embeddable":true,"href":"https:\/\/fg.ull.es\/noticias\/wp-json\/wp\/v2\/media\/56065"}],"wp:attachment":[{"href":"https:\/\/fg.ull.es\/noticias\/wp-json\/wp\/v2\/media?parent=56064"}],"wp:term":[{"taxonomy":"category","embeddable":true,"href":"https:\/\/fg.ull.es\/noticias\/wp-json\/wp\/v2\/categories?post=56064"},{"taxonomy":"post_tag","embeddable":true,"href":"https:\/\/fg.ull.es\/noticias\/wp-json\/wp\/v2\/tags?post=56064"}],"curies":[{"name":"wp","href":"https:\/\/api.w.org\/{rel}","templated":true}]}}