{"id":55982,"date":"2024-06-04T20:53:44","date_gmt":"2024-06-04T19:53:44","guid":{"rendered":"https:\/\/fg.ull.es\/noticias\/?p=55982"},"modified":"2024-06-05T07:26:58","modified_gmt":"2024-06-05T06:26:58","slug":"arranca-la-primera-edicion-de-prototipando-para-emprender","status":"publish","type":"post","link":"https:\/\/fg.ull.es\/noticias\/2024\/06\/04\/arranca-la-primera-edicion-de-prototipando-para-emprender\/","title":{"rendered":"Arranca la primera edici\u00f3n de Prototipando Para Emprender"},"content":{"rendered":"<section class=\"wpb-content-wrapper\"><p>[vc_row][vc_column][vc_column_text]<\/p>\n<h4><span style=\"font-weight: 400\">El <\/span><b>Centro de Orientaci\u00f3n, Emprendimiento, Acompa\u00f1amiento e Innovaci\u00f3n para el Empleo<\/b><span style=\"font-weight: 400\">,\u00a0 entidad dependiente del Servicio Canario de Empleo y la Fundaci\u00f3n General de la Universidad de La Laguna, presenta la primera edici\u00f3n del proyecto \u201cPrototipando Para Emprender\u201d, un pionero programa de emprendimiento e innovaci\u00f3n que se presentar\u00e1 en sociedad ma\u00f1ana, mi\u00e9rcoles 5 de junio,\u00a0 en la Sala Polivalente B de la Facultad de Econom\u00eda, Empresa y Turismo de la Universidad de La Laguna.<\/span><\/h4>\n<h4><span style=\"font-weight: 400\">Se trata de una apuesta firme por apoyar y fomentar el esp\u00edritu emprendedor en la sociedad canaria. De un total de 125 propuestas presentadas, doce de ellas tendr\u00e1n la oportunidad de participar en esta primera edici\u00f3n, siendo beneficiarias de una bolsa de ayuda mensual de 900 euros.<\/span><\/h4>\n<p><span style=\"font-weight: 400\">La Agencia Universitaria de Empleo, a trav\u00e9s de su servicio gratuito de asesoramiento, acompa\u00f1amiento y consolidaci\u00f3n empresarial, Emprende.ull, presenta este innovador proyecto dirigido a emprendedoras y emprendedores del archipi\u00e9lago canario. <\/span><\/p>\n<p><span style=\"font-weight: 400\">La presentaci\u00f3n oficial de Prototipando Para Emprender, prevista para ma\u00f1ana mi\u00e9rcoles 5 de junio a partir de las 10 horas, contar\u00e1 con la presencia de: Daniela Saputi, directora del Centro de Orientaci\u00f3n, Emprendimiento, Acompa\u00f1amiento e Innovaci\u00f3n para el empleo; Mar\u00eda del Rosario Hern\u00e1ndez, vicerrectora de estudiantes de la propia universidad lagunera y, en \u00faltima instancia, Basilio de Le\u00f3n Poleo, director de la Agencia de Empleo de la Fundaci\u00f3n General universitaria. <\/span><\/p>\n<p><span style=\"font-weight: 400\">En este acto inaugural, el p\u00fablico invitado y asistente tendr\u00e1 la oportunidad de conocer los doce proyectos de emprendimiento seleccionados para desarrollar el programa formativo. Unas ideas de negocio vinculadas al desarrollo de aplicaciones inform\u00e1ticas, emprendimiento social y sostenible, regeneraci\u00f3n de aguas, impulso de la energ\u00eda fotovoltaica, econom\u00eda circular o dinamizaci\u00f3n de espacios culturales podr\u00e1n ser validadas, testeadas y prototipadas en estos cuatro meses de formaci\u00f3n intensiva y especializada. <\/span><\/p>\n<p><b>Prototipando Para Emprender<\/b><span style=\"font-weight: 400\"> nace como una propuesta de modelo integral que sirve como soporte para el asesoramiento al emprendimiento en la fase de incubaci\u00f3n, abordando la posibilidad de prototipar y testear el producto o servicio de los potenciales emprendedores antes de que pongan en marcha su negocio, impulsando el emprendimiento responsable, sostenible y exitoso.<\/span><\/p>\n<p><span style=\"font-weight: 400\">Un proyecto financiado por los fondos Next Generation EU y el <a href=\"https:\/\/www.mites.gob.es\/\"><strong>Ministerio de Trabajo y Econom\u00eda Social<\/strong><\/a>, a trav\u00e9s del Centro de Orientaci\u00f3n, Emprendimiento, Acompa\u00f1amiento e Innovaci\u00f3n para el Empleo y ejecutado por <a href=\"https:\/\/fg.ull.es\/empleo\/emprende-ull\/\"><strong>Emprende.ull<\/strong><\/a>.<\/span>[\/vc_column_text][\/vc_column][\/vc_row][vc_row][vc_column][vc_empty_space][vc_btn title=&#8221;Prototipando Para Emprender&#8221; style=&#8221;outline&#8221; shape=&#8221;square&#8221; color=&#8221;violet&#8221; align=&#8221;center&#8221; link=&#8221;url:https%3A%2F%2Fprototipandoparaemprender.com%2F|target:_blank&#8221;][\/vc_column][\/vc_row]<\/p>\n<\/section>","protected":false},"excerpt":{"rendered":"<p>[vc_row][vc_column][vc_column_text] El Centro de Orientaci\u00f3n, Emprendimiento, Acompa\u00f1amiento e Innovaci\u00f3n para el Empleo,\u00a0 entidad dependiente del Servicio Canario de Empleo y la Fundaci\u00f3n General de la Universidad de La Laguna, presenta la primera edici\u00f3n del proyecto \u201cPrototipando Para Emprender\u201d, un pionero programa de emprendimiento e innovaci\u00f3n que se presentar\u00e1 en sociedad ma\u00f1ana, mi\u00e9rcoles 5 de junio,\u00a0&#8230;<\/p>\n","protected":false},"author":10,"featured_media":55726,"comment_status":"closed","ping_status":"closed","sticky":false,"template":"","format":"standard","meta":{"footnotes":""},"categories":[38,278],"tags":[92,47,361,877,1511,634],"featured_image_thumbnail_url":"https:\/\/fg.ull.es\/noticias\/wp-content\/uploads\/sites\/2\/2024\/05\/AF_Banner_1920x1080px_TF_corr-300x169.jpg","_links":{"self":[{"href":"https:\/\/fg.ull.es\/noticias\/wp-json\/wp\/v2\/posts\/55982"}],"collection":[{"href":"https:\/\/fg.ull.es\/noticias\/wp-json\/wp\/v2\/posts"}],"about":[{"href":"https:\/\/fg.ull.es\/noticias\/wp-json\/wp\/v2\/types\/post"}],"author":[{"embeddable":true,"href":"https:\/\/fg.ull.es\/noticias\/wp-json\/wp\/v2\/users\/10"}],"replies":[{"embeddable":true,"href":"https:\/\/fg.ull.es\/noticias\/wp-json\/wp\/v2\/comments?post=55982"}],"version-history":[{"count":3,"href":"https:\/\/fg.ull.es\/noticias\/wp-json\/wp\/v2\/posts\/55982\/revisions"}],"predecessor-version":[{"id":55985,"href":"https:\/\/fg.ull.es\/noticias\/wp-json\/wp\/v2\/posts\/55982\/revisions\/55985"}],"wp:featuredmedia":[{"embeddable":true,"href":"https:\/\/fg.ull.es\/noticias\/wp-json\/wp\/v2\/media\/55726"}],"wp:attachment":[{"href":"https:\/\/fg.ull.es\/noticias\/wp-json\/wp\/v2\/media?parent=55982"}],"wp:term":[{"taxonomy":"category","embeddable":true,"href":"https:\/\/fg.ull.es\/noticias\/wp-json\/wp\/v2\/categories?post=55982"},{"taxonomy":"post_tag","embeddable":true,"href":"https:\/\/fg.ull.es\/noticias\/wp-json\/wp\/v2\/tags?post=55982"}],"curies":[{"name":"wp","href":"https:\/\/api.w.org\/{rel}","templated":true}]}}