{"id":55906,"date":"2024-05-28T15:00:30","date_gmt":"2024-05-28T14:00:30","guid":{"rendered":"https:\/\/fg.ull.es\/noticias\/?p=55906"},"modified":"2024-05-29T16:21:03","modified_gmt":"2024-05-29T15:21:03","slug":"el-proyecto-educativo-ensenar-para-emprender-celebra-el-permiso-de-ventas-en-el-ayuntamiento-de-santa-cruz","status":"publish","type":"post","link":"https:\/\/fg.ull.es\/noticias\/2024\/05\/28\/el-proyecto-educativo-ensenar-para-emprender-celebra-el-permiso-de-ventas-en-el-ayuntamiento-de-santa-cruz\/","title":{"rendered":"El proyecto educativo Ense\u00f1ar para Emprender celebra el permiso de ventas en el Ayuntamiento de Santa Cruz"},"content":{"rendered":"<section class=\"wpb-content-wrapper\"><p>[vc_row][vc_column][vc_column_text]<span style=\"font-weight: 400\">La und\u00e9cima edici\u00f3n del proyecto educativo, cooperativo y solidario <\/span><b>\u201cEnse\u00f1ar Para Emprender\u201d<\/b><span style=\"font-weight: 400\"> (EPE) celebr\u00f3, en la jornada de hoy, martes 28 de mayo, el permiso de ventas en el Sal\u00f3n de Plenos del Ayuntamiento de Santa Cruz de Tenerife. Un total de 160 escolares de 18<\/span> <span style=\"font-weight: 400\">centros educativos han presenciado esta actividad. <\/span><\/p>\n<p><span style=\"font-weight: 400\">Se trata de un acto previo a la Feria de Cooperativas Escolares que tendr\u00e1 lugar el 6 y 7 de junio en el Parque Garc\u00eda Sanabria.<\/span><\/p>\n<p><span style=\"font-weight: 400\">Al Sal\u00f3n de Plenos del Ayuntamiento de Santa Cruz se han desplazado: <\/span><span style=\"font-weight: 400\">Jos\u00e9 Manuel Berm\u00fadez, alcalde-presidente del Ayuntamiento de Santa Cruz de Tenerife; Rosario Gonz\u00e1lez, concejala de Acci\u00f3n Social y Presidenta del IMAS del Ayuntamiento de Santa Cruz de Tenerife; Julio Brito Santana, director <\/span><span style=\"font-weight: 400\">gerente de la Fundaci\u00f3n General de la Universidad de La Laguna; Carlos Alberto Gonz\u00e1lez Delgado<\/span><span style=\"font-weight: 400\">; director de Estrategia, Datos y Sostenibilidad en Cajasiete y, en \u00faltima instancia, Elena Guerra Castro, <\/span><span style=\"font-weight: 400\">responsable de marketing de Cajasiete.<\/span><\/p>\n<p><span style=\"font-weight: 400\">Julio Brito, director gerente de la fundaci\u00f3n universitaria, destac\u00f3 que Ense\u00f1ar para Emprender &#8220;es un proyecto bastante entra\u00f1able, de formaci\u00f3n y emprendimiento, y qu\u00e9 con ayuda de entidades como Cajasiete o el propio ayuntamiento, permite al alumnado participante trabajar actitudes y valores vinculados al emprendimiento&#8221;.<\/span><\/p>\n<p><span style=\"font-weight: 400\">Berm\u00fadez puso en valor que &#8220;hoy se hace efectivo el pen\u00faltimo paso de un proyecto que, sin duda, los har\u00e1 acercarse un poco m\u00e1s a los valores de la colaboraci\u00f3n, coordinaci\u00f3n y solidaridad&#8221;.<\/span><\/p>\n<p><span style=\"font-weight: 400\">A continuaci\u00f3n, argument\u00f3 que &#8220;con la entrega de este permiso de ventas, que les va a permitir vender los productos que estoy seguro que ya est\u00e1n fabricando, lo que hacemos es dotarlos de una gran responsabilidad, la de dirigir su esfuerzo personal hacia un bien com\u00fan, el de la solidaridad, el de poder destinar lo que recauden con la venta de su esfuerzo a entidades que ayudan all\u00e1 donde m\u00e1s falta hace&#8221;.<\/span><\/p>\n<p><span style=\"font-weight: 400\">Char\u00edn Gonz\u00e1lez, concejala de Acci\u00f3n Social, Educaci\u00f3n y Juventud, quiso destacar que &#8220;es una gran responsabilidad para este ayuntamiento apoyar un proyecto como este, porque sabemos que ustedes son los ciudadanos del ma\u00f1ana, y queremos que lleguen a ese futuro con los valores y ense\u00f1anzas que har\u00e1n de Santa Cruz una ciudad mejor gracias a que sus ciudadanos tambi\u00e9n ser\u00e1n mejores&#8221;.<\/span><\/p>\n<p><span style=\"font-weight: 400\">Del mismo modo, apostill\u00f3 que &#8220;crear, gestionar y hacer viable una cooperativa es una forma m\u00e1s de demostrar que la mejor manera de avanzar es la cooperaci\u00f3n, que el esfuerzo individual de cada uno, cuando se conjuga con el del grupo, hace que todos los que lo conforman lleguen a\u00fan m\u00e1s lejos&#8221;.<\/span><\/p>\n<p><span style=\"font-weight: 400\">Durante este curso escolar, el estudiantado de infantil, primaria, secundaria y bachillerato, incluyendo aulas enclave , formaci\u00f3n profesional b\u00e1sica y tr\u00e1nsito a la vida adulta (TVA), ha simulado la creaci\u00f3n y gesti\u00f3n de una cooperativa en la que han fabricado productos y servicios que, posteriormente, pondr\u00e1n a la venta en la Feria de Cooperativas Escolares que acoge este municipio los d\u00edas 6 y 7 de junio en el Parque Garc\u00eda Sanabria de la capital tinerfe\u00f1a. <\/span><\/p>\n<p><span style=\"font-weight: 400\">Este evento se celebra con el objetivo de poner en valor el trabajo del alumnado que cada a\u00f1o participa en el proyecto. Este proyecto lleva once a\u00f1os impulsando, apoyando y fomentando el emprendimiento en edades tempranas para sembrar la semilla emprendedora en la juventud canaria.<\/span><\/p>\n<p><span style=\"font-weight: 400\">Un evento financiado por el<\/span> <a href=\"https:\/\/www.gobiernodecanarias.org\/empleo\/sce\/principal\"><b>Servicio Canario de Empleo<\/b><\/a><span style=\"font-weight: 400\">, entidad dependiente de la <\/span><b><a href=\"https:\/\/www.gobiernodecanarias.org\/turic\/\">Consejer\u00eda de Turismo y Empleo del Gobierno de Canarias<\/a>, puesto en marcha por la <a href=\"https:\/\/fg.ull.es\/empleo\/emprende-ull\/\">Unidad de Emprendimiento de la Fundaci\u00f3n General universitaria<\/a><\/b><span style=\"font-weight: 400\"> y con la colaboraci\u00f3n de la <\/span><a href=\"https:\/\/www.gobiernodecanarias.org\/educacion\/web\/\"><b>Consejer\u00eda de Educaci\u00f3n, Formaci\u00f3n Profesional, Actividad F\u00edsica y Deportes<\/b><\/a><span style=\"font-weight: 400\">, del <\/span><a href=\"https:\/\/www.santacruzdetenerife.es\/web\/inicio\"><b>Ayuntamiento de Santa Cruz de Tenerife<\/b><\/a><span style=\"font-weight: 400\">, <a href=\"https:\/\/www.cajasiete.com\/es\"><strong>Cajasiete<\/strong><\/a>, <a href=\"https:\/\/lafast.org\/\"><strong>La Fast<\/strong><\/a>, <strong>Fundaci\u00f3n DinoSol<\/strong>,<a href=\"https:\/\/www.loroparque.com\/\"><strong> Loro Parque<\/strong><\/a>, <\/span><b><a href=\"https:\/\/www.loroparque-fundacion.org\/\">Fundaci\u00f3n Loro Parque <\/a><\/b>e <a href=\"https:\/\/www.santacruzdetenerife.es\/gobiernoabierto\/transparencia\/organizacion\/instituto-municipal-de-atencion-social-imas\"><b>Instituto Municipal de Atenci\u00f3n Social del Ayuntamiento de Santa Cruz de Tenerife<\/b><\/a>[\/vc_column_text][\/vc_column][\/vc_row]<\/p>\n<\/section>","protected":false},"excerpt":{"rendered":"<p>[vc_row][vc_column][vc_column_text]La und\u00e9cima edici\u00f3n del proyecto educativo, cooperativo y solidario \u201cEnse\u00f1ar Para Emprender\u201d (EPE) celebr\u00f3, en la jornada de hoy, martes 28 de mayo, el permiso de ventas en el Sal\u00f3n de Plenos del Ayuntamiento de Santa Cruz de Tenerife. Un total de 160 escolares de 18 centros educativos han presenciado esta actividad. Se trata de&#8230;<\/p>\n","protected":false},"author":10,"featured_media":55909,"comment_status":"closed","ping_status":"closed","sticky":false,"template":"","format":"standard","meta":{"footnotes":""},"categories":[38,278,1411,656,7],"tags":[444,403,1507,1464,156,229,1514,634],"featured_image_thumbnail_url":"https:\/\/fg.ull.es\/noticias\/wp-content\/uploads\/sites\/2\/2024\/05\/1716964921184-300x225.jpg","_links":{"self":[{"href":"https:\/\/fg.ull.es\/noticias\/wp-json\/wp\/v2\/posts\/55906"}],"collection":[{"href":"https:\/\/fg.ull.es\/noticias\/wp-json\/wp\/v2\/posts"}],"about":[{"href":"https:\/\/fg.ull.es\/noticias\/wp-json\/wp\/v2\/types\/post"}],"author":[{"embeddable":true,"href":"https:\/\/fg.ull.es\/noticias\/wp-json\/wp\/v2\/users\/10"}],"replies":[{"embeddable":true,"href":"https:\/\/fg.ull.es\/noticias\/wp-json\/wp\/v2\/comments?post=55906"}],"version-history":[{"count":6,"href":"https:\/\/fg.ull.es\/noticias\/wp-json\/wp\/v2\/posts\/55906\/revisions"}],"predecessor-version":[{"id":55926,"href":"https:\/\/fg.ull.es\/noticias\/wp-json\/wp\/v2\/posts\/55906\/revisions\/55926"}],"wp:featuredmedia":[{"embeddable":true,"href":"https:\/\/fg.ull.es\/noticias\/wp-json\/wp\/v2\/media\/55909"}],"wp:attachment":[{"href":"https:\/\/fg.ull.es\/noticias\/wp-json\/wp\/v2\/media?parent=55906"}],"wp:term":[{"taxonomy":"category","embeddable":true,"href":"https:\/\/fg.ull.es\/noticias\/wp-json\/wp\/v2\/categories?post=55906"},{"taxonomy":"post_tag","embeddable":true,"href":"https:\/\/fg.ull.es\/noticias\/wp-json\/wp\/v2\/tags?post=55906"}],"curies":[{"name":"wp","href":"https:\/\/api.w.org\/{rel}","templated":true}]}}