{"id":55784,"date":"2024-05-10T11:00:53","date_gmt":"2024-05-10T10:00:53","guid":{"rendered":"https:\/\/fg.ull.es\/noticias\/?p=55784"},"modified":"2024-05-14T00:35:05","modified_gmt":"2024-05-13T23:35:05","slug":"abierto-el-plazo-para-la-solicitud-de-subvenciones-dirigidas-a-financiar-proyectos-de-autonomos-y-empresas-del-sector-turistico","status":"publish","type":"post","link":"https:\/\/fg.ull.es\/noticias\/2024\/05\/10\/abierto-el-plazo-para-la-solicitud-de-subvenciones-dirigidas-a-financiar-proyectos-de-autonomos-y-empresas-del-sector-turistico\/","title":{"rendered":"Abierto el plazo para la solicitud de subvenciones dirigidas a financiar proyectos de aut\u00f3nomos y empresas del sector tur\u00edstico"},"content":{"rendered":"<section class=\"wpb-content-wrapper\"><p>[vc_row][vc_column][vc_column_text]<\/p>\n<h4><span style=\"font-weight: 400\">En un momento en el que el sector tur\u00edstico se enfrenta a desaf\u00edos significativos, el Gobierno de Canarias, dentro del marco del Plan de Recuperaci\u00f3n, Transformaci\u00f3n y Resiliencia, financiado por la Uni\u00f3n Europea-Next Generation EU, public\u00f3 1 de abril de 2024, en el Bolet\u00edn Oficial de Canarias las bases reguladoras y la convocatoria de subvenciones destinadas a financiar proyectos que cumplan con las estrategias de resiliencia tur\u00edstica y mejora de la competitividad y capacidad del territorio canario. <\/span><\/h4>\n<h4><span style=\"font-weight: 400\">En esta entrada te aclaramos las caracter\u00edsticas de la misma y requisitos para el acceso.<\/span><\/h4>\n<h3><strong>\u00bfQui\u00e9nes pueden beneficiarse de estas ayudas?\u00bfCu\u00e1l es el plazo?<\/strong><\/h3>\n<p><span style=\"font-weight: 400\">Pueden beneficiarse de esta ayuda los aut\u00f3nomos y sociedades <\/span><b>que figuren inscritas en el Registro General Tur\u00edstico<\/b><span style=\"font-weight: 400\">, y se encuadren en alguno de los siguientes subsectores tur\u00edsticos: alojamientos, restauraci\u00f3n, intermediaci\u00f3n tur\u00edstica y actividades tur\u00edsticas.<\/span><\/p>\n<p><span style=\"font-weight: 400\">El plazo para la presentaci\u00f3n de solicitudes<\/span><b> estar\u00e1 abierto hasta el 30 de junio de 2024.<\/b> Pide tu cita y<a href=\"https:\/\/fg.ull.es\/gestionaue\/formularios\/index.php\/851944?newtest=Y&amp;lang=es\"><strong> te ayudamos con la solicitud<\/strong><\/a>.<\/p>\n<h3><strong><a href=\"http:\/\/bit.ly\/3JcrLB1\" target=\"_blank\" rel=\"noopener\"><img decoding=\"async\" loading=\"lazy\" class=\"aligncenter wp-image-55800\" src=\"https:\/\/fg.ull.es\/noticias\/wp-content\/uploads\/sites\/2\/2024\/05\/Banner-1-2.png\" alt=\"\" width=\"2501\" height=\"1251\" srcset=\"https:\/\/fg.ull.es\/noticias\/wp-content\/uploads\/sites\/2\/2024\/05\/Banner-1-2.png 6912w, https:\/\/fg.ull.es\/noticias\/wp-content\/uploads\/sites\/2\/2024\/05\/Banner-1-2-300x150.png 300w, https:\/\/fg.ull.es\/noticias\/wp-content\/uploads\/sites\/2\/2024\/05\/Banner-1-2-1024x512.png 1024w, https:\/\/fg.ull.es\/noticias\/wp-content\/uploads\/sites\/2\/2024\/05\/Banner-1-2-768x384.png 768w, https:\/\/fg.ull.es\/noticias\/wp-content\/uploads\/sites\/2\/2024\/05\/Banner-1-2-1536x768.png 1536w, https:\/\/fg.ull.es\/noticias\/wp-content\/uploads\/sites\/2\/2024\/05\/Banner-1-2-2048x1024.png 2048w, https:\/\/fg.ull.es\/noticias\/wp-content\/uploads\/sites\/2\/2024\/05\/Banner-1-2-375x188.png 375w, https:\/\/fg.ull.es\/noticias\/wp-content\/uploads\/sites\/2\/2024\/05\/Banner-1-2-750x375.png 750w, https:\/\/fg.ull.es\/noticias\/wp-content\/uploads\/sites\/2\/2024\/05\/Banner-1-2-1140x570.png 1140w\" sizes=\"(max-width: 2501px) 100vw, 2501px\" \/><\/a><\/strong><\/h3>\n<h3><strong>\u00bfCu\u00e1l es el objetivo de estas subvenciones?<\/strong><\/h3>\n<p><span style=\"font-weight: 400\">El objetivo de estas subvenciones es promover la mejora de la competitividad de los destinos tur\u00edsticos a trav\u00e9s de la mejora del atractivo de los espacios p\u00fablicos e infraestructuras privadas, gesti\u00f3n medioambiental, estructuraci\u00f3n de productos tur\u00edsticos y aquellos proyectos destinados a actuaciones de mejora de la calidad tur\u00edstica del destino. Asimismo, el efecto que se pretende es para estas actuaciones es que Canarias se constituya como un destino tur\u00edstico de primer orden, punto de referencia para el turismo nacional e internacional. Las medidas mejorar\u00e1n la competitividad y la capacidad de los territorios mencionados para adaptarse a la evoluci\u00f3n de los mercados internacionales. <\/span><\/p>\n<p><span style=\"font-weight: 400\">Adem\u00e1s, las diferentes l\u00edneas de actuaci\u00f3n subvencionables ser\u00e1n aquellas que; impulsen la calidad y la imagen tur\u00edstica; incentiven proyectos empresariales ligados a los procesos de rehabilitaci\u00f3n e intervenci\u00f3n en las infraestructuras y equipamientos en el destino tur\u00edstico; estimulen la capacidad emprendedora y la competitividad de la empresa tur\u00edstica canaria;\u00a0 mejoren las instalaciones y servicios de ocio y diversifiquen la oferta tur\u00edstica del tejido empresarial canario. Dichas actuaciones tienen asignada una dotaci\u00f3n presupuestaria importe de 20.000.000 de euros con cargo al cr\u00e9dito consignado en el presupuesto de gastos de la Consejer\u00eda de Turismo y Empleo para el ejercicio 2024.<\/span><\/p>\n<p><strong>Entonces, \u00bfqu\u00e9 acciones se pueden desarrollar y ser subvencionadas?<\/strong><\/p>\n<p><span style=\"font-weight: 400\">En la convocatoria se se\u00f1ala una lista, no exhaustiva, de posibles acciones a desarrollar y, por tanto, a considerar como actuaciones subvencionables. Todas las actuaciones se tendr\u00e1n que realizar bajo las directrices de un proyecto acorde al cumplimiento de exigencias b\u00e1sicas del <\/span><span style=\"font-weight: 400\">C\u00f3digo T\u00e9cnico de la Edificaci\u00f3n <\/span><span style=\"font-weight: 400\">CTE que sea de aplicaci\u00f3n a la tipolog\u00eda para la que se solicita ayuda y dirigido y supervisado por t\u00e9cnico competente en la materia que se trate, que se considera como el t\u00e9cnico auditor responsable de la ejecuci\u00f3n <\/span><span style=\"font-weight: 400\">de los trabajos. El proyecto ha de ser presentado como parte de la ejecuci\u00f3n de la actuaci\u00f3n y ser\u00e1 parte de los costes elegibles.\u00a0<\/span><\/p>\n<p><span style=\"font-weight: 400\">Por tanto, como ejemplos de posibles actuaciones que se pueden llevar a cabo en el marco de la subvenci\u00f3n, se citan las siguientes::<\/span><\/p>\n<ol>\n<li style=\"font-weight: 400\"><strong>Mejoras en las instalaciones de la edificaci\u00f3n:<\/strong>\n<ul>\n<li style=\"font-weight: 400\"><span style=\"font-weight: 400\">Actuaciones adaptaci\u00f3n al cambio clim\u00e1tico y mejoras medioambientales:<\/span>\n<ul>\n<li style=\"font-weight: 400\"><span style=\"font-weight: 400\">Mejora en los sistemas de riego, reutilizaci\u00f3n de recursos h\u00eddricos y en la selecci\u00f3n \u00f3ptima de especies arb\u00f3reas y arbustivas locales.<\/span><\/li>\n<li style=\"font-weight: 400\"><span style=\"font-weight: 400\">Mejoras en las instalaciones de suministro de agua con implantaci\u00f3n de medidas de sistemas de ahorro en el consumo del agua.<\/span><\/li>\n<li style=\"font-weight: 400\"><span style=\"font-weight: 400\">Mejora del sistema de depuraci\u00f3n existente para reutilizaci\u00f3n de las aguas.<\/span><\/li>\n<li style=\"font-weight: 400\"><span style=\"font-weight: 400\">Intervenciones destinadas a la reducci\u00f3n de la contaminaci\u00f3n ac\u00fastica y lum\u00ednica.<\/span><\/li>\n<\/ul>\n<\/li>\n<li style=\"font-weight: 400\"><span style=\"font-weight: 400\">Mejoras de accesibilidad:<\/span>\n<ul>\n<li style=\"font-weight: 400\"><span style=\"font-weight: 400\">Instalaci\u00f3n de se\u00f1al\u00e9tica y otros dispositivos de accesibilidad que facilite y ampl\u00ede el acceso a personas con limitaciones funcionales.<\/span><\/li>\n<li style=\"font-weight: 400\"><span style=\"font-weight: 400\">Mejora en la accesibilidad de la propia edificaci\u00f3n o de su entorno p\u00fablico m\u00e1s cercano siempre que se cuente con la autorizaci\u00f3n de la Administraci\u00f3n competente respecto de la custodia de la propiedad p\u00fablica sobre la cual se act\u00faa.<\/span><\/li>\n<\/ul>\n<\/li>\n<li style=\"font-weight: 400\"><span style=\"font-weight: 400\">Modernizaci\u00f3n de las instalaciones:<\/span>\n<ul>\n<li style=\"font-weight: 400\"><span style=\"font-weight: 400\">De la instalaci\u00f3n contra incendios.<\/span><\/li>\n<li style=\"font-weight: 400\"><span style=\"font-weight: 400\">Del sistema de seguridad que supongan una mejora en el servicio. prestado al visitante.<\/span><\/li>\n<li style=\"font-weight: 400\"><span style=\"font-weight: 400\">Mobiliario.<\/span><\/li>\n<li style=\"font-weight: 400\"><span style=\"font-weight: 400\">Ajardinamiento.<\/span><\/li>\n<li style=\"font-weight: 400\"><span style=\"font-weight: 400\">Actualizaci\u00f3n de ba\u00f1os.<\/span><\/li>\n<li style=\"font-weight: 400\"><span style=\"font-weight: 400\">Mejora est\u00e9tica dentro de la instalaci\u00f3n y en su \u00e1mbito inmediato exterior que suponga un embellecimiento para el conjunto, mejorando la percepci\u00f3n de calidad del visitante (fachadas, cubiertas, zonas comunes interiores\u2026).<\/span><\/li>\n<li style=\"font-weight: 400\"><span style=\"font-weight: 400\">De las cocinas con implantaci\u00f3n de equipamiento y maquinaria energ\u00e9ticamente m\u00e1s sostenible.<\/span><\/li>\n<\/ul>\n<\/li>\n<\/ul>\n<\/li>\n<li style=\"font-weight: 400\"><strong>Mejora en est\u00e1ndar de calidad:<\/strong>\n<ul>\n<li style=\"font-weight: 400\"><span style=\"font-weight: 400\">Mejora de est\u00e1ndares de calidad para la obtenci\u00f3n de la marca Q de Calidad Tur\u00edstica Espa\u00f1ola o cualquier sistema de calidad tur\u00edstica reconocido por la Uni\u00f3n Europea.<\/span><\/li>\n<\/ul>\n<\/li>\n<li style=\"font-weight: 400\"><strong>Inversi\u00f3n de mejora del trabajador como parte de la estrategia de calidad de producto final:<\/strong>\n<ul>\n<li style=\"font-weight: 400\"><span style=\"font-weight: 400\">Implantaci\u00f3n de camas elevables para mejora de las condiciones laborales.<\/span><\/li>\n<li style=\"font-weight: 400\"><span style=\"font-weight: 400\">Suministro de material espec\u00edfico que mejore las condiciones laborales de los trabajadores en general.<\/span><\/li>\n<li style=\"font-weight: 400\"><span style=\"font-weight: 400\">Instalaciones para la conciliaci\u00f3n de trabajadores del sector tur\u00edstico.<\/span><\/li>\n<li style=\"font-weight: 400\"><span style=\"font-weight: 400\">Otras mejoras.<\/span><\/li>\n<\/ul>\n<\/li>\n<li style=\"font-weight: 400\"><strong>Actuaciones diversas de mejora en las instalaciones privadas tur\u00edsticas:<\/strong>\n<ul>\n<li style=\"font-weight: 400\"><span style=\"font-weight: 400\">Elementos de suministros.<\/span><\/li>\n<\/ul>\n<\/li>\n<\/ol>\n<p><span style=\"font-weight: 400\">El sector tur\u00edstico en Canarias juega un papel crucial en la construcci\u00f3n de una econom\u00eda m\u00e1s s\u00f3lida y diversificada. Las subvenciones para infraestructuras tur\u00edsticas convocadas ofrecen una oportunidad \u00fanica para aquellos que desean contribuir al desarrollo sostenible del sector. Aprovechar estos recursos puede no solo impulsar proyectos individuales, sino tambi\u00e9n fortalecer la resiliencia del sector tur\u00edstico en su conjunto, prepar\u00e1ndolo para enfrentar los desaf\u00edos futuros con \u00e9xito.<\/span><\/p>\n<h3><strong>\u00bfC\u00f3mo te podemos ayudar desde Emprende.ull?<\/strong><\/h3>\n<p><span style=\"font-weight: 400\">Si eres aut\u00f3nomo o sociedad del sector tur\u00edstico, con registro en el Registro General Tur\u00edstico, y<a href=\"https:\/\/fg.ull.es\/gestionaue\/formularios\/index.php\/851944?newtest=Y&amp;lang=es\"><strong> est\u00e1s pensando en presentar tu solicitud, desde Emprende.ULL, servicio gratuito de asesoramiento y consolidaci\u00f3n empresarial dirigido a la comunidad emprendedora de la provincia de Santa Cruz de Tenerife podemos ayudarte ampliando informaci\u00f3n e iniciando contigo la tramitaci\u00f3n de la misma<\/strong><\/a>.<\/span><\/p>\n<h3>Consulta nuestras \u00faltimas entradas al\u00a0<a href=\"https:\/\/fg.ull.es\/empleo\/emprende-ull\/\"><strong>#BlogEmprende.ull<\/strong><\/a><\/h3>\n<ul>\n<li><a href=\"https:\/\/fg.ull.es\/noticias\/2018\/03\/06\/10-caracteristicas-del-emprendedor\/\"><strong>Caracter\u00edsticas de la comunidad emprendedora: las 10 claves principales de su \u00e9xito<\/strong><\/a><\/li>\n<li><a href=\"https:\/\/fg.ull.es\/noticias\/2023\/05\/03\/subvencion-para-la-promocion-del-empleo-autonomo-2023\/\"><strong>Subvenci\u00f3n para la Promoci\u00f3n del Empleo Aut\u00f3nomo 2024<\/strong><\/a><\/li>\n<li><a href=\"https:\/\/fg.ull.es\/noticias\/2018\/06\/25\/los-medios-digitales-y-revistas-para-emprendedores-y-emprendedoras-que-debes-consultar-a-diario-para-estar-siempre-al-dia\/\"><strong>Los medios digitales para emprender que debes consultar a diario para estar siempre al d\u00eda<\/strong><\/a><\/li>\n<li><strong><a href=\"https:\/\/fg.ull.es\/noticias\/2018\/06\/15\/claves-y-ventajas-del-networking\/\">\u00bfD\u00f3nde y para qu\u00e9 hacer Networking si vas a emprender?<\/a><\/strong><\/li>\n<li><a href=\"https:\/\/fg.ull.es\/noticias\/2018\/06\/14\/la-importancia-de-promover-la-cultura-emprendedora-en-las-nuevas-generaciones\/\"><strong>La importancia de promover la cultura emprendedora en las nuevas generaciones<\/strong><\/a><\/li>\n<li><a href=\"https:\/\/fg.ull.es\/noticias\/2018\/04\/25\/finanzas-emprendedores-conceptos-cuenta-empezar\/\"><strong>Finanzas para la comunidad emprendedora: conceptos a tener en cuenta antes de empezar<\/strong><\/a><\/li>\n<\/ul>\n<p>[\/vc_column_text][\/vc_column][\/vc_row][vc_row][vc_column][vc_empty_space][vc_btn title=&#8221;\u00a1Pide cita y consigue tu subvenci\u00f3n!&#8221; style=&#8221;outline&#8221; color=&#8221;violet&#8221; align=&#8221;center&#8221; link=&#8221;url:http%3A%2F%2Fbit.ly%2F3JcrLB1|target:_blank&#8221;][\/vc_column][\/vc_row][vc_row][vc_column][vc_single_image image=&#8221;55786&#8243; add_caption=&#8221;yes&#8221; alignment=&#8221;center&#8221; style=&#8221;vc_box_circle_2&#8243;][\/vc_column][\/vc_row]<\/p>\n<\/section>","protected":false},"excerpt":{"rendered":"<p>[vc_row][vc_column][vc_column_text] En un momento en el que el sector tur\u00edstico se enfrenta a desaf\u00edos significativos, el Gobierno de Canarias, dentro del marco del Plan de Recuperaci\u00f3n, Transformaci\u00f3n y Resiliencia, financiado por la Uni\u00f3n Europea-Next Generation EU, public\u00f3 1 de abril de 2024, en el Bolet\u00edn Oficial de Canarias las bases reguladoras y la convocatoria de&#8230;<\/p>\n","protected":false},"author":10,"featured_media":55812,"comment_status":"closed","ping_status":"closed","sticky":false,"template":"","format":"standard","meta":{"footnotes":""},"categories":[374,278],"tags":[46,502,440],"featured_image_thumbnail_url":"https:\/\/fg.ull.es\/noticias\/wp-content\/uploads\/sites\/2\/2024\/05\/subv-emprendeull-300x200.jpg","_links":{"self":[{"href":"https:\/\/fg.ull.es\/noticias\/wp-json\/wp\/v2\/posts\/55784"}],"collection":[{"href":"https:\/\/fg.ull.es\/noticias\/wp-json\/wp\/v2\/posts"}],"about":[{"href":"https:\/\/fg.ull.es\/noticias\/wp-json\/wp\/v2\/types\/post"}],"author":[{"embeddable":true,"href":"https:\/\/fg.ull.es\/noticias\/wp-json\/wp\/v2\/users\/10"}],"replies":[{"embeddable":true,"href":"https:\/\/fg.ull.es\/noticias\/wp-json\/wp\/v2\/comments?post=55784"}],"version-history":[{"count":19,"href":"https:\/\/fg.ull.es\/noticias\/wp-json\/wp\/v2\/posts\/55784\/revisions"}],"predecessor-version":[{"id":55810,"href":"https:\/\/fg.ull.es\/noticias\/wp-json\/wp\/v2\/posts\/55784\/revisions\/55810"}],"wp:featuredmedia":[{"embeddable":true,"href":"https:\/\/fg.ull.es\/noticias\/wp-json\/wp\/v2\/media\/55812"}],"wp:attachment":[{"href":"https:\/\/fg.ull.es\/noticias\/wp-json\/wp\/v2\/media?parent=55784"}],"wp:term":[{"taxonomy":"category","embeddable":true,"href":"https:\/\/fg.ull.es\/noticias\/wp-json\/wp\/v2\/categories?post=55784"},{"taxonomy":"post_tag","embeddable":true,"href":"https:\/\/fg.ull.es\/noticias\/wp-json\/wp\/v2\/tags?post=55784"}],"curies":[{"name":"wp","href":"https:\/\/api.w.org\/{rel}","templated":true}]}}