{"id":55686,"date":"2024-04-24T09:12:42","date_gmt":"2024-04-24T08:12:42","guid":{"rendered":"https:\/\/fg.ull.es\/noticias\/?p=55686"},"modified":"2024-04-24T09:14:27","modified_gmt":"2024-04-24T08:14:27","slug":"el-proyecto-ensenar-para-emprender-lleva-a-cabo-87-talleres-en-los-centros-educativos","status":"publish","type":"post","link":"https:\/\/fg.ull.es\/noticias\/2024\/04\/24\/el-proyecto-ensenar-para-emprender-lleva-a-cabo-87-talleres-en-los-centros-educativos\/","title":{"rendered":"El proyecto Ense\u00f1ar para Emprender lleva a cabo 87 talleres en los centros educativos"},"content":{"rendered":"<h4>El proyecto Ense\u00f1ar para Emprender (EPE) de la Fundaci\u00f3n General de la Universidad de La Laguna ha desarrollado en el curso escolar 2023\/2024 un total de 87 talleres en 50 centros educativos de la provincia de Santa Cruz de Tenerife.<\/h4>\n<p><span style=\"font-weight: 400\">La iniciativa ha sido ejecutada por la Agencia Universitaria de Empleo de la <\/span><b>Fundaci\u00f3n General de la Universidad de La Laguna<\/b><span style=\"font-weight: 400\"> y financiado por el <\/span><b>Servicio Canario de Empleo<\/b><span style=\"font-weight: 400\">, entidad dependiente de la <\/span><b>Consejer\u00eda de Turismo y Empleo del Gobierno de Canarias<\/b><span style=\"font-weight: 400\"> y con la colaboraci\u00f3n de la <\/span><b>Consejer\u00eda de Educaci\u00f3n, Formaci\u00f3n Profesional, Actividad F\u00edsica y Deportes<\/b>.<\/p>\n<p><span style=\"font-weight: 400\">El principal objetivo del proyecto EPE es la creaci\u00f3n y gesti\u00f3n de una cooperativa escolar. As\u00ed, el alumnado participante simula la creaci\u00f3n y gesti\u00f3n de una de estas organizaciones econ\u00f3micas, en la que se fabrican productos o servicios que posteriormente son vendidos en una Feria de Cooperativas Escolares.<\/span><\/p>\n<p><span style=\"font-weight: 400\">En esta und\u00e9cima edici\u00f3n participa alumnado desde Educaci\u00f3n Infantil hasta Bachillerato, incluidas las Aulas Enclave, TVA y Formaci\u00f3n Profesional B\u00e1sica. Aproximadamente 2000 estudiantes inscritos en el proyecto, se han beneficiado de un total de 87 talleres formativos (te\u00f3ricos-pr\u00e1cticos) realizados entre noviembre y abril en las aulas de las islas de Tenerife y La Palma, a cargo del personal t\u00e9cnico de Ense\u00f1ar Para Emprender de la Fundaci\u00f3n General de la Universidad de La Laguna.<\/span><\/p>\n<p>En estas visitas se han tratado los cinco talleres relacionados con la cultura emprendedora, el cooperativismo y el trabajo en equipo del alumnado participante. Se ha puesto en com\u00fan la creaci\u00f3n de las cooperativas en cada uno de los centros, as\u00ed como la documentaci\u00f3n necesaria para la creaci\u00f3n de la misma, los materiales y posibles productos o servicios a realizar y la estructura del proyecto.<\/p>\n<p><span style=\"font-weight: 400\">A ra\u00edz de las sesiones, el alumnado participante dispone de las herramientas y de los recursos para una correcta organizaci\u00f3n del proyecto, dot\u00e1ndolos de v\u00eddeos explicativos, gu\u00edas did\u00e1cticas, fichas did\u00e1cticas, a trav\u00e9s del Campus Virtual de la Fundaci\u00f3n General de la Universidad de La Laguna. Adem\u00e1s, se les ha explicado los tiempos de entrega y el procedimiento del permiso de ventas, la Feria de cooperativas escolares y el acto solidario que pone fin al proyecto, denominado \u201cL\u00edquida y Comparte\u201d.<\/span><\/p>\n<p>&nbsp;<\/p>\n","protected":false},"excerpt":{"rendered":"<p>El proyecto Ense\u00f1ar para Emprender (EPE) de la Fundaci\u00f3n General de la Universidad de La Laguna ha desarrollado en el curso escolar 2023\/2024 un total de 87 talleres en 50 centros educativos de la provincia de Santa Cruz de Tenerife. La iniciativa ha sido ejecutada por la Agencia Universitaria de Empleo de la Fundaci\u00f3n General&#8230;<\/p>\n","protected":false},"author":10,"featured_media":55687,"comment_status":"closed","ping_status":"closed","sticky":false,"template":"","format":"standard","meta":{"footnotes":""},"categories":[38,278,1411],"tags":[1508,373,1509,585,403,1507,1506,47,317,1504,1505,1467,1510],"featured_image_thumbnail_url":"https:\/\/fg.ull.es\/noticias\/wp-content\/uploads\/sites\/2\/2024\/04\/Talleres-EPE-300x300.jpg","_links":{"self":[{"href":"https:\/\/fg.ull.es\/noticias\/wp-json\/wp\/v2\/posts\/55686"}],"collection":[{"href":"https:\/\/fg.ull.es\/noticias\/wp-json\/wp\/v2\/posts"}],"about":[{"href":"https:\/\/fg.ull.es\/noticias\/wp-json\/wp\/v2\/types\/post"}],"author":[{"embeddable":true,"href":"https:\/\/fg.ull.es\/noticias\/wp-json\/wp\/v2\/users\/10"}],"replies":[{"embeddable":true,"href":"https:\/\/fg.ull.es\/noticias\/wp-json\/wp\/v2\/comments?post=55686"}],"version-history":[{"count":2,"href":"https:\/\/fg.ull.es\/noticias\/wp-json\/wp\/v2\/posts\/55686\/revisions"}],"predecessor-version":[{"id":55689,"href":"https:\/\/fg.ull.es\/noticias\/wp-json\/wp\/v2\/posts\/55686\/revisions\/55689"}],"wp:featuredmedia":[{"embeddable":true,"href":"https:\/\/fg.ull.es\/noticias\/wp-json\/wp\/v2\/media\/55687"}],"wp:attachment":[{"href":"https:\/\/fg.ull.es\/noticias\/wp-json\/wp\/v2\/media?parent=55686"}],"wp:term":[{"taxonomy":"category","embeddable":true,"href":"https:\/\/fg.ull.es\/noticias\/wp-json\/wp\/v2\/categories?post=55686"},{"taxonomy":"post_tag","embeddable":true,"href":"https:\/\/fg.ull.es\/noticias\/wp-json\/wp\/v2\/tags?post=55686"}],"curies":[{"name":"wp","href":"https:\/\/api.w.org\/{rel}","templated":true}]}}