{"id":55652,"date":"2024-04-22T15:56:07","date_gmt":"2024-04-22T14:56:07","guid":{"rendered":"https:\/\/fg.ull.es\/noticias\/?p=55652"},"modified":"2024-04-22T15:56:50","modified_gmt":"2024-04-22T14:56:50","slug":"55652","status":"publish","type":"post","link":"https:\/\/fg.ull.es\/noticias\/2024\/04\/22\/55652\/","title":{"rendered":"La Fundaci\u00f3n General Universidad de La Laguna se une a la Red PIDI para potenciar la innovaci\u00f3n tecnol\u00f3gica en Espa\u00f1a"},"content":{"rendered":"<h4><strong>Esta red, conformada por entidades l\u00edderes en promoci\u00f3n de la innovaci\u00f3n en todo el territorio nacional, tiene como misi\u00f3n principal ofrecer orientaci\u00f3n, asesoramiento y apoyo en el acceso a las ayudas p\u00fablicas destinadas a la Investigaci\u00f3n, Desarrollo e Innovaci\u00f3n (I+D+I)<\/strong><\/h4>\n<p><span style=\"font-weight: 400\">La Universidad de La Laguna, a trav\u00e9s de su Fundaci\u00f3n, se integr\u00f3 recientemente a la Red de Impulso a la Innovaci\u00f3n Tecnol\u00f3gica (<a href=\"https:\/\/www.redpidi.es\/\">Red PIDI<\/a>), bajo la coordinaci\u00f3n del Centro para el Desarrollo Tecnol\u00f3gico Industrial (<a href=\"https:\/\/www.cdti.es\/\">CDTI<\/a>). <\/span><\/p>\n<p><span style=\"font-weight: 400\">Uno de los servicios insignia que la Fundaci\u00f3n proporciona de manera gratuita es el asesoramiento especializado en el programa NEOTEC. Este programa tiene como objetivo fundamental respaldar la materializaci\u00f3n de nuevos proyectos empresariales que requieren tecnolog\u00edas o conocimientos derivados de la investigaci\u00f3n. Actualmente en fase de convocatoria abierta, NEOTEC representa una oportunidad invaluable al financiar hasta el 85% del presupuesto de la iniciativa, con un l\u00edmite m\u00e1ximo de 250.000 \u20ac por empresa beneficiaria.<\/span><\/p>\n<blockquote><p><span style=\"font-weight: 400\">Los servicios de asesoramiento de la Red PIDI est\u00e1n dirigidos tanto a empresas consolidadas como a emprendedores y entidades en b\u00fasqueda de la mejor financiaci\u00f3n p\u00fablica para sus actividades de I+D+I, a trav\u00e9s de convocatorias de programas regionales, nacionales, europeos e internacionales. Para solicitar los servicios basta con rellenar el formulario \u201c<\/span><a href=\"https:\/\/www.redpidi.es\/Publica\/home\/index.html\"><span style=\"font-weight: 400\">Consulta la ayuda a tu proyecto de I+D+I<\/span><\/a><span style=\"font-weight: 400\">\u201d, seleccionando la provincia de S\/C de Tenerife.<\/span><\/p><\/blockquote>\n<p><span style=\"font-weight: 400\">Adem\u00e1s de su compromiso en el \u00e1mbito de la financiaci\u00f3n p\u00fablico-privada, la Fundaci\u00f3n General Universidad de La Laguna lleva m\u00e1s de 15 a\u00f1os ofreciendo una amplia gama de servicios relacionados con el fomento de la I+D+i a trav\u00e9s de su <\/span><a href=\"https:\/\/fg.ull.es\/innovacion\/red-cide\/\"><span style=\"font-weight: 400\">centro CIDE<\/span><\/a><span style=\"font-weight: 400\">. Entre estos servicios se encuentran la identificaci\u00f3n de grupos de investigaci\u00f3n id\u00f3neos, la facilitaci\u00f3n en la formalizaci\u00f3n de acuerdos de transferencia tecnol\u00f3gica y el impulso en la creaci\u00f3n de Empresas Basadas en el Conocimiento (EBC). Asimismo, la Fundaci\u00f3n brinda apoyo en la validaci\u00f3n de nuevos productos y servicios innovadores, as\u00ed como en la b\u00fasqueda de talento altamente cualificado. Adem\u00e1s, se enfoca en fomentar colaboraciones tecnol\u00f3gicas estrat\u00e9gicas, consolidando as\u00ed su compromiso con el desarrollo y la excelencia en el campo de la investigaci\u00f3n y la innovaci\u00f3n.<\/span><\/p>\n<p><span style=\"font-weight: 400\">Esta iniciativa de unirse a la Red PIDI refuerza el compromiso de la Fundaci\u00f3n con la promoci\u00f3n de la innovaci\u00f3n y el desarrollo tecnol\u00f3gico en Espa\u00f1a, invitando a empresas, emprendedores y entidades interesadas a aprovechar sus servicios de vanguardia para alcanzar sus objetivos en el \u00e1mbito de la I+D+I. Para obtener m\u00e1s informaci\u00f3n y unirte a esta red de \u00e9xito, visita nuestra p\u00e1gina web oficial.<\/span><\/p>\n","protected":false},"excerpt":{"rendered":"<p>Esta red, conformada por entidades l\u00edderes en promoci\u00f3n de la innovaci\u00f3n en todo el territorio nacional, tiene como misi\u00f3n principal ofrecer orientaci\u00f3n, asesoramiento y apoyo en el acceso a las ayudas p\u00fablicas destinadas a la Investigaci\u00f3n, Desarrollo e Innovaci\u00f3n (I+D+I) La Universidad de La Laguna, a trav\u00e9s de su Fundaci\u00f3n, se integr\u00f3 recientemente a la&#8230;<\/p>\n","protected":false},"author":60,"featured_media":55660,"comment_status":"closed","ping_status":"closed","sticky":false,"template":"","format":"standard","meta":{"footnotes":""},"categories":[1,10,655,7],"tags":[249,1501,1500,816,266,44,30,1499,1498,18],"featured_image_thumbnail_url":"https:\/\/fg.ull.es\/noticias\/wp-content\/uploads\/sites\/2\/2024\/04\/shutterstock_2287651201-1-300x158.jpg","_links":{"self":[{"href":"https:\/\/fg.ull.es\/noticias\/wp-json\/wp\/v2\/posts\/55652"}],"collection":[{"href":"https:\/\/fg.ull.es\/noticias\/wp-json\/wp\/v2\/posts"}],"about":[{"href":"https:\/\/fg.ull.es\/noticias\/wp-json\/wp\/v2\/types\/post"}],"author":[{"embeddable":true,"href":"https:\/\/fg.ull.es\/noticias\/wp-json\/wp\/v2\/users\/60"}],"replies":[{"embeddable":true,"href":"https:\/\/fg.ull.es\/noticias\/wp-json\/wp\/v2\/comments?post=55652"}],"version-history":[{"count":2,"href":"https:\/\/fg.ull.es\/noticias\/wp-json\/wp\/v2\/posts\/55652\/revisions"}],"predecessor-version":[{"id":55661,"href":"https:\/\/fg.ull.es\/noticias\/wp-json\/wp\/v2\/posts\/55652\/revisions\/55661"}],"wp:featuredmedia":[{"embeddable":true,"href":"https:\/\/fg.ull.es\/noticias\/wp-json\/wp\/v2\/media\/55660"}],"wp:attachment":[{"href":"https:\/\/fg.ull.es\/noticias\/wp-json\/wp\/v2\/media?parent=55652"}],"wp:term":[{"taxonomy":"category","embeddable":true,"href":"https:\/\/fg.ull.es\/noticias\/wp-json\/wp\/v2\/categories?post=55652"},{"taxonomy":"post_tag","embeddable":true,"href":"https:\/\/fg.ull.es\/noticias\/wp-json\/wp\/v2\/tags?post=55652"}],"curies":[{"name":"wp","href":"https:\/\/api.w.org\/{rel}","templated":true}]}}