{"id":55485,"date":"2024-03-20T09:11:13","date_gmt":"2024-03-20T09:11:13","guid":{"rendered":"https:\/\/fg.ull.es\/noticias\/?p=55485"},"modified":"2024-03-20T09:19:13","modified_gmt":"2024-03-20T09:19:13","slug":"comienza-una-nueva-edicion-del-curso-de-actividades-fisico-deportivas-en-contextos-de-inclusion-social","status":"publish","type":"post","link":"https:\/\/fg.ull.es\/noticias\/2024\/03\/20\/comienza-una-nueva-edicion-del-curso-de-actividades-fisico-deportivas-en-contextos-de-inclusion-social\/","title":{"rendered":"Comienza una nueva edici\u00f3n del curso de actividades f\u00edsico-deportivas en contextos de inclusi\u00f3n social"},"content":{"rendered":"<section class=\"wpb-content-wrapper\"><p>[vc_row][vc_column][vc_column_text]<\/p>\n<h4><b>El Cabildo de Tenerife, en colaboraci\u00f3n con la Fundaci\u00f3n General de la Universidad de La Laguna, impulsan esta formaci\u00f3n que est\u00e1 incluida en la estrategia <\/b><b>del Programa de Actividad F\u00edsico-Deportiva para la Inclusi\u00f3n Social de las Personas con Discapacidad del Cabildo de Tenerife (PADIS). La inscripci\u00f3n estar\u00e1 abierta hasta el 1 de abril.<\/b><\/h4>\n<p>El\u00a0<strong>Cabildo de Tenerife<\/strong>, a trav\u00e9s de la empresa p\u00fablica<strong>\u00a0Ideco<\/strong>, refuerza la formaci\u00f3n y especializaci\u00f3n de\u00a0<strong>t\u00e9cnicos en pr\u00e1cticas deportivas inclusivas<\/strong>\u00a0a trav\u00e9s de la estrategia del\u00a0<strong>Plan de Actividad F\u00edsico-Deportiva para la Inclusi\u00f3n Social (PADIS)<\/strong>\u00a0con un nuevo m\u00f3dulo que imparten profesores de la Universidad de La Laguna.<\/p>\n<p>La presentaci\u00f3n del curso tuvo lugar el pasado viernes, d\u00eda 15, con la presencia del consejero delegado de<strong>\u00a0Ideco<\/strong>, Manolo G\u00f3mez; Miguel Fern\u00e1ndez, profesor del Departamento de Did\u00e1cticas Espec\u00edficas de la Universidad de La Laguna (ULL);\u00a0 Adelto Hern\u00e1ndez y Abraham Garc\u00eda, director y coordinador del curso, respectivamente.<\/p>\n<p>El\u00a0<strong>PADIS<\/strong>\u00a0volver\u00e1 a dedicar en esta edici\u00f3n una atenci\u00f3n especial a la formaci\u00f3n continua de los t\u00e9cnicos en pr\u00e1cticas deportivas inclusivas con el fin de actualizar sus competencias, una actividad que se realiza en colaboraci\u00f3n con la\u00a0<strong>ULL<\/strong>\u00a0a trav\u00e9s de la<strong>\u00a0Fundaci\u00f3n General<\/strong>. La actividad formativa se impartir\u00e1 del 15 de marzo al 31 de julio en formato online y presencia bajo el ep\u00edgrafe \u2018Actividades f\u00edsico-deportivas contextos de inclusi\u00f3n social\u2019.<\/p>\n<p>Algunos de los contenidos que abordar\u00e1n durante las m\u00e1s de 100 horas de formaci\u00f3n del curso tienen que ver con la atenci\u00f3n a la diversidad en el \u00e1mbito deportivo, diferentes estrategias metodol\u00f3gicas y la intervenci\u00f3n en actividades f\u00edsicas e inclusi\u00f3n social de personas con discapacidad intelectual, sensorial (visual y auditiva) y motriz y con trastornos de salud mental, entre otros, que se completar\u00e1n con talleres pr\u00e1cticos a lo largo de toda la formaci\u00f3n.<\/p>\n<p>El\u00a0<strong>Plan de Actividad F\u00edsico-Deportiva para la Inclusi\u00f3n<\/strong>\u00a0pretende abordar una estrategia efectiva que fomente el equilibrio y brinde oportunidades de una forma justa y equitativa para las personas con discapacidad a trav\u00e9s del deporte. Se trata de generar una actitud y unas herramientas adecuadas que fomenten un estilo de vida activo en todas las personas, sean de la condici\u00f3n que sean y con las capacidades propias de cada uno.<\/p>\n<p>La tercera edici\u00f3n del\u00a0<strong>PADIS<\/strong>, que comenzar\u00e1 en abril, beneficiar\u00e1 a m\u00e1s de 1.400 personas de 83 centros de toda la isla. El plan ha incorporado en esta ocasi\u00f3n nuevas actividades dise\u00f1adas con un formato universal para promover la inclusi\u00f3n efectiva de las personas con discapacidad a trav\u00e9s de la pr\u00e1ctica deportiva.<\/p>\n<p><strong>(Nota y fotograf\u00edas cedidas por el Cabildo de Tenerife).<\/strong>[\/vc_column_text][\/vc_column][\/vc_row][vc_row][vc_column][vc_btn title=&#8221;Inscr\u00edbete aqu\u00ed&#8221; color=&#8221;info&#8221; add_icon=&#8221;true&#8221; link=&#8221;url:https%3A%2F%2Fsede.fg.ull.es%2Fes%2Fcurso%2Fdetalle%3Fcode%3Da24030101%26name%3Dactividades-fisico-deportivas-en-contextos-de-inclusion-social|title:Inscripci%C3%B3n%20aqu%C3%AD|target:_blank&#8221;][\/vc_column][\/vc_row]<\/p>\n<\/section>","protected":false},"excerpt":{"rendered":"<p>[vc_row][vc_column][vc_column_text] El Cabildo de Tenerife, en colaboraci\u00f3n con la Fundaci\u00f3n General de la Universidad de La Laguna, impulsan esta formaci\u00f3n que est\u00e1 incluida en la estrategia del Programa de Actividad F\u00edsico-Deportiva para la Inclusi\u00f3n Social de las Personas con Discapacidad del Cabildo de Tenerife (PADIS). La inscripci\u00f3n estar\u00e1 abierta hasta el 1 de abril. El\u00a0Cabildo&#8230;<\/p>\n","protected":false},"author":34,"featured_media":55486,"comment_status":"closed","ping_status":"closed","sticky":false,"template":"","format":"standard","meta":{"footnotes":""},"categories":[6,655,7],"tags":[],"featured_image_thumbnail_url":"https:\/\/fg.ull.es\/noticias\/wp-content\/uploads\/sites\/2\/2024\/03\/GI8umUaXgAAyMSz-300x169.jpg","_links":{"self":[{"href":"https:\/\/fg.ull.es\/noticias\/wp-json\/wp\/v2\/posts\/55485"}],"collection":[{"href":"https:\/\/fg.ull.es\/noticias\/wp-json\/wp\/v2\/posts"}],"about":[{"href":"https:\/\/fg.ull.es\/noticias\/wp-json\/wp\/v2\/types\/post"}],"author":[{"embeddable":true,"href":"https:\/\/fg.ull.es\/noticias\/wp-json\/wp\/v2\/users\/34"}],"replies":[{"embeddable":true,"href":"https:\/\/fg.ull.es\/noticias\/wp-json\/wp\/v2\/comments?post=55485"}],"version-history":[{"count":3,"href":"https:\/\/fg.ull.es\/noticias\/wp-json\/wp\/v2\/posts\/55485\/revisions"}],"predecessor-version":[{"id":55491,"href":"https:\/\/fg.ull.es\/noticias\/wp-json\/wp\/v2\/posts\/55485\/revisions\/55491"}],"wp:featuredmedia":[{"embeddable":true,"href":"https:\/\/fg.ull.es\/noticias\/wp-json\/wp\/v2\/media\/55486"}],"wp:attachment":[{"href":"https:\/\/fg.ull.es\/noticias\/wp-json\/wp\/v2\/media?parent=55485"}],"wp:term":[{"taxonomy":"category","embeddable":true,"href":"https:\/\/fg.ull.es\/noticias\/wp-json\/wp\/v2\/categories?post=55485"},{"taxonomy":"post_tag","embeddable":true,"href":"https:\/\/fg.ull.es\/noticias\/wp-json\/wp\/v2\/tags?post=55485"}],"curies":[{"name":"wp","href":"https:\/\/api.w.org\/{rel}","templated":true}]}}