{"id":55260,"date":"2024-02-09T13:35:00","date_gmt":"2024-02-09T13:35:00","guid":{"rendered":"https:\/\/fg.ull.es\/noticias\/?p=55260"},"modified":"2024-02-09T13:37:51","modified_gmt":"2024-02-09T13:37:51","slug":"resolucion-provisional-de-adjudicacion-de-becas-universitas-prolingua-para-el-primer-cuatrimestre-2023-2024","status":"publish","type":"post","link":"https:\/\/fg.ull.es\/noticias\/2024\/02\/09\/resolucion-provisional-de-adjudicacion-de-becas-universitas-prolingua-para-el-primer-cuatrimestre-2023-2024\/","title":{"rendered":"Resoluci\u00f3n provisional de adjudicaci\u00f3n de Becas Universitas Prolingua para el primer cuatrimestre 2023\/2024"},"content":{"rendered":"<p>Se hacen p\u00fablicos los listados provisionales <strong>de becas adjudicadas y denegadas<\/strong> para el alumnado del Servicio de Idiomas de la Universidad de La Laguna matriculado durante el primer cuatrimestre del curso 2023\/2024<\/p>\n<ul>\n<li><a href=\"https:\/\/drive.google.com\/file\/d\/1QsDHWjmyJOUdJqLmljwKe-HrMpnagXBJ\/view?usp=sharing\" target=\"_blank\" rel=\"noopener\">Listado provisional de becas concedidas<\/a><\/li>\n<li><a href=\"https:\/\/drive.google.com\/file\/d\/1J5o8sLuzsx7ZrBGvlgUB9GwWCEzSpVHm\/view?usp=sharing\" target=\"_blank\" rel=\"noopener\">Listado provisional de becas denegadas<\/a><\/li>\n<\/ul>\n<p>Se dispone de un plazo de <strong>5 d\u00edas h\u00e1biles<\/strong>, que finaliza el <strong>20 de febrero a las 23:59 horas<\/strong>, para formular alegaciones si consideran indebida la no adjudicaci\u00f3n. \u00c9stas se har\u00e1n, de <u>forma exclusiva por correo electr\u00f3nico<\/u>, enviando el documento de alegaciones cumplimentado a <a href=\"mailto:formacion@fg.ull.es\"><strong>formacion@fg.ull.es<\/strong><\/a><\/p>\n<ul>\n<li>Documento de alegaciones (<a href=\"https:\/\/docs.google.com\/document\/d\/1pGHH66pI4GHtVrqpchTSp_dFAc7AQiCt\/edit?usp=drive_link&amp;ouid=103821116611271165256&amp;rtpof=true&amp;sd=true\" target=\"_blank\" rel=\"noopener\">DOC,<\/a> <a href=\"https:\/\/drive.google.com\/file\/d\/1FHixJ9xMJzcZ784r0u4Sq5iS9Z5OMfY-\/view?usp=drive_link\" target=\"_blank\" rel=\"noopener\">PDF<\/a>, <a href=\"https:\/\/drive.google.com\/file\/d\/1LaNpLiyFPWr0YRYKb1F6D7I6suplXv63\/view?usp=drive_link\" target=\"_blank\" rel=\"noopener\">ODT<\/a>)<\/li>\n<\/ul>\n<p>Finalizado dicho plazo y resueltas las alegaciones presentadas se proceder\u00e1 a publicar los listados definitivos de adjudicaciones de becas.<\/p>\n<p>Para la valoraci\u00f3n de todas y cada una de las solicitudes se ha tomado como fundamento lo especificado en las bases de la <a href=\"https:\/\/fg.ull.es\/noticias\/2023\/12\/12\/convocatoria-de-125-becas-universitas-prolingua-para-el-alumnado-del-servicio-de-idiomas-de-la-universidad-de-la-laguna-matriculado-durante-el-primer-cuatrimestre-del-curso-2023-2024\/\" target=\"_blank\" rel=\"noopener\">convocatoria<\/a>.<\/p>\n","protected":false},"excerpt":{"rendered":"<p>Se hacen p\u00fablicos los listados provisionales de becas adjudicadas y denegadas para el alumnado del Servicio de Idiomas de la Universidad de La Laguna matriculado durante el primer cuatrimestre del curso 2023\/2024 Listado provisional de becas concedidas Listado provisional de becas denegadas Se dispone de un plazo de 5 d\u00edas h\u00e1biles, que finaliza el 20&#8230;<\/p>\n","protected":false},"author":6,"featured_media":0,"comment_status":"closed","ping_status":"closed","sticky":false,"template":"","format":"standard","meta":{"footnotes":""},"categories":[1404,1311,232],"tags":[],"featured_image_thumbnail_url":null,"_links":{"self":[{"href":"https:\/\/fg.ull.es\/noticias\/wp-json\/wp\/v2\/posts\/55260"}],"collection":[{"href":"https:\/\/fg.ull.es\/noticias\/wp-json\/wp\/v2\/posts"}],"about":[{"href":"https:\/\/fg.ull.es\/noticias\/wp-json\/wp\/v2\/types\/post"}],"author":[{"embeddable":true,"href":"https:\/\/fg.ull.es\/noticias\/wp-json\/wp\/v2\/users\/6"}],"replies":[{"embeddable":true,"href":"https:\/\/fg.ull.es\/noticias\/wp-json\/wp\/v2\/comments?post=55260"}],"version-history":[{"count":6,"href":"https:\/\/fg.ull.es\/noticias\/wp-json\/wp\/v2\/posts\/55260\/revisions"}],"predecessor-version":[{"id":55266,"href":"https:\/\/fg.ull.es\/noticias\/wp-json\/wp\/v2\/posts\/55260\/revisions\/55266"}],"wp:attachment":[{"href":"https:\/\/fg.ull.es\/noticias\/wp-json\/wp\/v2\/media?parent=55260"}],"wp:term":[{"taxonomy":"category","embeddable":true,"href":"https:\/\/fg.ull.es\/noticias\/wp-json\/wp\/v2\/categories?post=55260"},{"taxonomy":"post_tag","embeddable":true,"href":"https:\/\/fg.ull.es\/noticias\/wp-json\/wp\/v2\/tags?post=55260"}],"curies":[{"name":"wp","href":"https:\/\/api.w.org\/{rel}","templated":true}]}}