{"id":55220,"date":"2024-02-01T10:01:00","date_gmt":"2024-02-01T10:01:00","guid":{"rendered":"https:\/\/fg.ull.es\/noticias\/?p=55220"},"modified":"2024-02-01T10:10:53","modified_gmt":"2024-02-01T10:10:53","slug":"mas-de-dos-mil-estudiantes-participaran-en-la-decimo-primera-edicion-del-proyecto-educativo-ensenar-para-emprender","status":"publish","type":"post","link":"https:\/\/fg.ull.es\/noticias\/2024\/02\/01\/mas-de-dos-mil-estudiantes-participaran-en-la-decimo-primera-edicion-del-proyecto-educativo-ensenar-para-emprender\/","title":{"rendered":"M\u00e1s de dos mil estudiantes participar\u00e1n en la d\u00e9cimo primera edici\u00f3n del proyecto educativo Ense\u00f1ar para Emprender"},"content":{"rendered":"<h2><span style=\"font-weight: 400\">Ya est\u00e1 en marcha la pr\u00f3xima edici\u00f3n de esta iniciativa que lleva desarroll\u00e1ndose en los centros educativos de la provincia de Santa Cruz de Tenerife desde hace una d\u00e9cada. En esta ocasi\u00f3n, participar\u00e1n 73 centros educativos, 2.500 alumnos y alumnas y 500 profesores y profesoras.<\/span><\/h2>\n<p><span style=\"font-weight: 400\">Ayer, 31 de enero, se presentaron en la Facultad de Econom\u00eda, Empresa y Turismo de la Universidad de La Laguna los resultados de sus diez a\u00f1os de andadura. A lo largo de este tiempo, esta iniciativa ha inculcado la cultura emprendedora y cooperativa a los m\u00e1s j\u00f3venes.\u00a0<\/span><\/p>\n<p><span style=\"font-weight: 400\">\u2018<a href=\"https:\/\/fg.ull.es\/empleo\/ensenar-para-emprender\/\">Ense\u00f1ar para Emprender<\/a>\u2019 es un proyecto ejecutado por la Fundaci\u00f3n General de la instituci\u00f3n universitaria que pone al alumnado en la situaci\u00f3n real de montar una cooperativa, distribuir roles y funciones entre sus miembros, asumir responsabilidades, involucrarse en la creaci\u00f3n de la marca y en la fabricaci\u00f3n del producto, b\u00fasqueda de capital y hasta en la propia gesti\u00f3n de constituci\u00f3n de la entidad, en este caso con el apoyo de los ayuntamientos. Se celebra una feria donde el alumnado vende y difunde sus productos, cuyos beneficios econ\u00f3micos luego revierten en una organizaci\u00f3n no gubernamental, fomentando as\u00ed el esp\u00edritu solidario entre los participantes.<\/span><\/p>\n<p><span style=\"font-weight: 400\">As\u00ed, desde el comienzo del proyecto en 2010 y hasta la actualidad se han creado en la provincia de Santa Cruz de Tenerife un total de 489 cooperativas, en las que han participado un total de 10.285 alumnos y alumnas de todos los niveles educativos, incluyendo Aula Enclave, TVA y FP B\u00e1sica, con la implicaci\u00f3n de 844 docentes y un total de 283 centros educativos,\u00a0 superando as\u00ed todas las expectativas iniciales, indic\u00f3 Julio Brito, director gerente de la Fundaci\u00f3n General en la rueda de prensa celebrada ayer.<\/span><\/p>\n<p><span style=\"font-weight: 400\">Uno de los valores destacados de este programa es el cooperativismo, todos trabajando para un mismo fin. Tambi\u00e9n fue se\u00f1alada la diversidad generacional \u2013ya que participan los padres y madres- as\u00ed como la igualdad de oportunidades, creando espacios igualitarios de cooperaci\u00f3n y preparando a la poblaci\u00f3n joven para asumir valores de transformaci\u00f3n social. Brito explic\u00f3 que la asunci\u00f3n temprana de estas competencias dota al alumnado de una preparaci\u00f3n que redundar\u00e1 en su vida adulta a la hora de desenvolverse profesionalmente.<\/span><\/p>\n<p><span style=\"font-weight: 400\">La viceconsejera de Empleo, Isabel Le\u00f3n, valor\u00f3 la participaci\u00f3n en el proyecto de colectivos m\u00e1s vulnerables y consider\u00f3 que esta simulaci\u00f3n real del emprendimiento va a preparar a sus participantes en los desaf\u00edos econ\u00f3micos y sociales de las pr\u00f3ximas generaciones. Tambi\u00e9n destac\u00f3 la colaboraci\u00f3n p\u00fablico-privada de esta iniciativa.<\/span><\/p>\n<p><span style=\"font-weight: 400\">Por su parte, el rector del centro acad\u00e9mico, Francisco Garc\u00eda, se mostr\u00f3 particularmente satisfecho de los resultados de este proyecto, que vio nacer en sus inicios. De hecho, se\u00f1al\u00f3 que estas semillas de hoy mejorar\u00e1n los datos de emprendimiento de Canarias de los pr\u00f3ximos a\u00f1os. Tambi\u00e9n sostuvo que el \u00e9xito est\u00e1 basado en una \u201cmetodolog\u00eda ejemplar\u201d, basada en aprender haciendo, desde los inicios para crear la cooperativa hasta la generaci\u00f3n de beneficios econ\u00f3micos.<\/span><\/p>\n<p><span style=\"font-weight: 400\">Para el rector, es adem\u00e1s muy pertinente contar con esta actitud emprendedora en todos los \u00e1mbitos laborales, incluso en la Administraci\u00f3n p\u00fablica, se\u00f1al\u00f3, dado que exprime las capacidades individuales y nos hace ser m\u00e1s creativos.<\/span><\/p>\n<p><span style=\"font-weight: 400\">Varios profesores y estudiantes presentes en el acto expusieron su percepci\u00f3n del proyecto. El trabajo en equipo, la ayuda a los dem\u00e1s y el esfuerzo colectivo por conseguir un prop\u00f3sito fueron destacados por los protagonistas de este programa educativo.<\/span><\/p>\n<p><span style=\"font-weight: 400\">\u2018Ense\u00f1ar para Emprender\u2019 cuenta con el apoyo de la Universidad de La Laguna, el Servicio Canario de Empleo, las consejer\u00edas de Educaci\u00f3n y de Turismo y Empleo del Gobierno de Canarias, Cajasiete, Fundaci\u00f3n Dinosol, SatFast y la Sociedad de Desarrollo de Santa Cruz de Tenerife.<\/span><\/p>\n","protected":false},"excerpt":{"rendered":"<p>Ya est\u00e1 en marcha la pr\u00f3xima edici\u00f3n de esta iniciativa que lleva desarroll\u00e1ndose en los centros educativos de la provincia de Santa Cruz de Tenerife desde hace una d\u00e9cada. En esta ocasi\u00f3n, participar\u00e1n 73 centros educativos, 2.500 alumnos y alumnas y 500 profesores y profesoras. Ayer, 31 de enero, se presentaron en la Facultad de&#8230;<\/p>\n","protected":false},"author":34,"featured_media":55221,"comment_status":"closed","ping_status":"closed","sticky":false,"template":"","format":"standard","meta":{"footnotes":""},"categories":[38,1,278,354,1411,4,7],"tags":[1118,37,1465,40,1464],"featured_image_thumbnail_url":"https:\/\/fg.ull.es\/noticias\/wp-content\/uploads\/sites\/2\/2024\/02\/Ensenar-para-Emprender-alumna-300x200.jpg","_links":{"self":[{"href":"https:\/\/fg.ull.es\/noticias\/wp-json\/wp\/v2\/posts\/55220"}],"collection":[{"href":"https:\/\/fg.ull.es\/noticias\/wp-json\/wp\/v2\/posts"}],"about":[{"href":"https:\/\/fg.ull.es\/noticias\/wp-json\/wp\/v2\/types\/post"}],"author":[{"embeddable":true,"href":"https:\/\/fg.ull.es\/noticias\/wp-json\/wp\/v2\/users\/34"}],"replies":[{"embeddable":true,"href":"https:\/\/fg.ull.es\/noticias\/wp-json\/wp\/v2\/comments?post=55220"}],"version-history":[{"count":2,"href":"https:\/\/fg.ull.es\/noticias\/wp-json\/wp\/v2\/posts\/55220\/revisions"}],"predecessor-version":[{"id":55223,"href":"https:\/\/fg.ull.es\/noticias\/wp-json\/wp\/v2\/posts\/55220\/revisions\/55223"}],"wp:featuredmedia":[{"embeddable":true,"href":"https:\/\/fg.ull.es\/noticias\/wp-json\/wp\/v2\/media\/55221"}],"wp:attachment":[{"href":"https:\/\/fg.ull.es\/noticias\/wp-json\/wp\/v2\/media?parent=55220"}],"wp:term":[{"taxonomy":"category","embeddable":true,"href":"https:\/\/fg.ull.es\/noticias\/wp-json\/wp\/v2\/categories?post=55220"},{"taxonomy":"post_tag","embeddable":true,"href":"https:\/\/fg.ull.es\/noticias\/wp-json\/wp\/v2\/tags?post=55220"}],"curies":[{"name":"wp","href":"https:\/\/api.w.org\/{rel}","templated":true}]}}