{"id":55194,"date":"2024-01-29T13:08:08","date_gmt":"2024-01-29T13:08:08","guid":{"rendered":"https:\/\/fg.ull.es\/noticias\/?p=55194"},"modified":"2024-02-01T10:10:37","modified_gmt":"2024-02-01T10:10:37","slug":"el-servicio-de-idiomas-de-la-universidad-de-la-laguna-presenta-su-oferta-del-segundo-cuatrimestre","status":"publish","type":"post","link":"https:\/\/fg.ull.es\/noticias\/2024\/01\/29\/el-servicio-de-idiomas-de-la-universidad-de-la-laguna-presenta-su-oferta-del-segundo-cuatrimestre\/","title":{"rendered":"El Servicio de Idiomas de la Universidad de La Laguna presenta su oferta del segundo cuatrimestre"},"content":{"rendered":"<section class=\"wpb-content-wrapper\"><p>[vc_row][vc_column][vc_column_text]<\/p>\n<h3><b>Estas formaciones se desarrollar\u00e1n entre febrero y junio de 2024, dependiendo del tipo de ense\u00f1anza, lengua y modalidad<\/b><\/h3>\n<p><span style=\"font-weight: 400\">Tras el comienzo del segundo cuatrimestre para toda la comunidad universitaria, el<\/span><a href=\"https:\/\/fg.ull.es\/idiomas\/\"> <b>Servicio de Idiomas de la Universidad de La Laguna<\/b><\/a><span style=\"font-weight: 400\">\u00a0 se embarca en el <\/span><b>inicio de los cursos<\/b><span style=\"font-weight: 400\"> en los <\/span><b>trece idiomas<\/b><span style=\"font-weight: 400\"> de la oferta presente: ingl\u00e9s, \u00e1rabe, alem\u00e1n, chino, franc\u00e9s, griego, italiano, coreano, portugu\u00e9s, japon\u00e9s, ruso, espa\u00f1ol y lengua de signos.\u00a0<\/span><\/p>\n<blockquote>\n<h3><b>Las inscripciones a toda la oferta contin\u00faan abiertas<\/b><\/h3>\n<\/blockquote>\n<p><span style=\"font-weight: 400\">Las personas mayores de 16 a\u00f1os interesadas en aprender idiomas podr\u00e1n inscribirse en estas formaciones que se desarrollar\u00e1n <\/span><b>entre febrero y junio de 2024<\/b><span style=\"font-weight: 400\">, principalmente, variando las fechas y los precios en funci\u00f3n del tipo de formaci\u00f3n y modalidad.<\/span><span style=\"font-weight: 400\"><br \/>\n<\/span><span style=\"font-weight: 400\"><br \/>\n<\/span><span style=\"font-weight: 400\">Una de las principales caracter\u00edsticas de la propuesta educativa del Servicio de Idiomas es la amplitud y la adaptabilidad al alumnado que est\u00e1 empezando a estudiar alguna lengua o que ya tiene cierto nivel. Por ello, se encuentran <\/span><b>diferentes niveles y modalidades (presencial, mixta u online)<\/b><span style=\"font-weight: 400\">, as\u00ed como cursos totalmente online autodirigidos, que se adaptan a las capacidades previas de cada persona.<\/span><\/p>\n<p><span style=\"font-weight: 400\">Tambi\u00e9n existe la posibilidad de acceder a <\/span><a href=\"https:\/\/fg.ull.es\/idiomas\/pruebas-nivel\/\"><b>pruebas de nivel gratuitas<\/b><\/a><span style=\"font-weight: 400\"> que ayudan a encontrar el curso que mejor se adapte a los conocimientos del alumnado.\u00a0<\/span><\/p>\n<p><span style=\"font-weight: 400\">El pago de estas formaciones, adem\u00e1s, puede verse bonificado con <\/span><b>distintos descuentos<\/b><span style=\"font-weight: 400\">: para toda la comunidad universitaria, al antiguo alumnado de la Universidad de La Laguna inscrito en Alumni ULL, demandantes de empleo y personas que hayan cursado m\u00e1s de un curso en el Servicio de Idiomas.\u00a0<\/span><\/p>\n<p><span style=\"font-weight: 400\">Igualmente, en los pr\u00f3ximos meses, se abrir\u00e1 la convocatoria de <\/span><a href=\"https:\/\/fg.ull.es\/idiomas\/becas\/\"><span style=\"font-weight: 400\">becas Prolingua<\/span><\/a><span style=\"font-weight: 400\"> para el segundo cuatrimestre, financiadas por el Cabildo de Tenerife, que reembolsa 150 euros del importe total.<\/span><\/p>\n<h3><b>Cursos y talleres de Idiomas<\/b><\/h3>\n<p><span style=\"font-weight: 400\">Las formaciones del Servicio de Idiomas se dividen por niveles que van desde el \u201cA1\u201d de los principiantes y hasta el \u201cC2\u201d de quienes llegan a dominar la lengua seg\u00fan el MCERL (Marco Com\u00fan Europeo de Referencia para las Lenguas).<\/span>[\/vc_column_text][vc_btn title=&#8221;Cursos de idiomas&#8221; color=&#8221;success&#8221; link=&#8221;url:https%3A%2F%2Ffg.ull.es%2Fidiomas%2Fcursos-de-idiomas-y-certificaciones-online-y-presencial%2F|target:_blank&#8221;][\/vc_column][\/vc_row][vc_row][vc_column][vc_column_text]<\/p>\n<h3><b>Acreditaciones<\/b><\/h3>\n<p><span style=\"font-weight: 400\">Las acreditaciones o certificaciones de nivel tienen como<\/span><span style=\"font-weight: 400\"> fin <\/span><b>reconocer las competencias ling\u00fc\u00edsticas<\/b><span style=\"font-weight: 400\">, evaluando tanto la expresi\u00f3n oral y comprensi\u00f3n auditiva como la expresi\u00f3n escrita y comprensi\u00f3n lectora. <\/span><span style=\"font-weight: 400\">Actualmente, se incluyen los ex\u00e1menes de certificaciones internacionales de <\/span><a href=\"https:\/\/fg.ull.es\/idiomas\/certificacion-oxford-test-of-english\/\"><span style=\"font-weight: 400\">Oxford<\/span><\/a><span style=\"font-weight: 400\">, <\/span><a href=\"https:\/\/fg.ull.es\/idiomas\/certificacion-linguaskill\/\"><span style=\"font-weight: 400\">Linguaskill,<\/span><\/a> <a href=\"https:\/\/fg.ull.es\/idiomas\/certificacion-de-espanol-siele\/\"><span style=\"font-weight: 400\">Siele<\/span><\/a><span style=\"font-weight: 400\">, <\/span><a href=\"https:\/\/fg.ull.es\/idiomas\/certificacion-cils\/\"><span style=\"font-weight: 400\">CILS<\/span><\/a><span style=\"font-weight: 400\">, as\u00ed como sus cursos preparatorios.<\/span>[\/vc_column_text][vc_btn title=&#8221;Acreditaciones&#8221; color=&#8221;success&#8221; link=&#8221;url:https%3A%2F%2Ffg.ull.es%2Fidiomas%2Facreditaciones-de-nivel%2F|target:_blank&#8221;][vc_column_text]<\/p>\n<h3><b>Sesiones y talleres de conversaci\u00f3n<\/b><\/h3>\n<p><strong><span style=\"font-weight: 400\">Tanto <\/span><b>presenciales como online<\/b><span style=\"font-weight: 400\">, estos cursos y sesiones de conversaci\u00f3n se ofertan durante todo el a\u00f1o con el fin de desarrollar desde la pr\u00e1ctica tanto la expresi\u00f3n oral como la comprensi\u00f3n auditiva, as\u00ed como el nivel de fluidez y pronunciaci\u00f3n del idioma. Adem\u00e1s, se pueden adquirir<\/span> <b>bonos de conversaci\u00f3n<\/b><span style=\"font-weight: 400\">, que tienen mayor descuento cuantos m\u00e1s sesiones se adquieran. Se pueden utilizar a lo largo de todo el cuatrimestre, permitiendo acudir a todas las sesiones ofertadas.<\/span><\/strong>[\/vc_column_text][vc_btn title=&#8221;Conversaci\u00f3n&#8221; color=&#8221;success&#8221; link=&#8221;url:https%3A%2F%2Ffg.ull.es%2Fidiomas%2Fsesiones-de-conversacion%2F|target:_blank&#8221;][vc_column_text]<span style=\"font-weight: 400\"><br \/>\nSe puede acceder a la oferta completa y a las caracter\u00edsticas de cada curso, a trav\u00e9s de la <\/span><a href=\"https:\/\/fg.ull.es\/idiomas\/cursos-de-idiomas-y-certificaciones-online-y-presencial\/\"><span style=\"font-weight: 400\">p\u00e1gina web<\/span><\/a><span style=\"font-weight: 400\"> (ull.es\/idiomas).<\/span>[\/vc_column_text][\/vc_column][\/vc_row]<\/p>\n<\/section>","protected":false},"excerpt":{"rendered":"<p>[vc_row][vc_column][vc_column_text] Estas formaciones se desarrollar\u00e1n entre febrero y junio de 2024, dependiendo del tipo de ense\u00f1anza, lengua y modalidad Tras el comienzo del segundo cuatrimestre para toda la comunidad universitaria, el Servicio de Idiomas de la Universidad de La Laguna\u00a0 se embarca en el inicio de los cursos en los trece idiomas de la oferta&#8230;<\/p>\n","protected":false},"author":60,"featured_media":55195,"comment_status":"closed","ping_status":"closed","sticky":false,"template":"","format":"standard","meta":{"footnotes":""},"categories":[1,6,655,4,7],"tags":[1174,1477,11,12,15,1351,20],"featured_image_thumbnail_url":"https:\/\/fg.ull.es\/noticias\/wp-content\/uploads\/sites\/2\/2024\/01\/Noticia-enero-2024_Banner-Evento-ULL-300x148.png","_links":{"self":[{"href":"https:\/\/fg.ull.es\/noticias\/wp-json\/wp\/v2\/posts\/55194"}],"collection":[{"href":"https:\/\/fg.ull.es\/noticias\/wp-json\/wp\/v2\/posts"}],"about":[{"href":"https:\/\/fg.ull.es\/noticias\/wp-json\/wp\/v2\/types\/post"}],"author":[{"embeddable":true,"href":"https:\/\/fg.ull.es\/noticias\/wp-json\/wp\/v2\/users\/60"}],"replies":[{"embeddable":true,"href":"https:\/\/fg.ull.es\/noticias\/wp-json\/wp\/v2\/comments?post=55194"}],"version-history":[{"count":4,"href":"https:\/\/fg.ull.es\/noticias\/wp-json\/wp\/v2\/posts\/55194\/revisions"}],"predecessor-version":[{"id":55210,"href":"https:\/\/fg.ull.es\/noticias\/wp-json\/wp\/v2\/posts\/55194\/revisions\/55210"}],"wp:featuredmedia":[{"embeddable":true,"href":"https:\/\/fg.ull.es\/noticias\/wp-json\/wp\/v2\/media\/55195"}],"wp:attachment":[{"href":"https:\/\/fg.ull.es\/noticias\/wp-json\/wp\/v2\/media?parent=55194"}],"wp:term":[{"taxonomy":"category","embeddable":true,"href":"https:\/\/fg.ull.es\/noticias\/wp-json\/wp\/v2\/categories?post=55194"},{"taxonomy":"post_tag","embeddable":true,"href":"https:\/\/fg.ull.es\/noticias\/wp-json\/wp\/v2\/tags?post=55194"}],"curies":[{"name":"wp","href":"https:\/\/api.w.org\/{rel}","templated":true}]}}