{"id":55101,"date":"2023-12-21T11:57:55","date_gmt":"2023-12-21T11:57:55","guid":{"rendered":"https:\/\/fg.ull.es\/noticias\/?p=55101"},"modified":"2024-05-13T10:26:23","modified_gmt":"2024-05-13T09:26:23","slug":"emprende-ull-tramita-de-forma-gratuita-subvenciones-destinadas-a-la-puesta-en-marcha-de-iniciativas-empresariales","status":"publish","type":"post","link":"https:\/\/fg.ull.es\/noticias\/2023\/12\/21\/emprende-ull-tramita-de-forma-gratuita-subvenciones-destinadas-a-la-puesta-en-marcha-de-iniciativas-empresariales\/","title":{"rendered":"Emprende.ull tramita, de forma gratuita, subvenciones destinadas a la puesta en marcha de iniciativas empresariales"},"content":{"rendered":"<section class=\"wpb-content-wrapper\"><p>[vc_row][vc_column][vc_column_text]<\/p>\n<h4><span style=\"font-weight: 400\">El servicio gratuito de asesoramiento y consolidaci\u00f3n empresarial dirigido a la comunidad emprendedora de la provincia de S\/C de Tenerife, se postula como entidad encargada de tramitar estas ayudas puestas en marcha por el <a href=\"https:\/\/www.tenerife.es\/portalcabtfe\/es\/\"><strong>Cabildo de Tenerife<\/strong><\/a> para iniciar proyectos de emprendimiento.\u00a0 En esta anualidad ha ayudado a conseguir un total de 26 mil euros destinados a iniciativas empresariales.<\/span><\/h4>\n<p><span style=\"font-weight: 400\">El <a href=\"https:\/\/sede.tenerife.es\/es\/tramites-y-servicios\/item\/9401-subvenciones-destinadas-a-la-puesta-en-marcha-de-iniciativas-empresariales-2023\"><strong>Cabildo de Tenerife<\/strong><\/a>, a trav\u00e9s de su sede electr\u00f3nica, <a href=\"https:\/\/sede.tenerife.es\/es\/tramites-y-servicios\/item\/9401-subvenciones-destinadas-a-la-puesta-en-marcha-de-iniciativas-empresariales-2023\"><strong>public\u00f3 esta convocatoria<\/strong><\/a> que consiste en regular la concesi\u00f3n directa de las subvenciones destinadas a facilitar la puesta en marcha de una actividad empresarial por personas trabajadoras por cuenta propia, como aut\u00f3nomas, o conjuntamente con otras personas trabajadoras y que generen empleo en la isla de Tenerife.<\/span><\/p>\n<h3><strong>\u00bfQui\u00e9n ha podido beneficiarse de esta ayuda gracias a Emprende.ull?<\/strong><\/h3>\n<p><span style=\"font-weight: 400\">Las personas f\u00edsicas, jur\u00eddicas, sociedades civiles, comunidades de bienes y agrupaciones de personas que hubieran puesto en marcha una iniciativa empresarial, y en el caso de las sociedades mercantiles, mercantiles especiales, sociedades civiles y comunidades de bienes, aquellas cuyo capital social sea titularidad \u00fanicamente de personas f\u00edsicas, e igualmente, aquellas agrupaciones de personas en que todas ellas sean personas f\u00edsicas y que cumplan los requisitos requisitos establecidos en las bases ya mencionadas. <\/span><\/p>\n<p><span style=\"font-weight: 400\">Para poder optar a dicha ayuda, se di\u00f3 por entendido como puesta en marcha de una actividad econ\u00f3mica por personas trabajadoras por cuenta propia (o aut\u00f3nomas) de forma individual, o de forma colectiva, cuando una persona f\u00edsica o conjunto de personas f\u00edsicas, independientemente de la f\u00f3rmula jur\u00eddica que elijan, constituyan una pyme viable con domicilio social en la isla de Tenerife en los sectores de actividad econ\u00f3mica que se determinaron en estas Bases Reguladoras y que sean generadoras de empleo.<\/span><\/p>\n<p><a href=\"http:\/\/bit.ly\/3JcrLB1\" target=\"_blank\" rel=\"noopener\"><img decoding=\"async\" loading=\"lazy\" class=\"aligncenter wp-image-48770 size-full\" src=\"https:\/\/fg.ull.es\/noticias\/wp-content\/uploads\/sites\/2\/2021\/06\/CTAS_-5-1.jpg\" alt=\"\" width=\"2501\" height=\"855\" srcset=\"https:\/\/fg.ull.es\/noticias\/wp-content\/uploads\/sites\/2\/2021\/06\/CTAS_-5-1.jpg 2501w, https:\/\/fg.ull.es\/noticias\/wp-content\/uploads\/sites\/2\/2021\/06\/CTAS_-5-1-300x103.jpg 300w, https:\/\/fg.ull.es\/noticias\/wp-content\/uploads\/sites\/2\/2021\/06\/CTAS_-5-1-1024x350.jpg 1024w, https:\/\/fg.ull.es\/noticias\/wp-content\/uploads\/sites\/2\/2021\/06\/CTAS_-5-1-768x263.jpg 768w, https:\/\/fg.ull.es\/noticias\/wp-content\/uploads\/sites\/2\/2021\/06\/CTAS_-5-1-1536x525.jpg 1536w, https:\/\/fg.ull.es\/noticias\/wp-content\/uploads\/sites\/2\/2021\/06\/CTAS_-5-1-2048x700.jpg 2048w, https:\/\/fg.ull.es\/noticias\/wp-content\/uploads\/sites\/2\/2021\/06\/CTAS_-5-1-375x128.jpg 375w, https:\/\/fg.ull.es\/noticias\/wp-content\/uploads\/sites\/2\/2021\/06\/CTAS_-5-1-750x256.jpg 750w, https:\/\/fg.ull.es\/noticias\/wp-content\/uploads\/sites\/2\/2021\/06\/CTAS_-5-1-1140x390.jpg 1140w\" sizes=\"(max-width: 2501px) 100vw, 2501px\" \/><\/a><\/p>\n<h3>\u00bfQu\u00e9 se necesita para tramitar de forma gratuita tu subvenci\u00f3n con Emprende.ull?<\/h3>\n<p><span style=\"font-weight: 400\">Anota y prepara la siguiente documentaci\u00f3n. En Emprende.ull <a href=\"https:\/\/fg.ull.es\/gestionaue\/formularios\/index.php\/851944?newtest=Y&amp;lang=es\"><strong>te podr\u00e1n ayudar a preparar la siguiente documentaci\u00f3n para su posterior tramitaci\u00f3n de forma totalmente gratuita<\/strong><\/a>:<\/span><\/p>\n<ul>\n<li style=\"font-weight: 400\"><span style=\"font-weight: 400\">Modelo normalizado de solicitud<\/span><\/li>\n<li style=\"font-weight: 400\"><span style=\"font-weight: 400\">Alta o modificaci\u00f3n de los datos bancarios de terceros<\/span><\/li>\n<li style=\"font-weight: 400\"><span style=\"font-weight: 400\">Declaraci\u00f3n Censal de Comienzo (modelo 036 y\/o 037 seg\u00fan el caso) o equivalente (CIRCE)<\/span><\/li>\n<li style=\"font-weight: 400\"><span style=\"font-weight: 400\">Declaraci\u00f3n censal , modelo 037 de los comuneros.S\u00f3lo en el caso de las Comunidades de Bienes, adem\u00e1s del modelo 036 correspondiente a la entidad, modelo 037 correspondiente a cada uno de las personas integrantes de la Comunidad de Bienes.<\/span><\/li>\n<li style=\"font-weight: 400\"><span style=\"font-weight: 400\">Resoluci\u00f3n alta en el R\u00e9gimen Especial de los Trabajadores Aut\u00f3nomos (RETA)<\/span><\/li>\n<li style=\"font-weight: 400\"><span style=\"font-weight: 400\">Informe de Vida Laboral (del promotor y\/o promotores)<\/span><\/li>\n<li style=\"font-weight: 400\"><span style=\"font-weight: 400\">Memoria del proyecto seg\u00fan Anexo 2<\/span><\/li>\n<li style=\"font-weight: 400\"><span style=\"font-weight: 400\">Compromiso de creaci\u00f3n de empleo (Anexo 3)<\/span><\/li>\n<li style=\"font-weight: 400\"><span style=\"font-weight: 400\">Informe de Vida Laboral de un C\u00f3digo de Cuenta de Cotizaci\u00f3n (referido a la nueva empresa creada). En el que se aprecie el n\u00famero de trabajadores con que cuenta la empresa y la modalidad del contrato practicado en cuanto a duraci\u00f3n temporal y duraci\u00f3n de jornada de trabajo. En caso de compromiso a la creaci\u00f3n de puestos de trabajos en la modalidad de contratos laborales indefinidos y estos ya se han materializado, donde figuren las altas contempladas en el compromiso de creaci\u00f3n de Empleo del Anexo 3.<\/span><\/li>\n<li style=\"font-weight: 400\"><span style=\"font-weight: 400\">Diploma en &#8220;Creaci\u00f3n de Empresas&#8221;<\/span><\/li>\n<li style=\"font-weight: 400\"><span style=\"font-weight: 400\">T\u00edtulo no universitario<\/span><\/li>\n<li style=\"font-weight: 400\"><span style=\"font-weight: 400\">T\u00edtulo universitario<\/span><\/li>\n<li style=\"font-weight: 400\"><span style=\"font-weight: 400\">DNI\/NIE en el caso de persona f\u00edsica y\/o representante legal de la entidad<\/span><\/li>\n<li style=\"font-weight: 400\"><span style=\"font-weight: 400\">N\u00famero de Identificaci\u00f3n Fiscal definitivo. en el caso de Sociedades Civiles, Mercantiles y Mercantiles especiales y Comunidades de bienes<\/span><\/li>\n<li style=\"font-weight: 400\"><span style=\"font-weight: 400\">Acreditaci\u00f3n del cumplimiento de las obligaciones tributarias con la Agencia Estatal de Administraci\u00f3n Tributaria<\/span><\/li>\n<li style=\"font-weight: 400\"><span style=\"font-weight: 400\">Acreditaci\u00f3n del cumplimiento de las obligaciones con la Seguridad Social<\/span><\/li>\n<li style=\"font-weight: 400\"><span style=\"font-weight: 400\">Acreditaci\u00f3n del cumplimiento de las obligaciones tributarias con la Agencia Tributaria Canaria<\/span><\/li>\n<li style=\"font-weight: 400\"><span style=\"font-weight: 400\">Certificado de estar al corriente con el Cabildo de Tenerife<\/span><\/li>\n<li style=\"font-weight: 400\"><span style=\"font-weight: 400\">Impuesto de Actividades Econ\u00f3micas. Certificado de Situaci\u00f3n Censal<\/span><\/li>\n<li style=\"font-weight: 400\"><span style=\"font-weight: 400\">Acreditaci\u00f3n de la representaci\u00f3n. por cualquiera de los siguientes medios: poder notarial, documento del \u00f3rgano directivo de la Entidad que le acredite como representante, declaraci\u00f3n en comparecencia personal del interesado o por cualquier medio v\u00e1lido en derecho que deje constancia fidedigna<\/span><\/li>\n<li style=\"font-weight: 400\"><span style=\"font-weight: 400\">Escritura y\/o acuerdo de constituci\u00f3n. en el caso de Sociedades Civiles, Mercantiles y Mercantiles especiales y Comunidades de bienes<\/span><\/li>\n<li style=\"font-weight: 400\"><span style=\"font-weight: 400\">Estatutos y sus modificaciones. en el caso de Sociedades Civiles, Mercantiles y Mercantiles especiales y Comunidades de bienes<\/span><\/li>\n<li style=\"font-weight: 400\">Anexo 5. Personas promotoras de la iniciativa que adem\u00e1s se\u00f1alan a una de ellas como representante y que autorizan en su caso para intermediar diferentes certificados<\/li>\n<li style=\"font-weight: 400\"><span style=\"font-weight: 400\">Certificado de discapacidad reconocida igual o superior al 33%<\/span><\/li>\n<li style=\"font-weight: 400\">Acreditaci\u00f3n del cumplimiento de informaci\u00f3n y publicidad. Seg\u00fan lo dispuesto en la Base 10.2 y 12.<\/li>\n<\/ul>\n<p><span style=\"font-weight: 400\">Recuerda que en <a href=\"https:\/\/fg.ull.es\/empleo\/emprende-ull\/\"><strong>Emprende.ull<\/strong><\/a> te pueden ayudar, asesorar y acompa\u00f1ar los primeros a\u00f1os de actividad empresarial. De forma gratuita, te ayudan en la tramitaci\u00f3n de esta subvenci\u00f3n disponible para emprendedoras y emprendedores. No lo dudes y pide cita con su equipo de profesionales a trav\u00e9s del siguiente enlace.<\/span>[\/vc_column_text][\/vc_column][\/vc_row][vc_row][vc_column][vc_empty_space][vc_btn title=&#8221;\u00a1Pide cita!&#8221; color=&#8221;violet&#8221; align=&#8221;center&#8221; link=&#8221;url:http%3A%2F%2Fbit.ly%2F3JcrLB1|target:_blank&#8221;][\/vc_column][\/vc_row][vc_row][vc_column][vc_single_image image=&#8221;55110&#8243; add_caption=&#8221;yes&#8221; alignment=&#8221;center&#8221; style=&#8221;vc_box_circle_2&#8243;][\/vc_column][\/vc_row]<\/p>\n<\/section>","protected":false},"excerpt":{"rendered":"<p>[vc_row][vc_column][vc_column_text] El servicio gratuito de asesoramiento y consolidaci\u00f3n empresarial dirigido a la comunidad emprendedora de la provincia de S\/C de Tenerife, se postula como entidad encargada de tramitar estas ayudas puestas en marcha por el Cabildo de Tenerife para iniciar proyectos de emprendimiento.\u00a0 En esta anualidad ha ayudado a conseguir un total de 26 mil&#8230;<\/p>\n","protected":false},"author":10,"featured_media":55109,"comment_status":"closed","ping_status":"closed","sticky":false,"template":"","format":"standard","meta":{"footnotes":""},"categories":[38,374,278],"tags":[271,440],"featured_image_thumbnail_url":"https:\/\/fg.ull.es\/noticias\/wp-content\/uploads\/sites\/2\/2023\/12\/pexels-kindel-media-7688336-300x225.jpg","_links":{"self":[{"href":"https:\/\/fg.ull.es\/noticias\/wp-json\/wp\/v2\/posts\/55101"}],"collection":[{"href":"https:\/\/fg.ull.es\/noticias\/wp-json\/wp\/v2\/posts"}],"about":[{"href":"https:\/\/fg.ull.es\/noticias\/wp-json\/wp\/v2\/types\/post"}],"author":[{"embeddable":true,"href":"https:\/\/fg.ull.es\/noticias\/wp-json\/wp\/v2\/users\/10"}],"replies":[{"embeddable":true,"href":"https:\/\/fg.ull.es\/noticias\/wp-json\/wp\/v2\/comments?post=55101"}],"version-history":[{"count":12,"href":"https:\/\/fg.ull.es\/noticias\/wp-json\/wp\/v2\/posts\/55101\/revisions"}],"predecessor-version":[{"id":55807,"href":"https:\/\/fg.ull.es\/noticias\/wp-json\/wp\/v2\/posts\/55101\/revisions\/55807"}],"wp:featuredmedia":[{"embeddable":true,"href":"https:\/\/fg.ull.es\/noticias\/wp-json\/wp\/v2\/media\/55109"}],"wp:attachment":[{"href":"https:\/\/fg.ull.es\/noticias\/wp-json\/wp\/v2\/media?parent=55101"}],"wp:term":[{"taxonomy":"category","embeddable":true,"href":"https:\/\/fg.ull.es\/noticias\/wp-json\/wp\/v2\/categories?post=55101"},{"taxonomy":"post_tag","embeddable":true,"href":"https:\/\/fg.ull.es\/noticias\/wp-json\/wp\/v2\/tags?post=55101"}],"curies":[{"name":"wp","href":"https:\/\/api.w.org\/{rel}","templated":true}]}}