{"id":55006,"date":"2023-12-14T21:27:53","date_gmt":"2023-12-14T21:27:53","guid":{"rendered":"https:\/\/fg.ull.es\/noticias\/?p=55006"},"modified":"2023-12-14T21:28:46","modified_gmt":"2023-12-14T21:28:46","slug":"la-fgull-participo-en-la-ultima-asamblea-de-la-redfue-por-el-avance-en-las-alianzas-en-formacion-y-empleo-juvenil","status":"publish","type":"post","link":"https:\/\/fg.ull.es\/noticias\/2023\/12\/14\/la-fgull-participo-en-la-ultima-asamblea-de-la-redfue-por-el-avance-en-las-alianzas-en-formacion-y-empleo-juvenil\/","title":{"rendered":"La FGULL particip\u00f3 en la \u00faltima asamblea de la RedFUE por el avance en las alianzas en formaci\u00f3n y empleo juvenil"},"content":{"rendered":"<h3 dir=\"auto\">El gerente de la Fundaci\u00f3n General de la Universidad de La Laguna, Julio Brito, acudi\u00f3 a la 62 Asamblea General de la Red Espa\u00f1ola de Fundaciones Universidad-Empresa (RedFUE), en la que se llegaron a acuerdos para materializar pr\u00f3ximamente el Libro Blanco de las Pr\u00e1cticas y seguir los pasos para la implantaci\u00f3n de microcredenciales<\/h3>\n<p><span style=\"font-weight: 400\">Adem\u00e1s de estrenar un <a href=\"https:\/\/redfue.es\/la-presidenta-de-crue-inaugura-la-62-asamblea-de-la-redfue-e-insiste-en-la-necesidad-de-abrir-mas-puentes-entre-la-universidad-y-la-empresa-a-traves-de-las-fundaciones\/\">nuevo comit\u00e9 ejecutivo<\/a>, al que se incorporan dos vocales a partir de este encuentro, se busca poder seguir trabajando en la cooperaci\u00f3n entre la universidad y la empresa, as\u00ed como con los diferentes agentes y organizaciones sociales que ayudan al alumnado egresado a acceder al mercado laboral. Esta necesidad la ha remarcado Eva Alc\u00f3n, presidenta de la Crue y rectora de la Universitat Jaume I, quien ha inaugurado esta \u00faltima asamblea.<\/span><\/p>\n<p><span style=\"font-weight: 400\">Asimismo, se ha progresado en el trabajo colaborativo que se ven\u00eda desarrollando para mejorar la empleabilidad de los y las j\u00f3venes. Respecto al objetivo de incrementar las fortalezas y visibilidad institucional de la red, se anunci\u00f3 que pronto se presentar\u00e1 el <strong>Libro Blanco de las pr\u00e1cticas acad\u00e9micas<\/strong>. Se trata de un documento marco que sirva de gu\u00eda para los principales agentes implicados en este \u00e1mbito: Administraci\u00f3n P\u00fablica, empresas y entidades, gestores, tutores y estudiantes, desde el consenso y con la participaci\u00f3n de todos ellos.<\/span><\/p>\n<p><span style=\"font-weight: 400\">Fernando Mart\u00ednez, presidente de RedFUE y vicepresidente ejecutivo de Fundaci\u00f3n Universidad-Empresa, subray\u00f3 el trabajo que se est\u00e1 haciendo para la <strong>creaci\u00f3n de microcredenciales universitarias y de Formaci\u00f3n Profesional<\/strong>, con las que dar lugar a los perfiles profesionales que el mundo empresarial necesita y, de esta forma, acompa\u00f1ar a las universidades en el impulso necesario para afrontar un entorno que se encuentra en constante cambio. Fernando Mart\u00ednez asever\u00f3 que \u201cel papel de la red y de las fundaciones universidad-empresa es vital&#8221;, resaltando la necesidad de aliarse como &#8220;\u00fanica voz ante las amenazas que se presentan actualmente\u201d.<\/span><\/p>\n<p><span style=\"font-weight: 400\">El presidente de la Fundaci\u00f3n ADEIT y del Consell Social de la Universitat de Val\u00e8ncia, Vicent Soler, ha subrayado los beneficios del trabajo en red para &#8220;optimizar recursos, generar recursos y realizar un trabajo de mayor calidad e impacto&#8221;.<\/span><\/p>\n","protected":false},"excerpt":{"rendered":"<p>El gerente de la Fundaci\u00f3n General de la Universidad de La Laguna, Julio Brito, acudi\u00f3 a la 62 Asamblea General de la Red Espa\u00f1ola de Fundaciones Universidad-Empresa (RedFUE), en la que se llegaron a acuerdos para materializar pr\u00f3ximamente el Libro Blanco de las Pr\u00e1cticas y seguir los pasos para la implantaci\u00f3n de microcredenciales Adem\u00e1s de&#8230;<\/p>\n","protected":false},"author":60,"featured_media":55052,"comment_status":"closed","ping_status":"closed","sticky":false,"template":"","format":"standard","meta":{"footnotes":""},"categories":[2,655,7],"tags":[1469,567,98,816,12,317,33,1471,671,1470,752,523,17],"featured_image_thumbnail_url":"https:\/\/fg.ull.es\/noticias\/wp-content\/uploads\/sites\/2\/2023\/12\/10-1-300x148.jpg","_links":{"self":[{"href":"https:\/\/fg.ull.es\/noticias\/wp-json\/wp\/v2\/posts\/55006"}],"collection":[{"href":"https:\/\/fg.ull.es\/noticias\/wp-json\/wp\/v2\/posts"}],"about":[{"href":"https:\/\/fg.ull.es\/noticias\/wp-json\/wp\/v2\/types\/post"}],"author":[{"embeddable":true,"href":"https:\/\/fg.ull.es\/noticias\/wp-json\/wp\/v2\/users\/60"}],"replies":[{"embeddable":true,"href":"https:\/\/fg.ull.es\/noticias\/wp-json\/wp\/v2\/comments?post=55006"}],"version-history":[{"count":22,"href":"https:\/\/fg.ull.es\/noticias\/wp-json\/wp\/v2\/posts\/55006\/revisions"}],"predecessor-version":[{"id":55054,"href":"https:\/\/fg.ull.es\/noticias\/wp-json\/wp\/v2\/posts\/55006\/revisions\/55054"}],"wp:featuredmedia":[{"embeddable":true,"href":"https:\/\/fg.ull.es\/noticias\/wp-json\/wp\/v2\/media\/55052"}],"wp:attachment":[{"href":"https:\/\/fg.ull.es\/noticias\/wp-json\/wp\/v2\/media?parent=55006"}],"wp:term":[{"taxonomy":"category","embeddable":true,"href":"https:\/\/fg.ull.es\/noticias\/wp-json\/wp\/v2\/categories?post=55006"},{"taxonomy":"post_tag","embeddable":true,"href":"https:\/\/fg.ull.es\/noticias\/wp-json\/wp\/v2\/tags?post=55006"}],"curies":[{"name":"wp","href":"https:\/\/api.w.org\/{rel}","templated":true}]}}