{"id":54916,"date":"2023-11-28T14:22:01","date_gmt":"2023-11-28T14:22:01","guid":{"rendered":"https:\/\/fg.ull.es\/noticias\/?p=54916"},"modified":"2023-11-28T14:29:52","modified_gmt":"2023-11-28T14:29:52","slug":"actualizacion-listados-en-procesos-selectivos-2023bdb015-2023bdb016-2023bdb018-2023bde069-2023bde075-y-2023bde076-28-11-2023","status":"publish","type":"post","link":"https:\/\/fg.ull.es\/noticias\/2023\/11\/28\/actualizacion-listados-en-procesos-selectivos-2023bdb015-2023bdb016-2023bdb018-2023bde069-2023bde075-y-2023bde076-28-11-2023\/","title":{"rendered":"Actualizaci\u00f3n listados en procesos selectivos: 2023BDB015, 2023BDB016, 2023BDB018, 2023BDE069, 2023BDE074, 2023BDE075 y 2023BDE076 [28\/11\/2023]"},"content":{"rendered":"<section class=\"wpb-content-wrapper\"><p>[vc_row][vc_column][vc_separator][\/vc_column][\/vc_row][vc_row][vc_column][vc_empty_space][vc_message css_animation=&#8221;bounceInDown&#8221;]<span style=\"color: #000080\">Puedes acceder a la convocatoria pinchando encima de ella o busc\u00e1ndola en el buscador.<\/span>[\/vc_message][vc_empty_space][vc_message message_box_color=&#8221;success&#8221; icon_fontawesome=&#8221;fas fa-eye&#8221; css_animation=&#8221;none&#8221;]<span style=\"color: #008000\">En la convocatoria encontrar\u00e1s toda la informaci\u00f3n; el perfil, el listado, el periodo de alegaci\u00f3n asociado, etc\u00e9tera.<\/span>[\/vc_message][vc_empty_space][\/vc_column][\/vc_row][vc_row][vc_column][\/vc_column][\/vc_row][vc_row css_animation=&#8221;fadeIn&#8221; el_id=&#8221;Primer-Listado-1L&#8221;][vc_column][vc_column_text]<\/p>\n<h3>Publicaciones del primer listado de candidaturas admitidas\/excluidas.<\/h3>\n<h5><\/h5>\n<h4><\/h4>\n<p>[\/vc_column_text][vc_separator color=&#8221;black&#8221; border_width=&#8221;2&#8243;][vc_empty_space height=&#8221;15px&#8221;][vc_row_inner el_id=&#8221;Primer-Listado-Provisional(1LP)&#8221;][vc_column_inner][vc_empty_space height=&#8221;10px&#8221;][vc_column_text]<\/p>\n<h4>Primer listado provisional (1LP)<\/h4>\n<ul>\n<li>\n<h5><a href=\"https:\/\/fg.ull.es\/noticias\/2023\/11\/21\/convocatoria-perfil-orientacion-educativa-2023bde075\/\">Convocatoria perfil: Orientaci\u00f3n Educativa (2023BDE075)<\/a><\/h5>\n<\/li>\n<li>\n<h5><a href=\"https:\/\/fg.ull.es\/noticias\/2023\/11\/21\/convocatoria-perfil-tecnologo-a-2023bde076\/\">Convocatoria perfil: Tecn\u00f3logo\/a (2023BDE076)<\/a><\/h5>\n<\/li>\n<\/ul>\n<p>[\/vc_column_text][vc_empty_space height=&#8221;15px&#8221;][\/vc_column_inner][\/vc_row_inner][vc_separator][vc_row_inner el_id=&#8221;Primer-Listado-Definitivo(1LD)&#8221;][vc_column_inner][vc_empty_space height=&#8221;15px&#8221;][vc_column_text]<\/p>\n<h4>Primer listado definitivo (1LD)<\/h4>\n<ul>\n<li>\n<h5><a href=\"https:\/\/fg.ull.es\/noticias\/2023\/11\/09\/convocatoria-a-una-bolsa-de-beca-con-perfil-investigacion-sobre-actividad-funcional-del-cerebro-2023bdb015\/\">Convocatoria bolsa de personas becarias con Perfil: Investigaci\u00f3n sobre actividad funcional del cerebro (2023BDB015)<\/a><\/h5>\n<\/li>\n<li>\n<h5><a href=\"https:\/\/fg.ull.es\/noticias\/2023\/11\/09\/convocatoria-a-una-bolsa-de-beca-con-perfil-educacion-en-matematicas-2023bdb016\/\">Convocatoria bolsa de personas becarias con Perfil: Educaci\u00f3n en matem\u00e1ticas (2023BDB016)<\/a><\/h5>\n<\/li>\n<li>\n<h5><a href=\"https:\/\/fg.ull.es\/noticias\/2023\/11\/09\/convocatoria-bolsa-de-personas-becarias-con-perfil-educacion-primaria-2023bdb018\/\">Convocatoria bolsa de personas becarias con Perfil: Educaci\u00f3n primaria (2023BDB018)<\/a><\/h5>\n<\/li>\n<li>\n<h5><a href=\"https:\/\/fg.ull.es\/noticias\/2023\/11\/13\/convocatoria-perfil-tecnico-administrativo-2023bde074\/\">Convocatoria perfil t\u00e9cnico: Administrativo (2023BDE074)<\/a><\/h5>\n<\/li>\n<\/ul>\n<p>[\/vc_column_text][vc_empty_space][vc_separator][vc_empty_space height=&#8221;15px&#8221;][\/vc_column_inner][\/vc_row_inner][\/vc_column][\/vc_row][vc_row css_animation=&#8221;fadeIn&#8221; el_id=&#8221;Segundo-Listado-2L&#8221;][vc_column][vc_column_text]<\/p>\n<h3>Publicaciones del segundo listado tras la baremaci\u00f3n de m\u00e9ritos objetivos de candidaturas admitidas\/excluidas.<\/h3>\n<h5><\/h5>\n<h4><\/h4>\n<p>[\/vc_column_text][vc_empty_space height=&#8221;15px&#8221;][vc_separator color=&#8221;black&#8221; border_width=&#8221;2&#8243;][vc_row_inner el_id=&#8221;Segundo-Listado-provisional(2LP)&#8221;][vc_column_inner][vc_empty_space height=&#8221;10px&#8221;][vc_column_text]<\/p>\n<h4>Segundo listado provisional (2LP)<\/h4>\n<ul>\n<li>\n<h5><a href=\"https:\/\/fg.ull.es\/noticias\/2023\/11\/09\/convocatoria-a-una-bolsa-de-beca-con-perfil-educacion-en-matematicas-2023bdb016\/\">Convocatoria bolsa de personas becarias con Perfil: Educaci\u00f3n en matem\u00e1ticas (2023BDB016)<\/a><\/h5>\n<\/li>\n<li>\n<h5><a href=\"https:\/\/fg.ull.es\/noticias\/2023\/11\/09\/convocatoria-bolsa-de-personas-becarias-con-perfil-educacion-primaria-2023bdb018\/\">Convocatoria bolsa de personas becarias con Perfil: Educaci\u00f3n primaria (2023BDB018)<\/a><\/h5>\n<\/li>\n<\/ul>\n<h4><\/h4>\n<p>[\/vc_column_text][vc_empty_space][vc_separator][vc_empty_space height=&#8221;15px&#8221;][\/vc_column_inner][\/vc_row_inner][vc_row_inner disable_element=&#8221;yes&#8221; el_id=&#8221;Segundo-Listado-Definitivo(2LD)&#8221;][vc_column_inner][vc_empty_space height=&#8221;15px&#8221;][vc_column_text]<\/p>\n<h4>Segundo listado definitivo (2LD)<\/h4>\n<ul>\n<li>\n<h5>Convocatoria [T\u00edtulo 5]<\/h5>\n<\/li>\n<\/ul>\n<h4><\/h4>\n<p>[\/vc_column_text][vc_empty_space][vc_separator][vc_empty_space height=&#8221;15px&#8221;][\/vc_column_inner][\/vc_row_inner][\/vc_column][\/vc_row][vc_row css_animation=&#8221;fadeIn&#8221; el_id=&#8221;Tercer-Listado-3L&#8221;][vc_column][vc_column_text]<\/p>\n<h3>Publicaciones del <strong>tercer listado <\/strong>de baremaci\u00f3n de la prueba pr\u00e1ctica y entrevista.<\/h3>\n<h5><\/h5>\n<h4><\/h4>\n<p>[\/vc_column_text][vc_empty_space height=&#8221;15px&#8221;][vc_separator color=&#8221;black&#8221; border_width=&#8221;2&#8243;][vc_row_inner disable_element=&#8221;yes&#8221; el_id=&#8221;Tercer-Listado-Provisional-3LD&#8221;][vc_column_inner][vc_empty_space height=&#8221;10px&#8221;][vc_column_text]<\/p>\n<h4>Tercer listado provisional (3LP)<\/h4>\n<ul>\n<li>\n<h5>Convocatoria [T\u00edtulo 5]<\/h5>\n<\/li>\n<\/ul>\n<h4><\/h4>\n<p>[\/vc_column_text][vc_empty_space][vc_separator][\/vc_column_inner][\/vc_row_inner][vc_row_inner el_id=&#8221;Tercer-Listado-Definitivo-3LD&#8221;][vc_column_inner][vc_empty_space height=&#8221;15px&#8221;][vc_column_text]<\/p>\n<h4>Tercer listado definitivo (3LD)<\/h4>\n<ul>\n<li>\n<h5><a href=\"https:\/\/fg.ull.es\/noticias\/2023\/10\/06\/convocatoria-perfil-tecnico-apoyo-al-proyecto-sapa-unidigital-2023bde069\/\">Convocatoria Perfil t\u00e9cnico: Apoyo al proyecto SAPA-UNIDIGITAL (2023BDE069)<\/a><\/h5>\n<\/li>\n<\/ul>\n<h4><\/h4>\n<p>[\/vc_column_text][vc_empty_space][vc_separator][vc_empty_space height=&#8221;15px&#8221;][\/vc_column_inner][\/vc_row_inner][\/vc_column][\/vc_row][vc_row][vc_column][vc_empty_space][\/vc_column][\/vc_row]<\/p>\n<\/section>","protected":false},"excerpt":{"rendered":"<p>[vc_row][vc_column][vc_separator][\/vc_column][\/vc_row][vc_row][vc_column][vc_empty_space][vc_message css_animation=&#8221;bounceInDown&#8221;]Puedes acceder a la convocatoria pinchando encima de ella o busc\u00e1ndola en el buscador.[\/vc_message][vc_empty_space][vc_message message_box_color=&#8221;success&#8221; icon_fontawesome=&#8221;fas fa-eye&#8221; css_animation=&#8221;none&#8221;]En la convocatoria encontrar\u00e1s toda la informaci\u00f3n; el perfil, el listado, el periodo de alegaci\u00f3n asociado, etc\u00e9tera.[\/vc_message][vc_empty_space][\/vc_column][\/vc_row][vc_row][vc_column][\/vc_column][\/vc_row][vc_row css_animation=&#8221;fadeIn&#8221; el_id=&#8221;Primer-Listado-1L&#8221;][vc_column][vc_column_text] Publicaciones del primer listado de candidaturas admitidas\/excluidas. [\/vc_column_text][vc_separator color=&#8221;black&#8221; border_width=&#8221;2&#8243;][vc_empty_space height=&#8221;15px&#8221;][vc_row_inner el_id=&#8221;Primer-Listado-Provisional(1LP)&#8221;][vc_column_inner][vc_empty_space height=&#8221;10px&#8221;][vc_column_text] Primer listado provisional (1LP) Convocatoria&#8230;<\/p>\n","protected":false},"author":48,"featured_media":0,"comment_status":"closed","ping_status":"closed","sticky":false,"template":"","format":"standard","meta":{"footnotes":""},"categories":[1397,1407,1406,1405,52,232],"tags":[],"featured_image_thumbnail_url":null,"_links":{"self":[{"href":"https:\/\/fg.ull.es\/noticias\/wp-json\/wp\/v2\/posts\/54916"}],"collection":[{"href":"https:\/\/fg.ull.es\/noticias\/wp-json\/wp\/v2\/posts"}],"about":[{"href":"https:\/\/fg.ull.es\/noticias\/wp-json\/wp\/v2\/types\/post"}],"author":[{"embeddable":true,"href":"https:\/\/fg.ull.es\/noticias\/wp-json\/wp\/v2\/users\/48"}],"replies":[{"embeddable":true,"href":"https:\/\/fg.ull.es\/noticias\/wp-json\/wp\/v2\/comments?post=54916"}],"version-history":[{"count":3,"href":"https:\/\/fg.ull.es\/noticias\/wp-json\/wp\/v2\/posts\/54916\/revisions"}],"predecessor-version":[{"id":54920,"href":"https:\/\/fg.ull.es\/noticias\/wp-json\/wp\/v2\/posts\/54916\/revisions\/54920"}],"wp:attachment":[{"href":"https:\/\/fg.ull.es\/noticias\/wp-json\/wp\/v2\/media?parent=54916"}],"wp:term":[{"taxonomy":"category","embeddable":true,"href":"https:\/\/fg.ull.es\/noticias\/wp-json\/wp\/v2\/categories?post=54916"},{"taxonomy":"post_tag","embeddable":true,"href":"https:\/\/fg.ull.es\/noticias\/wp-json\/wp\/v2\/tags?post=54916"}],"curies":[{"name":"wp","href":"https:\/\/api.w.org\/{rel}","templated":true}]}}