{"id":54899,"date":"2023-11-28T08:50:55","date_gmt":"2023-11-28T08:50:55","guid":{"rendered":"https:\/\/fg.ull.es\/noticias\/?p=54899"},"modified":"2024-04-22T07:58:28","modified_gmt":"2024-04-22T06:58:28","slug":"el-valor-del-emprendimiento-desde-etapas-tempranas","status":"publish","type":"post","link":"https:\/\/fg.ull.es\/noticias\/2023\/11\/28\/el-valor-del-emprendimiento-desde-etapas-tempranas\/","title":{"rendered":"El valor del emprendimiento desde etapas tempranas"},"content":{"rendered":"<section class=\"wpb-content-wrapper\"><p>[vc_row][vc_column][vc_column_text]<\/p>\n<h4>Existe un elevado potencial de personas emprendedoras en nuestro pa\u00eds, pero es cierto que esa tradici\u00f3n es mucho menor que en otros pa\u00edses, donde la cultura emprendedora se incorpora a las escuelas desde edades tempranas, tanto en infantil como en los primeros a\u00f1os de primaria y secundaria.<\/h4>\n<p><span style=\"font-weight: 400\">Dentro de <a href=\"https:\/\/fg.ull.es\/empleo\/emprende-ull\/\"><strong>nuestro servicio gratuito de asesoramiento y consolidaci\u00f3n empresarial<\/strong><\/a>, vemos sumamente importante despertar la iniciativa emprendedora en el alumnado y que\u00a0 tenga contacto con el emprendimiento desde etapas tempranas a trav\u00e9s de experiencias reales. Fomentar estas iniciativas permite que los m\u00e1s j\u00f3venes adquieran habilidades, tanto en la vida personal, como en el entorno profesional.<\/span><\/p>\n<p><span style=\"font-weight: 400\">La comunidad joven no se plantea emprender hasta que no conocen de cerca el emprendimiento y, es por\u00a0 eso, que hay que darle valor a proyectos como <\/span><a href=\"https:\/\/fg.ull.es\/empleo\/ensenar-para-emprender\/\"><b>\u201cEnse\u00f1ar para Emprender\u201d (EPE)<\/b><\/a><span style=\"font-weight: 400\">, porque son capaces de crear cosas, lograr cambios y que el emprendimiento sea una posibilidad m\u00e1s de empleo. Este tipo de programas no s\u00f3lo se valoran en funci\u00f3n de su objetivo final, sino tambi\u00e9n como una herramienta de aprendizaje que puede complementar de forma \u00f3ptima el curr\u00edculo escolar, a la vez que adquieren competencias y habilidades propias del autoempleo.<\/span><\/p>\n<p><span style=\"font-weight: 400\">Para emprender hace falta pensar que una persona puede tener \u00e9xito. No tener miedo al fracaso, porque esa sensaci\u00f3n pone l\u00edmites y por eso es muy importante desarrollar el talento de sentirse capaz de generar un cambio, ya sea personal, econ\u00f3mico o social.<\/span><\/p>\n<p><span style=\"font-weight: 400\">Cuanto antes aprenda un ni\u00f1o o una ni\u00f1a a adaptarse a las situaciones, ser personas creativas, capaces de iniciar un proyecto propio y gestionarlo, buscar soluciones, gestionar el fracaso, esforzarse, ser\u00e1 m\u00e1s positivo para su desarrollo y crecimiento personal y profesional. Es muy importante aprender a emprender, experimentar habilidades, equivocarse y aprender en primera persona.<\/span><\/p>\n<p><span style=\"font-weight: 400\">El proyecto educativo <\/span><a href=\"https:\/\/fg.ull.es\/empleo\/ensenar-para-emprender\/\"><b>Ense\u00f1ar para Emprender<\/b><\/a><span style=\"font-weight: 400\"> es un proyecto ejecutado por la <strong>Agencia Universitaria de Empleo<\/strong> de la <a href=\"https:\/\/fg.ull.es\/\"><strong>Fundaci\u00f3n General de la Universidad de La Laguna<\/strong><\/a> y financiado por el <a href=\"https:\/\/www.gobiernodecanarias.org\/empleo\/sce\/principal\"><strong>Servicio Canario de Empleo<\/strong><\/a>, entidad dependiente de la Consejer\u00eda de Turismo y Empleo del <a href=\"https:\/\/www.gobiernodecanarias.org\/principal\/\"><strong>Gobierno de Canarias<\/strong><\/a> y con la colaboraci\u00f3n de la <a href=\"https:\/\/www.gobiernodecanarias.org\/educacion\/web\/\"><strong>Consejer\u00eda de Educaci\u00f3n, Formaci\u00f3n Profesional, Actividad F\u00edsica y Deporte<\/strong><\/a>.<\/span><\/p>\n<p><a href=\"http:\/\/bit.ly\/3JcrLB1\" target=\"_blank\" rel=\"noopener\"><img decoding=\"async\" loading=\"lazy\" class=\"aligncenter wp-image-44034 size-full\" src=\"https:\/\/fg.ull.es\/noticias\/wp-content\/uploads\/sites\/2\/2018\/09\/CTAS_-5.jpg\" alt=\"\" width=\"2501\" height=\"855\" srcset=\"https:\/\/fg.ull.es\/noticias\/wp-content\/uploads\/sites\/2\/2018\/09\/CTAS_-5.jpg 2501w, https:\/\/fg.ull.es\/noticias\/wp-content\/uploads\/sites\/2\/2018\/09\/CTAS_-5-300x103.jpg 300w, https:\/\/fg.ull.es\/noticias\/wp-content\/uploads\/sites\/2\/2018\/09\/CTAS_-5-768x263.jpg 768w, https:\/\/fg.ull.es\/noticias\/wp-content\/uploads\/sites\/2\/2018\/09\/CTAS_-5-1024x350.jpg 1024w, https:\/\/fg.ull.es\/noticias\/wp-content\/uploads\/sites\/2\/2018\/09\/CTAS_-5-375x128.jpg 375w, https:\/\/fg.ull.es\/noticias\/wp-content\/uploads\/sites\/2\/2018\/09\/CTAS_-5-750x256.jpg 750w, https:\/\/fg.ull.es\/noticias\/wp-content\/uploads\/sites\/2\/2018\/09\/CTAS_-5-1140x390.jpg 1140w\" sizes=\"(max-width: 2501px) 100vw, 2501px\" \/><\/a><\/p>\n<p>Tiene como finalidad fomentar actitudes y habilidades para el emprendimiento desde edades tempranas <strong>a toda la poblaci\u00f3n educativa desde los niveles de infantil, primaria, secundaria, bachillerato, aulas enclave y FP B\u00e1sica de centros educativos p\u00fablicos y concertados de la provincia de Santa Cruz de Tenerife<\/strong>. Este prop\u00f3sito se lleva a cabo a trav\u00e9s de un programa formativo donde se estimulan las capacidades personales, profesionales y sociales del alumnado, simulando la creaci\u00f3n de cooperativas en las que producen y exponen sus propios productos o servicios en un contexto real, donando parte de los beneficios que se obtienen a una entidad u organizaci\u00f3n sin \u00e1nimo de lucro. Un proyecto educativo<a href=\"https:\/\/fg.ull.es\/noticias\/2023\/10\/31\/comienza-la-xi-edicion-del-proyecto-educativo-ensenar-para-emprender\/\"><strong> que arranc\u00f3 su XI Edici\u00f3n el pasado mes de octubre<\/strong><\/a>.<\/p>\n<p>Buena parte del emprendimiento consiste en reconocer tu situaci\u00f3n, la del mundo que nos rodea y saber elegir el camino adecuado. Tenemos que empezar a ver las cosas desde otra \u00f3ptica y que el emprendimiento debe ser el eje de los programas educativos desde edades tempranas. La clave final est\u00e1 en ser capaces de dise\u00f1ar un modelo de emprendimiento sostenible, comprometido y responsable con la sociedad y el medio ambiente.<\/p>\n<p><span style=\"font-weight: 400\">Recuerda que en nuestro servicio gratuito de asesoramiento y acompa\u00f1amiento empresarial, <a href=\"https:\/\/fg.ull.es\/empleo\/emprende-ull\/\"><strong>Emprende.ull<\/strong><\/a>, disponemos de un equipo multidisciplinar que te ayudar\u00e1 en todo lo necesario para la creaci\u00f3n de tu proyecto emprendedor, la elaboraci\u00f3n de tu Plan de Empresa y Plan Econ\u00f3mico Financiero, la tramitaci\u00f3n de subvenciones disponibles y, de igual forma, la ayuda en la tramitaci\u00f3n de altas de personas aut\u00f3nomas. <a href=\"https:\/\/fg.ull.es\/gestionaue\/formularios\/index.php\/851944?newtest=Y&amp;lang=es\"><strong>\u00a1Desarrolla tu idea de negocio con nuestro equipo de asesoramiento gratuito en creaci\u00f3n y consolidaci\u00f3n de proyectos emprendedores!\u00a0<\/strong><\/a><\/span><\/p>\n<h3>Consulta nuestras \u00faltimas entradas al <a href=\"https:\/\/fg.ull.es\/empleo\/emprende-ull\/\"><strong>#BlogEmprende.ull<\/strong><\/a><\/h3>\n<ul>\n<li><a href=\"https:\/\/fg.ull.es\/noticias\/2018\/03\/06\/10-caracteristicas-del-emprendedor\/\"><strong>Caracter\u00edsticas de la comunidad emprendedora: las 10 claves principales de su \u00e9xito<\/strong><\/a><\/li>\n<li><a href=\"https:\/\/fg.ull.es\/noticias\/2023\/05\/03\/subvencion-para-la-promocion-del-empleo-autonomo-2023\/\"><strong>Subvenci\u00f3n para la Promoci\u00f3n del Empleo Aut\u00f3nomo 2023<\/strong><\/a><\/li>\n<li><a href=\"https:\/\/fg.ull.es\/noticias\/2018\/06\/25\/los-medios-digitales-y-revistas-para-emprendedores-y-emprendedoras-que-debes-consultar-a-diario-para-estar-siempre-al-dia\/\"><strong>Los medios digitales para emprender que debes consultar a diario para estar siempre al d\u00eda<\/strong><\/a><\/li>\n<li><strong><a href=\"https:\/\/fg.ull.es\/noticias\/2018\/06\/15\/claves-y-ventajas-del-networking\/\">\u00bfD\u00f3nde y para qu\u00e9 hacer Networking si vas a emprender?<\/a><\/strong><\/li>\n<li><a href=\"https:\/\/fg.ull.es\/noticias\/2018\/06\/14\/la-importancia-de-promover-la-cultura-emprendedora-en-las-nuevas-generaciones\/\"><strong>La importancia de promover la cultura emprendedora en las nuevas generaciones<\/strong><\/a><\/li>\n<li><a href=\"https:\/\/fg.ull.es\/noticias\/2018\/04\/25\/finanzas-emprendedores-conceptos-cuenta-empezar\/\"><strong>Finanzas para la comunidad emprendedora: conceptos a tener en cuenta antes de empezar<\/strong><\/a><\/li>\n<\/ul>\n<p>[\/vc_column_text][\/vc_column][\/vc_row][vc_row][vc_column][vc_btn title=&#8221;\u00a1Pide cita!&#8221; color=&#8221;violet&#8221; align=&#8221;center&#8221; button_block=&#8221;true&#8221; link=&#8221;url:https%3A%2F%2Ffg.ull.es%2Fgestionaue%2Fformularios%2Findex.php%2F851944%3Fnewtest%3DY%26lang%3Des&#8221;][vc_empty_space][\/vc_column][\/vc_row][vc_row][vc_column][vc_column_text][\/vc_column_text][\/vc_column][\/vc_row][vc_row][vc_column][vc_single_image image=&#8221;54900&#8243; add_caption=&#8221;yes&#8221; alignment=&#8221;center&#8221; style=&#8221;vc_box_circle_2&#8243;][\/vc_column][\/vc_row]<\/p>\n<\/section>","protected":false},"excerpt":{"rendered":"<p>[vc_row][vc_column][vc_column_text] Existe un elevado potencial de personas emprendedoras en nuestro pa\u00eds, pero es cierto que esa tradici\u00f3n es mucho menor que en otros pa\u00edses, donde la cultura emprendedora se incorpora a las escuelas desde edades tempranas, tanto en infantil como en los primeros a\u00f1os de primaria y secundaria. Dentro de nuestro servicio gratuito de asesoramiento&#8230;<\/p>\n","protected":false},"author":10,"featured_media":54902,"comment_status":"closed","ping_status":"closed","sticky":false,"template":"","format":"standard","meta":{"footnotes":""},"categories":[38,374,1411],"tags":[1007,282,63,40],"featured_image_thumbnail_url":"https:\/\/fg.ull.es\/noticias\/wp-content\/uploads\/sites\/2\/2023\/11\/FOTO-EPE-2-300x200.jpg","_links":{"self":[{"href":"https:\/\/fg.ull.es\/noticias\/wp-json\/wp\/v2\/posts\/54899"}],"collection":[{"href":"https:\/\/fg.ull.es\/noticias\/wp-json\/wp\/v2\/posts"}],"about":[{"href":"https:\/\/fg.ull.es\/noticias\/wp-json\/wp\/v2\/types\/post"}],"author":[{"embeddable":true,"href":"https:\/\/fg.ull.es\/noticias\/wp-json\/wp\/v2\/users\/10"}],"replies":[{"embeddable":true,"href":"https:\/\/fg.ull.es\/noticias\/wp-json\/wp\/v2\/comments?post=54899"}],"version-history":[{"count":7,"href":"https:\/\/fg.ull.es\/noticias\/wp-json\/wp\/v2\/posts\/54899\/revisions"}],"predecessor-version":[{"id":55649,"href":"https:\/\/fg.ull.es\/noticias\/wp-json\/wp\/v2\/posts\/54899\/revisions\/55649"}],"wp:featuredmedia":[{"embeddable":true,"href":"https:\/\/fg.ull.es\/noticias\/wp-json\/wp\/v2\/media\/54902"}],"wp:attachment":[{"href":"https:\/\/fg.ull.es\/noticias\/wp-json\/wp\/v2\/media?parent=54899"}],"wp:term":[{"taxonomy":"category","embeddable":true,"href":"https:\/\/fg.ull.es\/noticias\/wp-json\/wp\/v2\/categories?post=54899"},{"taxonomy":"post_tag","embeddable":true,"href":"https:\/\/fg.ull.es\/noticias\/wp-json\/wp\/v2\/tags?post=54899"}],"curies":[{"name":"wp","href":"https:\/\/api.w.org\/{rel}","templated":true}]}}