{"id":54684,"date":"2023-10-24T14:23:43","date_gmt":"2023-10-24T13:23:43","guid":{"rendered":"https:\/\/fg.ull.es\/noticias\/?p=54684"},"modified":"2023-11-06T12:35:11","modified_gmt":"2023-11-06T12:35:11","slug":"labins-ull-pone-en-marcha-un-curso-para-promover-el-conocimiento-del-patrimonio-cultural-inmaterial-en-las-aulas-basado-en-los-principios-de-igualdad-y-diversidad","status":"publish","type":"post","link":"https:\/\/fg.ull.es\/noticias\/2023\/10\/24\/labins-ull-pone-en-marcha-un-curso-para-promover-el-conocimiento-del-patrimonio-cultural-inmaterial-en-las-aulas-basado-en-los-principios-de-igualdad-y-diversidad\/","title":{"rendered":"LabINS ULL pone en marcha un curso para promover el conocimiento del Patrimonio Cultural Inmaterial en las aulas basado en los principios de igualdad y diversidad"},"content":{"rendered":"<section class=\"wpb-content-wrapper\"><p>[vc_row][vc_column][vc_column_text]<a href=\"https:\/\/fg.ull.es\/innovacion\/labins_ull\/\"><b>El Laboratorio de Innovaci\u00f3n Social de la ULL <\/b><\/a><span style=\"font-weight: 400\">ofrece un curso online, en el marco de <a href=\"https:\/\/iguallab.es\/patrimonio\/\">Igual Lab Patrimonio<\/a>, de 30 horas dirigido al profesorado de Educaci\u00f3n Secundaria Obligatoria, dise\u00f1ado para dotar de herramientas en la implementaci\u00f3n de situaciones de aprendizaje en el aula sobre Patrimonio Cultural Inmaterial (PCI).\u00a0<\/span><\/p>\n<p><span style=\"font-weight: 400\">Las responsables de la l\u00ednea de investigaci\u00f3n de Patrimonio, Elisa J. P\u00e9rez Rosales y M\u00f3nica Dios Rodr\u00edguez, presentan esta formaci\u00f3n bajo el t\u00edtulo <\/span><a href=\"https:\/\/docs.google.com\/forms\/d\/1bO4Ryp-NTXSzFS9hODnQd6W2r03JpgILDgnvvOxXPlI\/viewform?edit_requested=true\"><b>&#8220;Asir lo intangible. Conocimiento reflexivo del Patrimonio Cultural Inmaterial desde la igualdad y diversidad&#8221;<\/b><\/a><span style=\"font-weight: 400\"> , el cual tiene como objetivo dotar al profesorado de herramientas clave para abordar el Patrimonio Cultural Inmaterial (PCI) desde un enfoque de g\u00e9nero interseccional.\u00a0<\/span><\/p>\n<p><span style=\"font-weight: 400\">Esta formaci\u00f3n se certificar\u00e1 con un total de 30 horas lectivas. Esta se ha dise\u00f1ado teniendo en cuenta las necesidades espec\u00edficas del profesorado de Educaci\u00f3n Secundaria Obligatoria. <\/span><b><i>Asir lo Intangible<\/i><\/b><span style=\"font-weight: 400\"> propone un espacio de reflexi\u00f3n y di\u00e1logo en la construcci\u00f3n de un paradigma alternativo en relaci\u00f3n a las tradiciones y costumbres de nuestro archipi\u00e9lago.\u00a0<\/span><\/p>\n<p><span style=\"font-weight: 400\">El profesorado que desee participar en este curso podr\u00e1 inscribirse a trav\u00e9s de<\/span><a href=\"https:\/\/docs.google.com\/forms\/d\/1bO4Ryp-NTXSzFS9hODnQd6W2r03JpgILDgnvvOxXPlI\/edit\"><span style=\"font-weight: 400\"> este enlace<\/span><\/a><span style=\"font-weight: 400\"> hasta un m\u00e1ximo de 30 personas. Una vez inscritas 30 personas. A partir de aqu\u00ed, se abrir\u00e1 una lista de reserva.\u00a0<\/span><\/p>\n<h4><b>S\u00edguenos en:<\/b><\/h4>\n<p><span style=\"font-weight: 400\">Web: <\/span><a href=\"https:\/\/iguallab.es\/\"><span style=\"font-weight: 400\">iguallab.es<\/span><\/a><span style=\"font-weight: 400\"> | <\/span><a href=\"https:\/\/fg.ull.es\/innovacion\/labins_ull\/\"><span style=\"font-weight: 400\">labins.es<\/span><\/a><span style=\"font-weight: 400\">\u00a0<\/span><\/p>\n<p><span style=\"font-weight: 400\">Twitter: <\/span><a href=\"https:\/\/twitter.com\/IgualLab\"><span style=\"font-weight: 400\">@IgualLab<\/span><\/a><span style=\"font-weight: 400\"> | l<\/span><a href=\"https:\/\/twitter.com\/LabINS_ULL\"><span style=\"font-weight: 400\">@LabINS_ULL<\/span><\/a><\/p>\n<p><span style=\"font-weight: 400\">Instagram: <\/span><a href=\"https:\/\/www.instagram.com\/iguallab\/\"><span style=\"font-weight: 400\">@iguallab<\/span><\/a><span style=\"font-weight: 400\"> | <\/span><a href=\"https:\/\/www.instagram.com\/labins_ull\/\"><span style=\"font-weight: 400\">@labinsull<\/span><\/a><\/p>\n<p><span style=\"font-weight: 400\">Facebook: <\/span><a href=\"https:\/\/www.facebook.com\/profile.php?id=100069790128412\"><span style=\"font-weight: 400\">Igual Lab<\/span><\/a><span style=\"font-weight: 400\"> | <\/span><a href=\"https:\/\/www.facebook.com\/profile.php?id=100090584146170\"><span style=\"font-weight: 400\">LabINS ULL<\/span><\/a><\/p>\n<p><span style=\"font-weight: 400\">..<\/span><\/p>\n<p><span style=\"font-weight: 400\">El Laboratorio de Investigaci\u00f3n para la Transici\u00f3n Igualitaria de Canarias, Igual Lab, es un espacio de investigaci\u00f3n en el que se trabaja para impulsar la transformaci\u00f3n social en Canarias.<\/span><\/p>\n<p><span style=\"font-weight: 400\">Igual Lab surge gracias al convenio de colaboraci\u00f3n entre el Gobierno de Canarias, a trav\u00e9s de la Viceconsejer\u00eda de Igualdad y Diversidad y la Universidad de La Laguna, a trav\u00e9s del Laboratorio de Innovaci\u00f3n Social de la ULL (LabINS ULL).<\/span>[\/vc_column_text][\/vc_column][\/vc_row]<\/p>\n<\/section>","protected":false},"excerpt":{"rendered":"<p>[vc_row][vc_column][vc_column_text]El Laboratorio de Innovaci\u00f3n Social de la ULL ofrece un curso online, en el marco de Igual Lab Patrimonio, de 30 horas dirigido al profesorado de Educaci\u00f3n Secundaria Obligatoria, dise\u00f1ado para dotar de herramientas en la implementaci\u00f3n de situaciones de aprendizaje en el aula sobre Patrimonio Cultural Inmaterial (PCI).\u00a0 Las responsables de la l\u00ednea de&#8230;<\/p>\n","protected":false},"author":59,"featured_media":54685,"comment_status":"closed","ping_status":"closed","sticky":false,"template":"","format":"standard","meta":{"footnotes":""},"categories":[2,10,1159,177],"tags":[],"featured_image_thumbnail_url":"https:\/\/fg.ull.es\/noticias\/wp-content\/uploads\/sites\/2\/2023\/10\/Cartel-Formacion-UD-Patrimonio-24-10-23-min-212x300.png","_links":{"self":[{"href":"https:\/\/fg.ull.es\/noticias\/wp-json\/wp\/v2\/posts\/54684"}],"collection":[{"href":"https:\/\/fg.ull.es\/noticias\/wp-json\/wp\/v2\/posts"}],"about":[{"href":"https:\/\/fg.ull.es\/noticias\/wp-json\/wp\/v2\/types\/post"}],"author":[{"embeddable":true,"href":"https:\/\/fg.ull.es\/noticias\/wp-json\/wp\/v2\/users\/59"}],"replies":[{"embeddable":true,"href":"https:\/\/fg.ull.es\/noticias\/wp-json\/wp\/v2\/comments?post=54684"}],"version-history":[{"count":3,"href":"https:\/\/fg.ull.es\/noticias\/wp-json\/wp\/v2\/posts\/54684\/revisions"}],"predecessor-version":[{"id":54751,"href":"https:\/\/fg.ull.es\/noticias\/wp-json\/wp\/v2\/posts\/54684\/revisions\/54751"}],"wp:featuredmedia":[{"embeddable":true,"href":"https:\/\/fg.ull.es\/noticias\/wp-json\/wp\/v2\/media\/54685"}],"wp:attachment":[{"href":"https:\/\/fg.ull.es\/noticias\/wp-json\/wp\/v2\/media?parent=54684"}],"wp:term":[{"taxonomy":"category","embeddable":true,"href":"https:\/\/fg.ull.es\/noticias\/wp-json\/wp\/v2\/categories?post=54684"},{"taxonomy":"post_tag","embeddable":true,"href":"https:\/\/fg.ull.es\/noticias\/wp-json\/wp\/v2\/tags?post=54684"}],"curies":[{"name":"wp","href":"https:\/\/api.w.org\/{rel}","templated":true}]}}