{"id":54523,"date":"2023-09-29T14:54:10","date_gmt":"2023-09-29T13:54:10","guid":{"rendered":"https:\/\/fg.ull.es\/noticias\/?p=54523"},"modified":"2023-09-29T15:04:36","modified_gmt":"2023-09-29T14:04:36","slug":"la-agencia-universitaria-de-empleo-de-la-fundacion-continua-con-las-visitas-a-empresas-dentro-del-programa-capacita","status":"publish","type":"post","link":"https:\/\/fg.ull.es\/noticias\/2023\/09\/29\/la-agencia-universitaria-de-empleo-de-la-fundacion-continua-con-las-visitas-a-empresas-dentro-del-programa-capacita\/","title":{"rendered":"La Agencia Universitaria de Empleo de la Fundaci\u00f3n contin\u00faa con las visitas a empresas dentro del programa Capacita"},"content":{"rendered":"<p><span style=\"font-weight: 400\">La Fundaci\u00f3n General de la Universidad de La Laguna, a trav\u00e9s de su Agencia Universitaria de Empleo, est\u00e1 realizando visitas a empresas con las personas participantes en el programa <a href=\"https:\/\/fg.ull.es\/empleo\/capacita\/\"><strong>Capacita<\/strong><\/a>. Estas acciones est\u00e1n encuadradas dentro de la l\u00ednea de actuaci\u00f3n <strong>\u201cProyecta tu futuro<\/strong>\u201d.<\/span><\/p>\n<p><span style=\"font-weight: 400\">Las visitas tienen como objetivo conocer los diferentes enfoques adoptados por las empresas y ofrecer a las personas participantes una informaci\u00f3n m\u00e1s actualizada de los perfiles que se demandan en la actualidad. Tambi\u00e9n se pone el foco en las funciones y tareas que se realizan, c\u00f3mo se desarrolla el desempe\u00f1o de las mismas y conocer qu\u00e9 recursos (instalaciones, maquinaria, programas, etc.) se utilizan.\u00a0<\/span><\/p>\n<p><span style=\"font-weight: 400\">Ayer, 28 de septiembre, un total de 12 personas asistieron a la visita a la empresa Atos. <\/span><span style=\"font-weight: 400\">Tuvieron la oportunidad de conocer la entidad a trav\u00e9s de Alicia Mar\u00eda Saura Sierra, HRBP GDC Canarias; \u00c1ngel Cruz Fern\u00e1ndez, Jefe de Ventas en Espa\u00f1a; Juan Carlos Carabias Fuentes, Director de Recursos Humanos Growing Markets; Carlos von Prabucki, CEO Espa\u00f1a; Alexei Szeplaki, Jefe de Digital Work Place Espa\u00f1a; Edgar Gonz\u00e1lez Seda\u00f1o, HR Recruiter, y de \u00c1lvaro G\u00f3mez Hernando, Campus Recruiter.\u00a0<\/span><\/p>\n<p><span style=\"font-weight: 400\">Adem\u00e1s, pusieron en pr\u00e1ctica una entrevista de trabajo con el personal de Recursos Humanos de la empresa y asistieron a charlas sobre el funcionamiento de la entidad y sus procesos selectivos.<\/span><\/p>\n<p><span style=\"font-weight: 400\">Pr\u00f3ximamente, la Agencia Universitaria de Empleo continuar\u00e1 con sus visitas a empresas de diferentes sectores dentro de las acciones enmarcadas en el proyecto de orientaci\u00f3n, formaci\u00f3n y empleo, <strong><a href=\"https:\/\/fg.ull.es\/empleo\/capacita\/\">Capacita<\/a><\/strong>. Esta iniciativa est\u00e1 financiada por el Cabildo de Tenerife con el objetivo de apoyar actividades en materia de empleo dentro del programa MEDI FDECAN.\u00a0<\/span><\/p>\n","protected":false},"excerpt":{"rendered":"<p>La Fundaci\u00f3n General de la Universidad de La Laguna, a trav\u00e9s de su Agencia Universitaria de Empleo, est\u00e1 realizando visitas a empresas con las personas participantes en el programa Capacita. Estas acciones est\u00e1n encuadradas dentro de la l\u00ednea de actuaci\u00f3n \u201cProyecta tu futuro\u201d. Las visitas tienen como objetivo conocer los diferentes enfoques adoptados por las&#8230;<\/p>\n","protected":false},"author":34,"featured_media":54524,"comment_status":"closed","ping_status":"closed","sticky":false,"template":"","format":"standard","meta":{"footnotes":""},"categories":[38,7],"tags":[],"featured_image_thumbnail_url":"https:\/\/fg.ull.es\/noticias\/wp-content\/uploads\/sites\/2\/2023\/09\/FOTO-NOTICIA-ATOS-1-300x224.jpg","_links":{"self":[{"href":"https:\/\/fg.ull.es\/noticias\/wp-json\/wp\/v2\/posts\/54523"}],"collection":[{"href":"https:\/\/fg.ull.es\/noticias\/wp-json\/wp\/v2\/posts"}],"about":[{"href":"https:\/\/fg.ull.es\/noticias\/wp-json\/wp\/v2\/types\/post"}],"author":[{"embeddable":true,"href":"https:\/\/fg.ull.es\/noticias\/wp-json\/wp\/v2\/users\/34"}],"replies":[{"embeddable":true,"href":"https:\/\/fg.ull.es\/noticias\/wp-json\/wp\/v2\/comments?post=54523"}],"version-history":[{"count":4,"href":"https:\/\/fg.ull.es\/noticias\/wp-json\/wp\/v2\/posts\/54523\/revisions"}],"predecessor-version":[{"id":54528,"href":"https:\/\/fg.ull.es\/noticias\/wp-json\/wp\/v2\/posts\/54523\/revisions\/54528"}],"wp:featuredmedia":[{"embeddable":true,"href":"https:\/\/fg.ull.es\/noticias\/wp-json\/wp\/v2\/media\/54524"}],"wp:attachment":[{"href":"https:\/\/fg.ull.es\/noticias\/wp-json\/wp\/v2\/media?parent=54523"}],"wp:term":[{"taxonomy":"category","embeddable":true,"href":"https:\/\/fg.ull.es\/noticias\/wp-json\/wp\/v2\/categories?post=54523"},{"taxonomy":"post_tag","embeddable":true,"href":"https:\/\/fg.ull.es\/noticias\/wp-json\/wp\/v2\/tags?post=54523"}],"curies":[{"name":"wp","href":"https:\/\/api.w.org\/{rel}","templated":true}]}}